{"id":8761,"date":"2026-03-03T11:28:01","date_gmt":"2026-03-03T14:28:01","guid":{"rendered":"https:\/\/noticiarioregional.com.br\/?p=8761"},"modified":"2026-03-03T11:28:02","modified_gmt":"2026-03-03T14:28:02","slug":"2025-fecha-com-superavit-de-r-77-milhoes-e-crescimento-recorde-nas-receitas","status":"publish","type":"post","link":"https:\/\/noticiarioregional.com.br\/?p=8761","title":{"rendered":"2025 fecha com super\u00e1vit de R$ 7,7 milh\u00f5es e crescimento recorde nas receitas"},"content":{"rendered":"\n<p class=\"has-text-align-center has-larger-font-size\"><strong>\u201cMonda\u00ed firme e forte\u201d<\/strong><\/p>\n\n\n\n<p><strong>Monda\u00ed &#8211;<\/strong> Na segunda-feira, 23, foi realizada na C\u00e2mara de Vereadores a audi\u00eancia p\u00fablica de presta\u00e7\u00e3o de contas do 3\u00ba quadrimestre de 2025. A apresenta\u00e7\u00e3o dos dados foi conduzida pelo alista de controle interno, Lucas Eduardo Tonezer.<\/p>\n\n\n\n<p>De forma consolidada, a receita or\u00e7ament\u00e1ria de 2025 totalizou R$ 94.114.436,08. A m\u00e9dia mensal de arrecada\u00e7\u00e3o foi de R$ 7.842.000,00. Segundo o analista, o munic\u00edpio vem apresentando crescimento cont\u00ednuo desde 2021, mas 2025 registrou o maior salto da s\u00e9rie hist\u00f3rica recente, com aumento de aproximadamente R$ 14 milh\u00f5es em receitas, em rela\u00e7\u00e3o ao exerc\u00edcio anterior. Do total arrecadado, destacam-se:<\/p>\n\n\n\n<ul class=\"wp-block-list\">\n<li><strong>Receita tribut\u00e1ria:<\/strong> R$ 14,5 milh\u00f5es<\/li>\n\n\n\n<li><strong>Receita patrimonial:<\/strong> R$ 2,8 milh\u00f5es<\/li>\n\n\n\n<li><strong>Transfer\u00eancias correntes<\/strong>: R$ 76 milh\u00f5es<\/li>\n\n\n\n<li><strong>Transfer\u00eancias de capital:<\/strong> R$ 8,379 milh\u00f5es<\/li>\n\n\n\n<li><strong>Aliena\u00e7\u00e3o de bens (leil\u00e3o realizado no ano anterior):<\/strong> R$ 799.125,00<\/li>\n<\/ul>\n\n\n\n<p>A previs\u00e3o inicial de arrecada\u00e7\u00e3o era de R$ 70,1 milh\u00f5es. No entanto, o valor efetivamente arrecadado superou a estimativa em cerca de R$ 24 milh\u00f5es, refor\u00e7ando o cen\u00e1rio de equil\u00edbrio financeiro. As despesas empenhadas at\u00e9 o terceiro quadrimestre somaram R$ 86.346.265,51, enquanto as liquidadas atingiram cerca de R$ 80 milh\u00f5es. A m\u00e9dia mensal de despesas empenhadas foi de R$ 7.195.000,00 e de liquidadas R$ 6.686.000,00. Entre as \u00e1reas com maior volume de investimentos est\u00e3o:<\/p>\n\n\n\n<ul class=\"wp-block-list\">\n<li><strong>Secretaria de Obras e Transportes: <\/strong>R$ 16 milh\u00f5es<\/li>\n\n\n\n<li><strong>Fundo Municipal de Sa\u00fade:<\/strong> R$ 21.424.000,00<\/li>\n\n\n\n<li><strong>Fundo Municipal de Educa\u00e7\u00e3o:<\/strong> R$ 21.562.000,00<\/li>\n\n\n\n<li><strong>Gabinete do Prefeito:<\/strong> R$ 2.405.000,00<\/li>\n\n\n\n<li><strong>C\u00e2mara de Vereadores:<\/strong> R$ 1.577.000,00<\/li>\n<\/ul>\n\n\n\n<p>O exerc\u00edcio apresentou super\u00e1vit or\u00e7ament\u00e1rio de R$ 7.768.000,00, resultado da diferen\u00e7a entre a receita de R$ 94 milh\u00f5es e a despesa de R$ 86 milh\u00f5es. Al\u00e9m disso, o munic\u00edpio encerrou o per\u00edodo com super\u00e1vit financeiro acumulado de aproximadamente R$ 25 milh\u00f5es, demonstrando situa\u00e7\u00e3o considerada confort\u00e1vel pela equipe t\u00e9cnica.<\/p>\n\n\n\n<p>Na \u00e1rea da sa\u00fade, o munic\u00edpio aplicou R$ 12.401.000,00 em a\u00e7\u00f5es e servi\u00e7os p\u00fablicos, superando o m\u00ednimo constitucional de R$ 9.543.000,00. O \u00edndice final ficou em 19,49%, acima dos 15% exigidos pela Constitui\u00e7\u00e3o Federal.<\/p>\n\n\n\n<p>Na educa\u00e7\u00e3o, o \u00edndice consolidado fechou em 25,76%, superando o m\u00ednimo constitucional de 25%. Foram aplicados R$ 17.018.000,00, cerca de R$ 501 mil acima do m\u00ednimo obrigat\u00f3rio.<\/p>\n\n\n\n<p>As despesas com pessoal do Poder Executivo atingiram 39,60% da Receita Corrente L\u00edquida, bem abaixo do limite m\u00e1ximo de 54% e do limite prudencial de 51,30%. Nos \u00faltimos 12 meses, a despesa l\u00edquida com pessoal foi de R$ 32 milh\u00f5es, enquanto o teto permitido seria de R$ 43 milh\u00f5es.<\/p>\n\n\n\n<p>No Legislativo, o percentual ficou em apenas 1,27%, correspondente a R$ 1.034.274,42, muito abaixo do limite de 6%. Consolidando Executivo e Legislativo, o \u00edndice total de despesas com pessoal ficou em 40,87%.<\/p>\n\n\n\n<p><\/p>\n","protected":false},"excerpt":{"rendered":"<p>\u201cMonda\u00ed firme e forte\u201d Monda\u00ed &#8211; Na segunda-feira, 23, foi realizada na C\u00e2mara de Vereadores a audi\u00eancia p\u00fablica de presta\u00e7\u00e3o de contas do 3\u00ba quadrimestre de 2025. A apresenta\u00e7\u00e3o dos dados foi conduzida pelo alista de controle interno, Lucas Eduardo Tonezer. De forma consolidada, a receita or\u00e7ament\u00e1ria de 2025 totalizou R$ 94.114.436,08. A m\u00e9dia mensal<\/p>\n","protected":false},"author":1,"featured_media":8763,"comment_status":"open","ping_status":"open","sticky":false,"template":"","format":"standard","meta":{"footnotes":""},"categories":[41],"tags":[],"class_list":{"0":"post-8761","1":"post","2":"type-post","3":"status-publish","4":"format-standard","5":"has-post-thumbnail","7":"category-noticias"},"_links":{"self":[{"href":"https:\/\/noticiarioregional.com.br\/index.php?rest_route=\/wp\/v2\/posts\/8761","targetHints":{"allow":["GET"]}}],"collection":[{"href":"https:\/\/noticiarioregional.com.br\/index.php?rest_route=\/wp\/v2\/posts"}],"about":[{"href":"https:\/\/noticiarioregional.com.br\/index.php?rest_route=\/wp\/v2\/types\/post"}],"author":[{"embeddable":true,"href":"https:\/\/noticiarioregional.com.br\/index.php?rest_route=\/wp\/v2\/users\/1"}],"replies":[{"embeddable":true,"href":"https:\/\/noticiarioregional.com.br\/index.php?rest_route=%2Fwp%2Fv2%2Fcomments&post=8761"}],"version-history":[{"count":1,"href":"https:\/\/noticiarioregional.com.br\/index.php?rest_route=\/wp\/v2\/posts\/8761\/revisions"}],"predecessor-version":[{"id":8764,"href":"https:\/\/noticiarioregional.com.br\/index.php?rest_route=\/wp\/v2\/posts\/8761\/revisions\/8764"}],"wp:featuredmedia":[{"embeddable":true,"href":"https:\/\/noticiarioregional.com.br\/index.php?rest_route=\/wp\/v2\/media\/8763"}],"wp:attachment":[{"href":"https:\/\/noticiarioregional.com.br\/index.php?rest_route=%2Fwp%2Fv2%2Fmedia&parent=8761"}],"wp:term":[{"taxonomy":"category","embeddable":true,"href":"https:\/\/noticiarioregional.com.br\/index.php?rest_route=%2Fwp%2Fv2%2Fcategories&post=8761"},{"taxonomy":"post_tag","embeddable":true,"href":"https:\/\/noticiarioregional.com.br\/index.php?rest_route=%2Fwp%2Fv2%2Ftags&post=8761"}],"curies":[{"name":"wp","href":"https:\/\/api.w.org\/{rel}","templated":true}]}}