{"id":8765,"date":"2026-03-03T11:30:21","date_gmt":"2026-03-03T14:30:21","guid":{"rendered":"https:\/\/noticiarioregional.com.br\/?p=8765"},"modified":"2026-03-03T11:30:22","modified_gmt":"2026-03-03T14:30:22","slug":"caibi-avanca-na-instalacao-de-incubadora-industrial-e-12-moradias-do-casa-catarina","status":"publish","type":"post","link":"https:\/\/noticiarioregional.com.br\/?p=8765","title":{"rendered":"Caibi avan\u00e7a na instala\u00e7\u00e3o de Incubadora Industrial e 12 moradias do Casa Catarina"},"content":{"rendered":"\n<p><strong>Caibi &#8211;<\/strong> O munic\u00edpio vive um momento de conquistas estruturais, com a execu\u00e7\u00e3o de duas obras estrat\u00e9gicas viabilizadas por meio de recursos do Governo do Estado de Santa Catarina e contrapartida da Administra\u00e7\u00e3o Municipal. As informa\u00e7\u00f5es s\u00e3o do vice-prefeito Leonardo Gallon, que destacou o impacto positivo dos investimentos para o desenvolvimento econ\u00f4mico e social do munic\u00edpio.<\/p>\n\n\n\n<p>Na \u00e1rea industrial localizada na Linha Ros\u00e1rio, Caibi avan\u00e7a na implanta\u00e7\u00e3o de uma incubadora de empresas, projeto que promete transformar o cen\u00e1rio do empreendedorismo local. A primeira etapa da obra j\u00e1 foi conclu\u00edda, com investimento de R$ 500 mil.<\/p>\n\n\n\n<p>Al\u00e9m disso, uma excelente not\u00edcia refor\u00e7a o avan\u00e7o do projeto: j\u00e1 foi publicada a portaria garantindo mais R$ 1 milh\u00e3o em recursos provenientes do Governo do Estado. O novo aporte permitir\u00e1 a continuidade e amplia\u00e7\u00e3o da estrutura, consolidando o espa\u00e7o como um polo de incentivo ao desenvolvimento econ\u00f4mico. \u201c<em>Fico feliz em poder contribuir na busca de recursos para ajudar o nosso munic\u00edpio de Caibi. Esta n\u00e3o \u00e9 uma simples obra. Aqui nesse espa\u00e7o, o sonho de ser empreendedor se torna realidade<\/em>\u201d, afirmou Gallon.<\/p>\n\n\n\n<p>A incubadora industrial ter\u00e1 capacidade para abrigar at\u00e9 dez pequenas empresas, oferecendo suporte e infraestrutura adequada para que novos empreendedores possam iniciar ou expandir suas atividades com mais seguran\u00e7a e planejamento. A iniciativa deve gerar emprego, renda e fortalecer a economia local. O vice-prefeito fez um agradecimento especial ao governador Jorginho Mello e a toda a equipe do Governo do Estado pelo empenho e dedica\u00e7\u00e3o com Caibi.<\/p>\n\n\n\n<p>Outra obra em andamento no munic\u00edpio \u00e9 a constru\u00e7\u00e3o de 12 novas casas populares por meio do Programa Casa Catarina, iniciativa do Governo de Santa Catarina que visa garantir moradia digna \u00e0s fam\u00edlias de baixa renda. Caibi foi o primeiro munic\u00edpio catarinense a assinar o conv\u00eanio do, o que garantiu agilidade no in\u00edcio das obras.<\/p>\n\n\n\n<figure class=\"wp-block-image size-large\"><img fetchpriority=\"high\" decoding=\"async\" width=\"1024\" height=\"683\" src=\"http:\/\/noticiarioregional.com.br\/wp-content\/uploads\/2026\/03\/Vice-prefeito-em-visita-a-obra-da-Incubadora-de-Empresas-1024x683.jpg\" alt=\"\" class=\"wp-image-8767\" srcset=\"https:\/\/noticiarioregional.com.br\/wp-content\/uploads\/2026\/03\/Vice-prefeito-em-visita-a-obra-da-Incubadora-de-Empresas-1024x683.jpg 1024w, https:\/\/noticiarioregional.com.br\/wp-content\/uploads\/2026\/03\/Vice-prefeito-em-visita-a-obra-da-Incubadora-de-Empresas-300x200.jpg 300w, https:\/\/noticiarioregional.com.br\/wp-content\/uploads\/2026\/03\/Vice-prefeito-em-visita-a-obra-da-Incubadora-de-Empresas-768x512.jpg 768w, https:\/\/noticiarioregional.com.br\/wp-content\/uploads\/2026\/03\/Vice-prefeito-em-visita-a-obra-da-Incubadora-de-Empresas-1536x1024.jpg 1536w, https:\/\/noticiarioregional.com.br\/wp-content\/uploads\/2026\/03\/Vice-prefeito-em-visita-a-obra-da-Incubadora-de-Empresas-2048x1365.jpg 2048w, https:\/\/noticiarioregional.com.br\/wp-content\/uploads\/2026\/03\/Vice-prefeito-em-visita-a-obra-da-Incubadora-de-Empresas-150x100.jpg 150w, https:\/\/noticiarioregional.com.br\/wp-content\/uploads\/2026\/03\/Vice-prefeito-em-visita-a-obra-da-Incubadora-de-Empresas-450x300.jpg 450w, https:\/\/noticiarioregional.com.br\/wp-content\/uploads\/2026\/03\/Vice-prefeito-em-visita-a-obra-da-Incubadora-de-Empresas-1200x800.jpg 1200w\" sizes=\"(max-width: 1024px) 100vw, 1024px\" \/><\/figure>\n\n\n\n<p>As constru\u00e7\u00f5es est\u00e3o sendo realizadas no Loteamento Vida Nova, em uma \u00e1rea planejada e pr\u00f3xima a espa\u00e7o verde. O investimento total \u00e9 de R$ 1,14 milh\u00e3o, com valor m\u00e9dio aproximado de R$ 95 mil por unidade habitacional. Cada casa ser\u00e1 edificada em lote de cerca de 200 metros quadrados, todos lado a lado.<\/p>\n\n\n\n<p>A Administra\u00e7\u00e3o Municipal acompanha de perto cada etapa do processo, com previs\u00e3o de conclus\u00e3o das obras para o m\u00eas de junho. Os projetos de infraestrutura \u2014 como instala\u00e7\u00e3o de luz, \u00e1gua, cal\u00e7amento e pavimenta\u00e7\u00e3o \u2014 j\u00e1 est\u00e3o em fase final.<\/p>\n\n\n\n<p>O terreno onde as casas est\u00e3o sendo constru\u00eddas foi disponibilizado pela Prefeitura de Caibi como contrapartida ao programa estadual. Essa parceria reduz significativamente o custo final das moradias para as fam\u00edlias beneficiadas.<\/p>\n\n\n\n<p>As casas ser\u00e3o destinadas a fam\u00edlias com renda de at\u00e9 dois sal\u00e1rios m\u00ednimos. O modelo adotado prev\u00ea contrato inicial em regime de comodato: a moradia n\u00e3o \u00e9 doada imediatamente. A fam\u00edlia contemplada dever\u00e1 residir no im\u00f3vel por dez anos para receber a escritura definitiva. Caso deixe o im\u00f3vel antes desse prazo, perde o direito \u00e0 moradia, que ser\u00e1 destinada a outra fam\u00edlia conforme os crit\u00e9rios de classifica\u00e7\u00e3o do programa. Ap\u00f3s o per\u00edodo de dez anos, a fam\u00edlia conquista a posse definitiva da resid\u00eancia.<\/p>\n\n\n\n<p>A sele\u00e7\u00e3o das fam\u00edlias ser\u00e1 realizada pelo munic\u00edpio, seguindo as diretrizes estabelecidas pelo Governo do Estado, com possibilidade de adequa\u00e7\u00f5es conforme a realidade local.<\/p>\n","protected":false},"excerpt":{"rendered":"<p>Caibi &#8211; O munic\u00edpio vive um momento de conquistas estruturais, com a execu\u00e7\u00e3o de duas obras estrat\u00e9gicas viabilizadas por meio de recursos do Governo do Estado de Santa Catarina e contrapartida da Administra\u00e7\u00e3o Municipal. As informa\u00e7\u00f5es s\u00e3o do vice-prefeito Leonardo Gallon, que destacou o impacto positivo dos investimentos para o desenvolvimento econ\u00f4mico e social do<\/p>\n","protected":false},"author":1,"featured_media":8766,"comment_status":"open","ping_status":"open","sticky":false,"template":"","format":"standard","meta":{"footnotes":""},"categories":[41],"tags":[],"class_list":{"0":"post-8765","1":"post","2":"type-post","3":"status-publish","4":"format-standard","5":"has-post-thumbnail","7":"category-noticias"},"_links":{"self":[{"href":"https:\/\/noticiarioregional.com.br\/index.php?rest_route=\/wp\/v2\/posts\/8765","targetHints":{"allow":["GET"]}}],"collection":[{"href":"https:\/\/noticiarioregional.com.br\/index.php?rest_route=\/wp\/v2\/posts"}],"about":[{"href":"https:\/\/noticiarioregional.com.br\/index.php?rest_route=\/wp\/v2\/types\/post"}],"author":[{"embeddable":true,"href":"https:\/\/noticiarioregional.com.br\/index.php?rest_route=\/wp\/v2\/users\/1"}],"replies":[{"embeddable":true,"href":"https:\/\/noticiarioregional.com.br\/index.php?rest_route=%2Fwp%2Fv2%2Fcomments&post=8765"}],"version-history":[{"count":1,"href":"https:\/\/noticiarioregional.com.br\/index.php?rest_route=\/wp\/v2\/posts\/8765\/revisions"}],"predecessor-version":[{"id":8768,"href":"https:\/\/noticiarioregional.com.br\/index.php?rest_route=\/wp\/v2\/posts\/8765\/revisions\/8768"}],"wp:featuredmedia":[{"embeddable":true,"href":"https:\/\/noticiarioregional.com.br\/index.php?rest_route=\/wp\/v2\/media\/8766"}],"wp:attachment":[{"href":"https:\/\/noticiarioregional.com.br\/index.php?rest_route=%2Fwp%2Fv2%2Fmedia&parent=8765"}],"wp:term":[{"taxonomy":"category","embeddable":true,"href":"https:\/\/noticiarioregional.com.br\/index.php?rest_route=%2Fwp%2Fv2%2Fcategories&post=8765"},{"taxonomy":"post_tag","embeddable":true,"href":"https:\/\/noticiarioregional.com.br\/index.php?rest_route=%2Fwp%2Fv2%2Ftags&post=8765"}],"curies":[{"name":"wp","href":"https:\/\/api.w.org\/{rel}","templated":true}]}}