{"id":8777,"date":"2026-03-06T11:13:53","date_gmt":"2026-03-06T14:13:53","guid":{"rendered":"https:\/\/noticiarioregional.com.br\/?p=8777"},"modified":"2026-03-06T11:13:55","modified_gmt":"2026-03-06T14:13:55","slug":"saude-fara-gestao-do-banco-de-horas-e-ferias-dos-servidores-para-evitar-acumulos-de-folgas-e-trabalhos","status":"publish","type":"post","link":"https:\/\/noticiarioregional.com.br\/?p=8777","title":{"rendered":"Sa\u00fade far\u00e1 gest\u00e3o do banco de horas e f\u00e9rias dos servidores para evitar ac\u00famulos de folgas e trabalhos"},"content":{"rendered":"\n<p><strong>S\u00e3o Jo\u00e3o do Oeste \u2013 <\/strong>A partir de uma dificuldade que a nova gest\u00e3o da secretaria de Sa\u00fade percebeu ao chegar no final de 2025, primeiro ano da nova administra\u00e7\u00e3o, foram definidas algumas altera\u00e7\u00f5es na gest\u00e3o de f\u00e9rias e banco de horas dos servidores do setor. Em dezembro, a secret\u00e1ria de Sa\u00fade, Cleide Wirth e o diretor da Sa\u00fade, El\u00f3i Weber, tiveram dificuldade em manter uma equipe m\u00ednima atendendo nos dois ESFs, por conta de que boa parte dos servidores estava de f\u00e9rias e usufruindo do direito de folga devido as horas trabalhadas a mais durante o ano.<\/p>\n\n\n\n<p>Cleide afirma que isso gerou desgaste aos servidores, pois com a falta de alguns profissionais, outros precisaram realizar uma carga de trabalho maior. Para evitar que isso se repita, podendo tamb\u00e9m gerar transtorno no atendimento aos pacientes, a partir deste ano a secret\u00e1ria ressalta que ser\u00e1 feita a gest\u00e3o pontual das horas adicionais de trabalho, avaliando se a hora extra se faz necess\u00e1ria para aquele dia, ou a tarefa pode ser executada no dia seguinte. Comenta que essa valida\u00e7\u00e3o ser\u00e1 feita pela secret\u00e1ria ou pelo diretor, com justificativa do profissional, do porqu\u00ea precisa cumprir hora extra.<\/p>\n\n\n\n<p>Conforme a secret\u00e1ria, alguns atendimentos naturalmente acontecem fora do hor\u00e1rio de expediente, como profissionais que acompanham pacientes que est\u00e3o no ambulat\u00f3rio, ou as campanhas de vacina\u00e7\u00e3o, de combate \u00e0 dengue, entre outras a\u00e7\u00f5es. Para a melhor gest\u00e3o do banco de horas, Cleide esclarece que a cada dois meses o servidor que tiver direito poder\u00e1 usufruir da sua folga, para evitar que estas horas se acumulem no final do ano. Lembra que todas estas informa\u00e7\u00f5es foram compartilhadas e discutidas com os servidores, e a gest\u00e3o teve o apoio da equipe de profissionais, pois eles pr\u00f3prios relataram que o ac\u00famulo de trabalho gera desgaste.<\/p>\n\n\n\n<p><em>\u201cA Unidade B\u00e1sica de Sa\u00fade de S\u00e3o Jo\u00e3o do Oeste est\u00e1 tendo a empatia com o paciente. Ainda vamos melhorar, e para isso, as a\u00e7\u00f5es est\u00e3o acontecendo. Temos uma equipe de profissionais excelentes, e sempre priorizamos que construam uma conex\u00e3o com o paciente, atendendo com empatia e entendendo cada caso individualmente. No in\u00edcio de janeiro repassamos a todos os servidores o cronograma de reuni\u00f5es mensais. Esse momento \u00e9 importante para nos aprimorarmos e capacitarmos, e assim, melhorar o atendimento aos nossos pacientes\u201d<\/em>, enfatiza a secret\u00e1ria Cleide.<\/p>\n\n\n\n<p>A secret\u00e1ria complementa que os profissionais de sa\u00fade j\u00e1 t\u00eam a ess\u00eancia do cuidado, o compromisso e o comprometimento com as pessoas e o conhecimento t\u00e9cnico necess\u00e1rio para fazer a diferen\u00e7a. E o que de fato cabe \u00e0 gest\u00e3o \u00e9 instigar, apoiar e apresentar inova\u00e7\u00f5es que fortale\u00e7am a sa\u00fade do munic\u00edpio. <em>\u201cQuando a gest\u00e3o provoca o movimento e oferece suporte, a equipe engrena, transforma ideias em planejamento, organiza a\u00e7\u00f5es concretas e faz acontecer. \u00c9 essa constru\u00e7\u00e3o conjunta que gera resultados reais para a nossa popula\u00e7\u00e3o\u201d,<\/em> enfatiza Cleide, acrescentando que a gest\u00e3o acredita, apoia e aposta nos excelentes profissionais que possui na unidade, pois confia na capacidade t\u00e9cnica e no compromisso de cada um, fortalecendo a autonomia no exerc\u00edcio da fun\u00e7\u00e3o, sempre acompanhada da responsabilidade que ela exige.<\/p>\n","protected":false},"excerpt":{"rendered":"<p>S\u00e3o Jo\u00e3o do Oeste \u2013 A partir de uma dificuldade que a nova gest\u00e3o da secretaria de Sa\u00fade percebeu ao chegar no final de 2025, primeiro ano da nova administra\u00e7\u00e3o, foram definidas algumas altera\u00e7\u00f5es na gest\u00e3o de f\u00e9rias e banco de horas dos servidores do setor. Em dezembro, a secret\u00e1ria de Sa\u00fade, Cleide Wirth e<\/p>\n","protected":false},"author":1,"featured_media":8778,"comment_status":"open","ping_status":"open","sticky":false,"template":"","format":"standard","meta":{"footnotes":""},"categories":[41],"tags":[],"class_list":{"0":"post-8777","1":"post","2":"type-post","3":"status-publish","4":"format-standard","5":"has-post-thumbnail","7":"category-noticias"},"_links":{"self":[{"href":"https:\/\/noticiarioregional.com.br\/index.php?rest_route=\/wp\/v2\/posts\/8777","targetHints":{"allow":["GET"]}}],"collection":[{"href":"https:\/\/noticiarioregional.com.br\/index.php?rest_route=\/wp\/v2\/posts"}],"about":[{"href":"https:\/\/noticiarioregional.com.br\/index.php?rest_route=\/wp\/v2\/types\/post"}],"author":[{"embeddable":true,"href":"https:\/\/noticiarioregional.com.br\/index.php?rest_route=\/wp\/v2\/users\/1"}],"replies":[{"embeddable":true,"href":"https:\/\/noticiarioregional.com.br\/index.php?rest_route=%2Fwp%2Fv2%2Fcomments&post=8777"}],"version-history":[{"count":1,"href":"https:\/\/noticiarioregional.com.br\/index.php?rest_route=\/wp\/v2\/posts\/8777\/revisions"}],"predecessor-version":[{"id":8779,"href":"https:\/\/noticiarioregional.com.br\/index.php?rest_route=\/wp\/v2\/posts\/8777\/revisions\/8779"}],"wp:featuredmedia":[{"embeddable":true,"href":"https:\/\/noticiarioregional.com.br\/index.php?rest_route=\/wp\/v2\/media\/8778"}],"wp:attachment":[{"href":"https:\/\/noticiarioregional.com.br\/index.php?rest_route=%2Fwp%2Fv2%2Fmedia&parent=8777"}],"wp:term":[{"taxonomy":"category","embeddable":true,"href":"https:\/\/noticiarioregional.com.br\/index.php?rest_route=%2Fwp%2Fv2%2Fcategories&post=8777"},{"taxonomy":"post_tag","embeddable":true,"href":"https:\/\/noticiarioregional.com.br\/index.php?rest_route=%2Fwp%2Fv2%2Ftags&post=8777"}],"curies":[{"name":"wp","href":"https:\/\/api.w.org\/{rel}","templated":true}]}}