{"id":8780,"date":"2026-03-06T11:16:19","date_gmt":"2026-03-06T14:16:19","guid":{"rendered":"https:\/\/noticiarioregional.com.br\/?p=8780"},"modified":"2026-03-06T11:16:20","modified_gmt":"2026-03-06T14:16:20","slug":"riqueza-fecha-2025-com-superavit-de-arrecadacao-de-1956","status":"publish","type":"post","link":"https:\/\/noticiarioregional.com.br\/?p=8780","title":{"rendered":"Riqueza fecha 2025 com super\u00e1vit de arrecada\u00e7\u00e3o de 19,56%"},"content":{"rendered":"\n<p><strong>Riqueza &#8211;<\/strong> Na sexta-feira, 20, a Administra\u00e7\u00e3o Municipal realizou, no plen\u00e1rio Elma Endrigo, a audi\u00eancia p\u00fablica de avalia\u00e7\u00e3o das metas fiscais do 3\u00ba quadrimestre de 2025 e a presta\u00e7\u00e3o de contas das a\u00e7\u00f5es de sa\u00fade, em cumprimento \u00e0 legisla\u00e7\u00e3o vigente. A apresenta\u00e7\u00e3o foi realizada pela contadora M\u00e1rcia Spielmann.&nbsp; A audi\u00eancia contou com a presen\u00e7a do prefeito Juliano Bortolanza, vice-prefeito Liandro Jaeszinski, do presidente da C\u00e2mara Douglas Naibo, vereadores, secret\u00e1rios municipais, conselheiros e servidores p\u00fablicos.<\/p>\n\n\n\n<p>Conforme os dados apresentados, a Lei Or\u00e7ament\u00e1ria Anual &#8211; LOA previa para 2025 uma arrecada\u00e7\u00e3o de R$ 33,6 milh\u00f5es. No entanto, o munic\u00edpio encerrou o exerc\u00edcio com uma arrecada\u00e7\u00e3o total de R$ 46.632.265,52, considerando receitas correntes e de capital. Somente em receitas correntes foram arrecadados R$ 40.173.132,52, valor 19,56% superior ao previsto. J\u00e1 as receitas de capital somaram R$ 6.459.133,00, incluindo R$ 5.194.933,00 oriundos de conv\u00eanios e emendas parlamentares estaduais e federais, al\u00e9m de valores provenientes de aliena\u00e7\u00e3o de bens p\u00fablicos.<\/p>\n\n\n\n<p>Tamb\u00e9m foi destacado o repasse ao Fundeb, com reten\u00e7\u00e3o de 20% das receitas de impostos, totalizando contribui\u00e7\u00e3o de R$ 5.788.182,70 para a forma\u00e7\u00e3o do fundo nacional.<\/p>\n\n\n\n<p>O comparativo entre receitas e despesas resultou em super\u00e1vit or\u00e7ament\u00e1rio de aproximadamente R$ 8,28 milh\u00f5es, evidenciando equil\u00edbrio fiscal. Entre os principais programas executados destacam-se:<\/p>\n\n\n\n<ul class=\"wp-block-list\">\n<li><strong>Educa\u00e7\u00e3o:<\/strong> R$ 10.368.916,08<\/li>\n\n\n\n<li><strong>Sa\u00fade:<\/strong> R$ 10.076.809,36<\/li>\n\n\n\n<li><strong>Obras e servi\u00e7os municipais:<\/strong> R$ 7.103.623,43<\/li>\n\n\n\n<li><strong>Administra\u00e7\u00e3o geral e finan\u00e7as:<\/strong> R$ 5.096.000,00<\/li>\n<\/ul>\n\n\n\n<p>O Poder Legislativo recebeu R$ 1.650.000,00 ao longo do ano, devolvendo ao Executivo R$ 527.359,60 em dezembro. O munic\u00edpio encerrou 2025 sem d\u00edvidas de empr\u00e9stimos ou financiamentos, com saldo financeiro em caixa de R$ 16,4 milh\u00f5es. Ap\u00f3s considerar compromissos como f\u00e9rias de servidores e empenhos a liquidar, a disponibilidade efetiva ficou em R$ 5.248.109,56.<\/p>\n\n\n\n<p>Entre os investimentos realizados em 2025 est\u00e3o:<\/p>\n\n\n\n<ul class=\"wp-block-list\">\n<li>Aquisi\u00e7\u00e3o de trator de esteira (R$ 980 mil);<\/li>\n\n\n\n<li>Caminh\u00e3o (R$ 585 mil);<\/li>\n\n\n\n<li>Motoniveladora (R$ 1.093.000);<\/li>\n\n\n\n<li>Pavimenta\u00e7\u00e3o da Rua Aparecida;<\/li>\n\n\n\n<li>Reforma do Gin\u00e1sio Cambucica;<\/li>\n\n\n\n<li>Implementos agr\u00edcolas e ve\u00edculos para a administra\u00e7\u00e3o e agricultura.<\/li>\n<\/ul>\n\n\n\n<p>No total, os investimentos em obras e bens permanentes somaram R$ 3.567.731,05.<\/p>\n\n\n\n<p>Na educa\u00e7\u00e3o, o munic\u00edpio aplicou 28,75% das receitas pr\u00f3prias, superando o m\u00ednimo constitucional de 25%. J\u00e1 na remunera\u00e7\u00e3o dos profissionais da educa\u00e7\u00e3o b\u00e1sica, foram aplicados 94,68% dos recursos do Fundeb, acima do m\u00ednimo de 70%. O total investido na \u00e1rea foi de R$ 13.905.588,00, distribu\u00eddos entre ensino fundamental, educa\u00e7\u00e3o infantil, transporte escolar, alimenta\u00e7\u00e3o e investimentos estruturais \u2014 incluindo a constru\u00e7\u00e3o da nova creche, amplia\u00e7\u00e3o do Centro Educacional Isabel Bassani e aquisi\u00e7\u00e3o de \u00f4nibus escolar.<\/p>\n\n\n\n<p>Na sa\u00fade, o percentual aplicado com recursos pr\u00f3prios foi de 20,72%, superando o m\u00ednimo constitucional de 15%. O total investido na \u00e1rea alcan\u00e7ou R$ 10.076.809,36, sendo 69,03% com recursos pr\u00f3prios do munic\u00edpio.<\/p>\n\n\n\n<figure class=\"wp-block-image size-large is-style-rounded\"><img fetchpriority=\"high\" decoding=\"async\" width=\"2560\" height=\"2560\" src=\"https:\/\/noticiarioregional.com.br\/wp-content\/uploads\/2026\/03\/Prefeito-Juliano-edited-scaled.jpg\" alt=\"\" class=\"wp-image-8783\" srcset=\"https:\/\/noticiarioregional.com.br\/wp-content\/uploads\/2026\/03\/Prefeito-Juliano-edited-scaled.jpg 2560w, https:\/\/noticiarioregional.com.br\/wp-content\/uploads\/2026\/03\/Prefeito-Juliano-edited-300x300.jpg 300w, https:\/\/noticiarioregional.com.br\/wp-content\/uploads\/2026\/03\/Prefeito-Juliano-edited-1024x1024.jpg 1024w, https:\/\/noticiarioregional.com.br\/wp-content\/uploads\/2026\/03\/Prefeito-Juliano-edited-150x150.jpg 150w, https:\/\/noticiarioregional.com.br\/wp-content\/uploads\/2026\/03\/Prefeito-Juliano-edited-768x768.jpg 768w, https:\/\/noticiarioregional.com.br\/wp-content\/uploads\/2026\/03\/Prefeito-Juliano-edited-1536x1536.jpg 1536w, https:\/\/noticiarioregional.com.br\/wp-content\/uploads\/2026\/03\/Prefeito-Juliano-edited-2048x2048.jpg 2048w, https:\/\/noticiarioregional.com.br\/wp-content\/uploads\/2026\/03\/Prefeito-Juliano-edited-450x450.jpg 450w, https:\/\/noticiarioregional.com.br\/wp-content\/uploads\/2026\/03\/Prefeito-Juliano-edited-1200x1199.jpg 1200w\" sizes=\"(max-width: 2560px) 100vw, 2560px\" \/><\/figure>\n\n\n\n<p>O&nbsp; prefeito Juliano Bortolanza <strong><em>(foto detalhe) <\/em><\/strong>ressaltou o equil\u00edbrio fiscal, e o volume de investimentos realizados. \u201c<em>Os n\u00fameros mostram que estamos investindo forte em sa\u00fade, educa\u00e7\u00e3o e infraestrutura. O recurso n\u00e3o vem para o prefeito, vem para o munic\u00edpio e para a popula\u00e7\u00e3o. Vamos continuar buscando mais investimentos e trabalhando para melhorar cada vez mais Riqueza<\/em>\u201d, afirmou.<\/p>\n","protected":false},"excerpt":{"rendered":"<p>Riqueza &#8211; Na sexta-feira, 20, a Administra\u00e7\u00e3o Municipal realizou, no plen\u00e1rio Elma Endrigo, a audi\u00eancia p\u00fablica de avalia\u00e7\u00e3o das metas fiscais do 3\u00ba quadrimestre de 2025 e a presta\u00e7\u00e3o de contas das a\u00e7\u00f5es de sa\u00fade, em cumprimento \u00e0 legisla\u00e7\u00e3o vigente. A apresenta\u00e7\u00e3o foi realizada pela contadora M\u00e1rcia Spielmann.&nbsp; A audi\u00eancia contou com a presen\u00e7a do<\/p>\n","protected":false},"author":1,"featured_media":8781,"comment_status":"open","ping_status":"open","sticky":false,"template":"","format":"standard","meta":{"footnotes":""},"categories":[41],"tags":[],"class_list":{"0":"post-8780","1":"post","2":"type-post","3":"status-publish","4":"format-standard","5":"has-post-thumbnail","7":"category-noticias"},"_links":{"self":[{"href":"https:\/\/noticiarioregional.com.br\/index.php?rest_route=\/wp\/v2\/posts\/8780","targetHints":{"allow":["GET"]}}],"collection":[{"href":"https:\/\/noticiarioregional.com.br\/index.php?rest_route=\/wp\/v2\/posts"}],"about":[{"href":"https:\/\/noticiarioregional.com.br\/index.php?rest_route=\/wp\/v2\/types\/post"}],"author":[{"embeddable":true,"href":"https:\/\/noticiarioregional.com.br\/index.php?rest_route=\/wp\/v2\/users\/1"}],"replies":[{"embeddable":true,"href":"https:\/\/noticiarioregional.com.br\/index.php?rest_route=%2Fwp%2Fv2%2Fcomments&post=8780"}],"version-history":[{"count":1,"href":"https:\/\/noticiarioregional.com.br\/index.php?rest_route=\/wp\/v2\/posts\/8780\/revisions"}],"predecessor-version":[{"id":8784,"href":"https:\/\/noticiarioregional.com.br\/index.php?rest_route=\/wp\/v2\/posts\/8780\/revisions\/8784"}],"wp:featuredmedia":[{"embeddable":true,"href":"https:\/\/noticiarioregional.com.br\/index.php?rest_route=\/wp\/v2\/media\/8781"}],"wp:attachment":[{"href":"https:\/\/noticiarioregional.com.br\/index.php?rest_route=%2Fwp%2Fv2%2Fmedia&parent=8780"}],"wp:term":[{"taxonomy":"category","embeddable":true,"href":"https:\/\/noticiarioregional.com.br\/index.php?rest_route=%2Fwp%2Fv2%2Fcategories&post=8780"},{"taxonomy":"post_tag","embeddable":true,"href":"https:\/\/noticiarioregional.com.br\/index.php?rest_route=%2Fwp%2Fv2%2Ftags&post=8780"}],"curies":[{"name":"wp","href":"https:\/\/api.w.org\/{rel}","templated":true}]}}