{"id":8807,"date":"2026-03-09T07:59:40","date_gmt":"2026-03-09T10:59:40","guid":{"rendered":"https:\/\/noticiarioregional.com.br\/?p=8807"},"modified":"2026-03-09T07:59:41","modified_gmt":"2026-03-09T10:59:41","slug":"educacao-de-belmonte-atende-mais-de-30-alunos-no-periodo-integral","status":"publish","type":"post","link":"https:\/\/noticiarioregional.com.br\/?p=8807","title":{"rendered":"Educa\u00e7\u00e3o de Belmonte atende mais de 30 alunos no per\u00edodo integral"},"content":{"rendered":"\n<p class=\"has-text-align-center has-large-font-size\"><strong><em>Turmas atendidas s\u00e3o da escola CMEF Professor Jo\u00e3o Revers<\/em><\/strong><\/p>\n\n\n\n<p><strong>Belmonte \u2013 <\/strong>A partir deste ano a secretaria de Educa\u00e7\u00e3o do munic\u00edpio passou a contemplar as turmas do 1\u00ba e 2\u00ba anos do ensino fundamental da CMEF Professor Jo\u00e3o Revers com a modalidade de ensino em tempo integral. A secret\u00e1ria, Marizete Basso Trevizan, explica que as aulas do per\u00edodo integral iniciaram no dia 16 de fevereiro, contemplando 36 alunos das duas turmas, sendo 13 no turno matutino e 23 no turno vespertino. S\u00e3o estudantes nas idades de 7 e 8 anos.<\/p>\n\n\n\n<p>Conforme a secret\u00e1ria, no ensino fundamental este \u00e9 o primeiro ano em que s\u00e3o atendidas turmas no per\u00edodo integral no CMEF Professor Jo\u00e3o Revers. Comenta que na carga hor\u00e1ria do per\u00edodo integral as crian\u00e7as frequentam o turno regular todos os dias e, mais tr\u00eas vezes por semana no contraturno escolar. Dessa forma, tr\u00eas vezes por semana permanecem o dia todo na escola.<\/p>\n\n\n\n<p>&nbsp;&nbsp;&nbsp;&nbsp;&nbsp;&nbsp;&nbsp;&nbsp;&nbsp;&nbsp;&nbsp; Com uma rotina organizada e diversificada, Marizete destaca que no contraturno os alunos participam de atividades pedag\u00f3gicas, l\u00edngua inglesa e oficinas em parceria com o Sesi, nas \u00e1reas de rob\u00f3tica, culin\u00e1ria e dan\u00e7a. Para a secret\u00e1ria, o ensino em per\u00edodo integral significa mais oportunidades de aprendizagem, conviv\u00eancia e desenvolvimento. <em>\u201cPara as crian\u00e7as dos anos iniciais, essa amplia\u00e7\u00e3o da jornada escolar contribui significativamente para o fortalecimento da alfabetiza\u00e7\u00e3o, do racioc\u00ednio l\u00f3gico e das habilidades socioemocionais. Al\u00e9m disso, o per\u00edodo integral oferece um ambiente seguro e acolhedor, onde as crian\u00e7as permanecem sob acompanhamento de profissionais capacitados durante todo o dia. Isso tamb\u00e9m proporciona mais tranquilidade \u00e0s fam\u00edlias, que sabem que seus filhos est\u00e3o sendo bem cuidados e estimulados de forma positiva\u201d.<\/em><\/p>\n","protected":false},"excerpt":{"rendered":"<p>Turmas atendidas s\u00e3o da escola CMEF Professor Jo\u00e3o Revers Belmonte \u2013 A partir deste ano a secretaria de Educa\u00e7\u00e3o do munic\u00edpio passou a contemplar as turmas do 1\u00ba e 2\u00ba anos do ensino fundamental da CMEF Professor Jo\u00e3o Revers com a modalidade de ensino em tempo integral. A secret\u00e1ria, Marizete Basso Trevizan, explica que as<\/p>\n","protected":false},"author":1,"featured_media":8803,"comment_status":"open","ping_status":"open","sticky":false,"template":"","format":"standard","meta":{"footnotes":""},"categories":[41],"tags":[],"class_list":{"0":"post-8807","1":"post","2":"type-post","3":"status-publish","4":"format-standard","5":"has-post-thumbnail","7":"category-noticias"},"_links":{"self":[{"href":"https:\/\/noticiarioregional.com.br\/index.php?rest_route=\/wp\/v2\/posts\/8807","targetHints":{"allow":["GET"]}}],"collection":[{"href":"https:\/\/noticiarioregional.com.br\/index.php?rest_route=\/wp\/v2\/posts"}],"about":[{"href":"https:\/\/noticiarioregional.com.br\/index.php?rest_route=\/wp\/v2\/types\/post"}],"author":[{"embeddable":true,"href":"https:\/\/noticiarioregional.com.br\/index.php?rest_route=\/wp\/v2\/users\/1"}],"replies":[{"embeddable":true,"href":"https:\/\/noticiarioregional.com.br\/index.php?rest_route=%2Fwp%2Fv2%2Fcomments&post=8807"}],"version-history":[{"count":1,"href":"https:\/\/noticiarioregional.com.br\/index.php?rest_route=\/wp\/v2\/posts\/8807\/revisions"}],"predecessor-version":[{"id":8808,"href":"https:\/\/noticiarioregional.com.br\/index.php?rest_route=\/wp\/v2\/posts\/8807\/revisions\/8808"}],"wp:featuredmedia":[{"embeddable":true,"href":"https:\/\/noticiarioregional.com.br\/index.php?rest_route=\/wp\/v2\/media\/8803"}],"wp:attachment":[{"href":"https:\/\/noticiarioregional.com.br\/index.php?rest_route=%2Fwp%2Fv2%2Fmedia&parent=8807"}],"wp:term":[{"taxonomy":"category","embeddable":true,"href":"https:\/\/noticiarioregional.com.br\/index.php?rest_route=%2Fwp%2Fv2%2Fcategories&post=8807"},{"taxonomy":"post_tag","embeddable":true,"href":"https:\/\/noticiarioregional.com.br\/index.php?rest_route=%2Fwp%2Fv2%2Ftags&post=8807"}],"curies":[{"name":"wp","href":"https:\/\/api.w.org\/{rel}","templated":true}]}}