{"id":8809,"date":"2026-03-09T08:01:57","date_gmt":"2026-03-09T11:01:57","guid":{"rendered":"https:\/\/noticiarioregional.com.br\/?p=8809"},"modified":"2026-03-09T08:01:58","modified_gmt":"2026-03-09T11:01:58","slug":"produtores-destacam-bom-momento-da-pecuaria-de-corte","status":"publish","type":"post","link":"https:\/\/noticiarioregional.com.br\/?p=8809","title":{"rendered":"Produtores destacam bom momento da pecu\u00e1ria de corte"},"content":{"rendered":"\n<p class=\"has-text-align-center has-large-font-size wp-block-paragraph\"><strong><em>Fam\u00edlia Klaus se dedica a atividade h\u00e1 cerca de 10 anos, e hoje \u00e9 a principal fonte de renda<\/em><\/strong><\/p>\n\n\n\n<p class=\"wp-block-paragraph\"><strong>Ipor\u00e3 do Oeste \u2013 <\/strong>Os produtores da pecu\u00e1ria de corte vivem um bom momento com a valoriza\u00e7\u00e3o financeira da carne bovina. A atividade \u00e9 a principal fonte de renda da fam\u00edlia de Eucl\u00e9sio e Gl\u00f3ria Klaus, e do filho Odair, moradores da Linha Vor\u00e1. Eles trabalham nesse setor h\u00e1 cerca de 10 anos, e apesar do pre\u00e7o j\u00e1 ter sido melhor, no momento, est\u00e3o satisfeitos com o resultado financeiro que vem obtendo.<\/p>\n\n\n\n<p class=\"wp-block-paragraph\">Essa valoriza\u00e7\u00e3o financeira n\u00e3o \u00e9 apenas no mercado nacional. O Brasil fechou 2025 com o melhor desempenho de sua hist\u00f3ria nas exporta\u00e7\u00f5es de carne bovina, consolidando o setor como um dos principais pilares da balan\u00e7a comercial do pa\u00eds. Considerando carnes in natura e industrializadas, miudezas comest\u00edveis e subprodutos, os embarques somaram 3,853 milh\u00f5es de toneladas, alta de 20,7% em rela\u00e7\u00e3o a 2024. A receita avan\u00e7ou quase 40%, alcan\u00e7ando US$ 18,365 bilh\u00f5es, segundo dados da Secretaria de Com\u00e9rcio Exterior, compilados pela Associa\u00e7\u00e3o Brasileira dos Frigor\u00edficos.<\/p>\n\n\n\n<p class=\"wp-block-paragraph\">Anteriormente a fam\u00edlia Klaus trabalhava com gado de leite, mas por quest\u00f5es como a falta de m\u00e3o de obra, aos poucos a pecu\u00e1ria de corte ganhou mais espa\u00e7o e hoje predomina na propriedade. Inicialmente os produtores forneciam animais para o consumo de carne nos eventos comunit\u00e1rios, e para frigor\u00edficos locais. Com a intensifica\u00e7\u00e3o das exig\u00eancias sanit\u00e1rias, atualmente o maior mercado est\u00e1 nos frigor\u00edficos do litoral, como na cidade de S\u00e3o Jo\u00e3o do Itaperi\u00fa.<\/p>\n\n\n\n<figure class=\"wp-block-image size-large\"><img fetchpriority=\"high\" decoding=\"async\" width=\"1024\" height=\"683\" src=\"http:\/\/noticiarioregional.com.br\/wp-content\/uploads\/2026\/03\/Maior-parte-dos-animais-permanece-confinada-e-apenas-uma-quantia-menor-esta-no-pasto-1024x683.jpg\" alt=\"\" class=\"wp-image-8810\" srcset=\"https:\/\/noticiarioregional.com.br\/wp-content\/uploads\/2026\/03\/Maior-parte-dos-animais-permanece-confinada-e-apenas-uma-quantia-menor-esta-no-pasto-1024x683.jpg 1024w, https:\/\/noticiarioregional.com.br\/wp-content\/uploads\/2026\/03\/Maior-parte-dos-animais-permanece-confinada-e-apenas-uma-quantia-menor-esta-no-pasto-300x200.jpg 300w, https:\/\/noticiarioregional.com.br\/wp-content\/uploads\/2026\/03\/Maior-parte-dos-animais-permanece-confinada-e-apenas-uma-quantia-menor-esta-no-pasto-768x512.jpg 768w, https:\/\/noticiarioregional.com.br\/wp-content\/uploads\/2026\/03\/Maior-parte-dos-animais-permanece-confinada-e-apenas-uma-quantia-menor-esta-no-pasto-1536x1024.jpg 1536w, https:\/\/noticiarioregional.com.br\/wp-content\/uploads\/2026\/03\/Maior-parte-dos-animais-permanece-confinada-e-apenas-uma-quantia-menor-esta-no-pasto-2048x1365.jpg 2048w, https:\/\/noticiarioregional.com.br\/wp-content\/uploads\/2026\/03\/Maior-parte-dos-animais-permanece-confinada-e-apenas-uma-quantia-menor-esta-no-pasto-150x100.jpg 150w, https:\/\/noticiarioregional.com.br\/wp-content\/uploads\/2026\/03\/Maior-parte-dos-animais-permanece-confinada-e-apenas-uma-quantia-menor-esta-no-pasto-450x300.jpg 450w, https:\/\/noticiarioregional.com.br\/wp-content\/uploads\/2026\/03\/Maior-parte-dos-animais-permanece-confinada-e-apenas-uma-quantia-menor-esta-no-pasto-1200x800.jpg 1200w\" sizes=\"(max-width: 1024px) 100vw, 1024px\" \/><figcaption class=\"wp-element-caption\">Maior parte dos animais permanece confinada, e apenas uma quantia menor est\u00e1 no pasto<\/figcaption><\/figure>\n\n\n\n<p class=\"wp-block-paragraph\">O plantel contempla atualmente 250 animais, entre bovinos, novilhos e as vacas de cria, principalmente das ra\u00e7as Nelore e Angus. Al\u00e9m da reprodu\u00e7\u00e3o feita na pr\u00f3pria propriedade, com vacas de cria, os produtores compram boa parte dos animais na regi\u00e3o, e que s\u00e3o destinados para a engorda. &nbsp;Por m\u00eas, os produtores destinam em m\u00e9dia uma carreta com 35 animais para o abate nos frigor\u00edficos do litoral. Al\u00e9m destes, mais uma parte vai para mercados da regi\u00e3o, como frigor\u00edfico de S\u00e3o Miguel do Oeste, totalizando cerca de 45 cabe\u00e7as por m\u00eas. Al\u00e9m de receberem mais pelo quilo de carne, no litoral recebem incentivo de qualidade pelo novilho precoce, at\u00e9 30 meses.<\/p>\n\n\n\n<p class=\"wp-block-paragraph\">Para ser destinado ao abate, o bovino deve atingir pelo menos 240 quilos de carne, e o novilho 210 quilos. Esse peso considera apenas a carca\u00e7a, sendo que no peso vivo, o bovino chega entre 450 e 500 quilos. O trato dos animais \u00e9 a base de silagem e ra\u00e7\u00e3o. Para obter um resultado melhor, a maior parte dos animais permanece confinada, e apenas uma quantia menor est\u00e1 no pasto. Os produtores separam os lotes entre machos e f\u00eameas, e conforme a idade e a fase de engorda dos animais.<\/p>\n\n\n\n<p class=\"wp-block-paragraph\">Sobre o comportamento do mercado e o consumo da carne bovina, os produtores se mostram bem satisfeitos e otimistas com as previs\u00f5es. No momento o quilo da carne est\u00e1 em m\u00e9dia R$ 22\/22,50, quase no valor de cerca de quatro anos atr\u00e1s, R$ 23,00, considerado um dos melhores j\u00e1 pagos desde que a fam\u00edlia se dedica a atividade. Um dos piores momentos foi no per\u00edodo da pandemia, no ano 2020, quando o quilo da carne n\u00e3o passava de R$ 16,00.<\/p>\n","protected":false},"excerpt":{"rendered":"<p>Fam\u00edlia Klaus se dedica a atividade h\u00e1 cerca de 10 anos, e hoje \u00e9 a principal fonte de renda Ipor\u00e3 do Oeste \u2013 Os produtores da pecu\u00e1ria de corte vivem um bom momento com a valoriza\u00e7\u00e3o financeira da carne bovina. A atividade \u00e9 a principal fonte de renda da fam\u00edlia de Eucl\u00e9sio e Gl\u00f3ria Klaus,<\/p>\n","protected":false},"author":1,"featured_media":8811,"comment_status":"open","ping_status":"open","sticky":false,"template":"","format":"standard","meta":{"footnotes":""},"categories":[41],"tags":[],"class_list":["post-8809","post","type-post","status-publish","format-standard","has-post-thumbnail","category-noticias"],"_links":{"self":[{"href":"https:\/\/noticiarioregional.com.br\/index.php?rest_route=\/wp\/v2\/posts\/8809","targetHints":{"allow":["GET"]}}],"collection":[{"href":"https:\/\/noticiarioregional.com.br\/index.php?rest_route=\/wp\/v2\/posts"}],"about":[{"href":"https:\/\/noticiarioregional.com.br\/index.php?rest_route=\/wp\/v2\/types\/post"}],"author":[{"embeddable":true,"href":"https:\/\/noticiarioregional.com.br\/index.php?rest_route=\/wp\/v2\/users\/1"}],"replies":[{"embeddable":true,"href":"https:\/\/noticiarioregional.com.br\/index.php?rest_route=%2Fwp%2Fv2%2Fcomments&post=8809"}],"version-history":[{"count":1,"href":"https:\/\/noticiarioregional.com.br\/index.php?rest_route=\/wp\/v2\/posts\/8809\/revisions"}],"predecessor-version":[{"id":8812,"href":"https:\/\/noticiarioregional.com.br\/index.php?rest_route=\/wp\/v2\/posts\/8809\/revisions\/8812"}],"wp:featuredmedia":[{"embeddable":true,"href":"https:\/\/noticiarioregional.com.br\/index.php?rest_route=\/wp\/v2\/media\/8811"}],"wp:attachment":[{"href":"https:\/\/noticiarioregional.com.br\/index.php?rest_route=%2Fwp%2Fv2%2Fmedia&parent=8809"}],"wp:term":[{"taxonomy":"category","embeddable":true,"href":"https:\/\/noticiarioregional.com.br\/index.php?rest_route=%2Fwp%2Fv2%2Fcategories&post=8809"},{"taxonomy":"post_tag","embeddable":true,"href":"https:\/\/noticiarioregional.com.br\/index.php?rest_route=%2Fwp%2Fv2%2Ftags&post=8809"}],"curies":[{"name":"wp","href":"https:\/\/api.w.org\/{rel}","templated":true}]}}