{"id":8813,"date":"2026-03-09T08:03:18","date_gmt":"2026-03-09T11:03:18","guid":{"rendered":"https:\/\/noticiarioregional.com.br\/?p=8813"},"modified":"2026-03-09T08:03:19","modified_gmt":"2026-03-09T11:03:19","slug":"policia-civil-de-santa-catarina-entrega-revitalizacao-da-delegacia-de-caibi","status":"publish","type":"post","link":"https:\/\/noticiarioregional.com.br\/?p=8813","title":{"rendered":"Pol\u00edcia Civil de Santa Catarina entrega revitaliza\u00e7\u00e3o da Delegacia de Caibi"},"content":{"rendered":"\n<p><strong>Caibi &#8211;<\/strong> Na manh\u00e3 de sexta-feira, 20, autoridades estaduais e municipais, lideran\u00e7as da seguran\u00e7a p\u00fablica e representantes da comunidade participaram da solenidade de entrega da revitaliza\u00e7\u00e3o da fachada da Delegacia de Pol\u00edcia Civil de Caibi. O ato marcou um novo momento para a estrutura, que h\u00e1 mais de tr\u00eas d\u00e9cadas presta servi\u00e7os \u00e0 popula\u00e7\u00e3o.<\/p>\n\n\n\n<p>O evento reuniu o delegado-geral da Pol\u00edcia Civil de Santa Catarina, Ulisses Gabriel, o prefeito de Caibi, \u00c9der Picoli, o vice-prefeito Leonardo Gallon, o presidente da C\u00e2mara de Vereadores, Paulo Martins, al\u00e9m de delegados regionais e representantes das for\u00e7as de seguran\u00e7a. Tamb\u00e9m estiveram presentes o chefe de gabinete do delegado-geral, Marcelo Nogueira, o delegado regional, Joel Specht, o delegado da Comarca de Palmitos, Daniel Lopes Farias, o delegado titular da DIC de Maravilha, \u00c9der Matte, e o agente da Pol\u00edcia Civil respons\u00e1vel pelo atendimento em Caibi, Adilson Kaipper.<\/p>\n\n\n\n<p>Inaugurado em 1992, o pr\u00e9dio da delegacia possui uma trajet\u00f3ria marcada por atendimentos, investiga\u00e7\u00f5es e a\u00e7\u00f5es voltadas \u00e0 promo\u00e7\u00e3o da justi\u00e7a e da seguran\u00e7a p\u00fablica. Antes da sede pr\u00f3pria, a Pol\u00edcia Civil dividia espa\u00e7o com a Pol\u00edcia Militar, que atualmente ocupa outro endere\u00e7o. Constru\u00edda originalmente em alvenaria, a estrutura apresentava limita\u00e7\u00f5es que dificultavam inclusive a instala\u00e7\u00e3o da nova identidade visual da institui\u00e7\u00e3o. Sem nunca ter passado por uma reforma integral, a unidade demandava moderniza\u00e7\u00e3o para garantir melhores condi\u00e7\u00f5es de trabalho aos servidores e atendimento mais adequado \u00e0 popula\u00e7\u00e3o.<\/p>\n\n\n\n<p>O projeto de revitaliza\u00e7\u00e3o, iniciado em 2025, foi concretizado com investimento total de R$ 18.425,55. Os recursos foram viabilizados por meio de conv\u00eanio entre a Pol\u00edcia Civil, atrav\u00e9s da Delegacia de Caibi, e a Prefeitura Municipal, contando ainda com o apoio de empres\u00e1rios locais que contribu\u00edram com doa\u00e7\u00f5es. A uni\u00e3o entre poder p\u00fablico e iniciativa privada foi destacada como fator determinante para a execu\u00e7\u00e3o da obra.<\/p>\n\n\n\n<p>Abrindo os pronunciamentos, o agente Adilson Kaipper relembrou sua trajet\u00f3ria \u00e0 frente da Delegacia de Caibi desde 2014. Ele destacou os desafios enfrentados no in\u00edcio da fun\u00e7\u00e3o, quando acumulava atividades na Delegacia de Palmitos, realizava vistorias veiculares e cumpria escalas intensas de plant\u00f5es.<\/p>\n\n\n\n<p>Em seu discurso, fez um reconhecimento especial ao agente Nerci Bergman, seu antecessor, atualmente em tratamento de sa\u00fade, e agradeceu o apoio de colegas e autoridades que contribu\u00edram para o fortalecimento da unidade ao longo dos anos. Tamb\u00e9m ressaltou a evolu\u00e7\u00e3o estrutural e administrativa da Pol\u00edcia Civil no per\u00edodo recente, afirmando que a revitaliza\u00e7\u00e3o e a nova identidade visual representam um s\u00edmbolo dessa moderniza\u00e7\u00e3o.<\/p>\n\n\n\n<p>O presidente da C\u00e2mara, Paulo Martins, destacou a import\u00e2ncia da parceria entre os poderes e reafirmou o compromisso do Legislativo com iniciativas que fortale\u00e7am a seguran\u00e7a p\u00fablica. J\u00e1 o prefeito \u00c9der Picoli enfatizou a coopera\u00e7\u00e3o entre munic\u00edpio e Estado, salientando que investir na estrutura das for\u00e7as de seguran\u00e7a \u00e9 investir diretamente na qualidade de vida da popula\u00e7\u00e3o. O delegado da Comarca de Palmitos, Daniel Lopes Farias, e o delegado regional Joel Specht ressaltaram a import\u00e2ncia da integra\u00e7\u00e3o regional e do suporte institucional para que as unidades do interior mantenham padr\u00e3o de qualidade e efici\u00eancia. Encerrando os pronunciamentos, o delegado-geral Ulisses Gabriel destacou que a revitaliza\u00e7\u00e3o simboliza respeito da institui\u00e7\u00e3o com a popula\u00e7\u00e3o e reafirma o compromisso permanente com a legalidade, a transpar\u00eancia e a prote\u00e7\u00e3o da sociedade. Ele tamb\u00e9m enalteceu o esfor\u00e7o conjunto que possibilitou a entrega da obra e refor\u00e7ou a diretriz de fortalecimento estrutural das delegacias em todo o Estado.<\/p>\n","protected":false},"excerpt":{"rendered":"<p>Caibi &#8211; Na manh\u00e3 de sexta-feira, 20, autoridades estaduais e municipais, lideran\u00e7as da seguran\u00e7a p\u00fablica e representantes da comunidade participaram da solenidade de entrega da revitaliza\u00e7\u00e3o da fachada da Delegacia de Pol\u00edcia Civil de Caibi. O ato marcou um novo momento para a estrutura, que h\u00e1 mais de tr\u00eas d\u00e9cadas presta servi\u00e7os \u00e0 popula\u00e7\u00e3o. O<\/p>\n","protected":false},"author":1,"featured_media":8814,"comment_status":"open","ping_status":"open","sticky":false,"template":"","format":"standard","meta":{"footnotes":""},"categories":[41],"tags":[],"class_list":{"0":"post-8813","1":"post","2":"type-post","3":"status-publish","4":"format-standard","5":"has-post-thumbnail","7":"category-noticias"},"_links":{"self":[{"href":"https:\/\/noticiarioregional.com.br\/index.php?rest_route=\/wp\/v2\/posts\/8813","targetHints":{"allow":["GET"]}}],"collection":[{"href":"https:\/\/noticiarioregional.com.br\/index.php?rest_route=\/wp\/v2\/posts"}],"about":[{"href":"https:\/\/noticiarioregional.com.br\/index.php?rest_route=\/wp\/v2\/types\/post"}],"author":[{"embeddable":true,"href":"https:\/\/noticiarioregional.com.br\/index.php?rest_route=\/wp\/v2\/users\/1"}],"replies":[{"embeddable":true,"href":"https:\/\/noticiarioregional.com.br\/index.php?rest_route=%2Fwp%2Fv2%2Fcomments&post=8813"}],"version-history":[{"count":1,"href":"https:\/\/noticiarioregional.com.br\/index.php?rest_route=\/wp\/v2\/posts\/8813\/revisions"}],"predecessor-version":[{"id":8815,"href":"https:\/\/noticiarioregional.com.br\/index.php?rest_route=\/wp\/v2\/posts\/8813\/revisions\/8815"}],"wp:featuredmedia":[{"embeddable":true,"href":"https:\/\/noticiarioregional.com.br\/index.php?rest_route=\/wp\/v2\/media\/8814"}],"wp:attachment":[{"href":"https:\/\/noticiarioregional.com.br\/index.php?rest_route=%2Fwp%2Fv2%2Fmedia&parent=8813"}],"wp:term":[{"taxonomy":"category","embeddable":true,"href":"https:\/\/noticiarioregional.com.br\/index.php?rest_route=%2Fwp%2Fv2%2Fcategories&post=8813"},{"taxonomy":"post_tag","embeddable":true,"href":"https:\/\/noticiarioregional.com.br\/index.php?rest_route=%2Fwp%2Fv2%2Ftags&post=8813"}],"curies":[{"name":"wp","href":"https:\/\/api.w.org\/{rel}","templated":true}]}}