{"id":8816,"date":"2026-03-09T08:04:43","date_gmt":"2026-03-09T11:04:43","guid":{"rendered":"https:\/\/noticiarioregional.com.br\/?p=8816"},"modified":"2026-03-09T08:04:44","modified_gmt":"2026-03-09T11:04:44","slug":"voluntarias-promovem-arrecadacao-para-bazar-solidario-em-apoio-ao-hospital-de-mondai-e-a-oncopediatria-de-chapeco","status":"publish","type":"post","link":"https:\/\/noticiarioregional.com.br\/?p=8816","title":{"rendered":"Volunt\u00e1rias promovem arrecada\u00e7\u00e3o para bazar solid\u00e1rio em apoio ao Hospital de Monda\u00ed e \u00e0 Oncopediatria de Chapec\u00f3"},"content":{"rendered":"\n<p><strong>Monda\u00ed &#8211;<\/strong> As volunt\u00e1rias da AME, est\u00e3o mobilizando a comunidade em mais uma a\u00e7\u00e3o solid\u00e1ria. O grupo deu in\u00edcio \u00e0 arrecada\u00e7\u00e3o de doa\u00e7\u00f5es para a realiza\u00e7\u00e3o de um bazar beneficente, que tem como objetivo apoiar projetos de sa\u00fade na regi\u00e3o. As informa\u00e7\u00f5es s\u00e3o da volunt\u00e1ria Dani Flach, que destaca o envolvimento e a uni\u00e3o da comunidade em torno da causa.<\/p>\n\n\n\n<p>Est\u00e3o sendo arrecadadas roupas, cal\u00e7ados, acess\u00f3rios, livros e diversos objetos, desde que estejam em bom estado de conserva\u00e7\u00e3o. \u201c<em>Se estiver em bom estado, pode encaminhar com uma das volunt\u00e1rias da AME. Toda doa\u00e7\u00e3o \u00e9 muito bem-vinda<\/em>\u201d, refor\u00e7a Dani. Para facilitar a participa\u00e7\u00e3o da popula\u00e7\u00e3o, foram organizados diversos pontos de recolha no munic\u00edpio de Monda\u00ed. As doa\u00e7\u00f5es podem ser entregues na resid\u00eancia da volunt\u00e1ria Dani Flach, na Associa\u00e7\u00e3o Hospitalar Monda\u00ed, na contabilidade Eleve com volunt\u00e1ria Tati Kich e no Laju, na Padaria Alecrim, da Vani.<\/p>\n\n\n\n<p>A arrecada\u00e7\u00e3o segue oficialmente at\u00e9 o dia 15 de mar\u00e7o, prazo estabelecido para que a comunidade possa se organizar e contribuir. No entanto, Dani explica que ainda haver\u00e1 um per\u00edodo extra de aproximadamente duas semanas para o recebimento de doa\u00e7\u00f5es.<\/p>\n\n\n\n<p>O bazar solid\u00e1rio est\u00e1 previsto para acontecer na segunda semana de abril, logo ap\u00f3s a P\u00e1scoa. A expectativa \u00e9 de que o evento mobilize novamente a popula\u00e7\u00e3o, que tradicionalmente abra\u00e7a as causas promovidas pela AME.<\/p>\n\n\n\n<p>Os recursos arrecadados ter\u00e3o duas finalidades principais. A primeira delas \u00e9 apoiar um projeto do hospital de Monda\u00ed, com prioridade para a troca dos climatizadores dos quartos. A AME tamb\u00e9m ir\u00e1 contribuir com um projeto de reforma da oncopediatria em Chapec\u00f3, setor que atende crian\u00e7as de Monda\u00ed e de toda a regi\u00e3o. A iniciativa refor\u00e7a o compromisso da associa\u00e7\u00e3o n\u00e3o apenas com o munic\u00edpio, mas com toda a rede de apoio \u00e0 sa\u00fade regional.<\/p>\n\n\n\n<p>A a\u00e7\u00e3o evidencia, mais uma vez, a for\u00e7a da solidariedade que marca a comunidade mondaiense. <em>\u201cEssa \u00e9 mais uma a\u00e7\u00e3o que mostra a for\u00e7a da nossa comunidade. Aqui, a solidariedade fala mais alto. Aqui, ningu\u00e9m caminha sozinho<\/em>\u201d, ressalta Dani.<\/p>\n\n\n\n<p>Com o lema de que fazer o bem \u00e9 sempre o maior prop\u00f3sito, as volunt\u00e1rias da AME refor\u00e7am o convite para que todos participem. A contribui\u00e7\u00e3o pode parecer simples, mas faz grande diferen\u00e7a na vida de quem precisa.<\/p>\n","protected":false},"excerpt":{"rendered":"<p>Monda\u00ed &#8211; As volunt\u00e1rias da AME, est\u00e3o mobilizando a comunidade em mais uma a\u00e7\u00e3o solid\u00e1ria. O grupo deu in\u00edcio \u00e0 arrecada\u00e7\u00e3o de doa\u00e7\u00f5es para a realiza\u00e7\u00e3o de um bazar beneficente, que tem como objetivo apoiar projetos de sa\u00fade na regi\u00e3o. As informa\u00e7\u00f5es s\u00e3o da volunt\u00e1ria Dani Flach, que destaca o envolvimento e a uni\u00e3o da<\/p>\n","protected":false},"author":1,"featured_media":8817,"comment_status":"open","ping_status":"open","sticky":false,"template":"","format":"standard","meta":{"footnotes":""},"categories":[41],"tags":[],"class_list":{"0":"post-8816","1":"post","2":"type-post","3":"status-publish","4":"format-standard","5":"has-post-thumbnail","7":"category-noticias"},"_links":{"self":[{"href":"https:\/\/noticiarioregional.com.br\/index.php?rest_route=\/wp\/v2\/posts\/8816","targetHints":{"allow":["GET"]}}],"collection":[{"href":"https:\/\/noticiarioregional.com.br\/index.php?rest_route=\/wp\/v2\/posts"}],"about":[{"href":"https:\/\/noticiarioregional.com.br\/index.php?rest_route=\/wp\/v2\/types\/post"}],"author":[{"embeddable":true,"href":"https:\/\/noticiarioregional.com.br\/index.php?rest_route=\/wp\/v2\/users\/1"}],"replies":[{"embeddable":true,"href":"https:\/\/noticiarioregional.com.br\/index.php?rest_route=%2Fwp%2Fv2%2Fcomments&post=8816"}],"version-history":[{"count":1,"href":"https:\/\/noticiarioregional.com.br\/index.php?rest_route=\/wp\/v2\/posts\/8816\/revisions"}],"predecessor-version":[{"id":8818,"href":"https:\/\/noticiarioregional.com.br\/index.php?rest_route=\/wp\/v2\/posts\/8816\/revisions\/8818"}],"wp:featuredmedia":[{"embeddable":true,"href":"https:\/\/noticiarioregional.com.br\/index.php?rest_route=\/wp\/v2\/media\/8817"}],"wp:attachment":[{"href":"https:\/\/noticiarioregional.com.br\/index.php?rest_route=%2Fwp%2Fv2%2Fmedia&parent=8816"}],"wp:term":[{"taxonomy":"category","embeddable":true,"href":"https:\/\/noticiarioregional.com.br\/index.php?rest_route=%2Fwp%2Fv2%2Fcategories&post=8816"},{"taxonomy":"post_tag","embeddable":true,"href":"https:\/\/noticiarioregional.com.br\/index.php?rest_route=%2Fwp%2Fv2%2Ftags&post=8816"}],"curies":[{"name":"wp","href":"https:\/\/api.w.org\/{rel}","templated":true}]}}