{"id":8819,"date":"2026-03-09T08:06:10","date_gmt":"2026-03-09T11:06:10","guid":{"rendered":"https:\/\/noticiarioregional.com.br\/?p=8819"},"modified":"2026-03-09T08:06:11","modified_gmt":"2026-03-09T11:06:11","slug":"regiao-pastoral-de-itapiranga-institui-comissao-da-juventude","status":"publish","type":"post","link":"https:\/\/noticiarioregional.com.br\/?p=8819","title":{"rendered":"Regi\u00e3o Pastoral de Itapiranga institui Comiss\u00e3o da Juventude"},"content":{"rendered":"\n<p class=\"has-text-align-center has-large-font-size\"><strong><em>Encontro foi sediado pela par\u00f3quia de S\u00e3o Jo\u00e3o do Oeste<\/em><\/strong><\/p>\n\n\n\n<p><strong>S\u00e3o Jo\u00e3o do Oeste \u2013 <\/strong>Em reuni\u00e3o realizada no dia 14 de fevereiro, na par\u00f3quia S\u00e3o Jo\u00e3o Berchmans de S\u00e3o Jo\u00e3o do Oeste, foi formada a primeira Comiss\u00e3o da Juventude da Arquidiocese de Chapec\u00f3. O encontro reuniu jovens e lideran\u00e7as das cinco par\u00f3quias da Regi\u00e3o Pastoral de Itapiranga, que contempla S\u00e3o Jo\u00e3o do Oeste, Itapiranga, Tun\u00e1polis, Ipor\u00e3 do Oeste e Monda\u00ed. Esteve presente tamb\u00e9m a Irm\u00e3 Paula Moura, integrante da coordena\u00e7\u00e3o de juventude da Arquidiocese de Chapec\u00f3.<\/p>\n\n\n\n<p>A animadora vocacional da par\u00f3quia, S\u00f4nia Spaniol Theisen, destaca que a Regi\u00e3o Pastoral de Itapiranga \u00e9 a primeira da Arquidiocese a instituir esta Comiss\u00e3o, mas este trabalho ir\u00e1 se estender pelas demais regi\u00f5es pastorais. Comenta que a Comiss\u00e3o busca fortalecer a atua\u00e7\u00e3o dos jovens junto a igreja, e nas a\u00e7\u00f5es que promove.<\/p>\n\n\n\n<p>Segundo a Irm\u00e3 Paula, a Pastoral Juvenil \u00e9 o organismo que re\u00fane os v\u00e1rios grupos e express\u00f5es que trabalham com jovens, e tem a miss\u00e3o de articular a\u00e7\u00f5es em prol desta prioridade. Como a Arquidiocese \u00e9 grande geograficamente e est\u00e1 organizada por Regi\u00f5es Pastorais, cita que a Pastoral Juvenil promoveu a escuta dos jovens por meio de F\u00f3runs das Juventudes e outras atividades, e a partir disso iniciou o processo de formar uma Comiss\u00e3o para a Juventude em cada Regi\u00e3o Pastoral.<\/p>\n\n\n\n<p>Irm\u00e3 Paula explica que a Comiss\u00e3o tem a miss\u00e3o de refletir sobre a realidade juvenil de cada par\u00f3quia e consequentemente da Regi\u00e3o Pastoral, com aten\u00e7\u00e3o \u00e0 a\u00e7\u00e3o evangelizadora. Um processo de observa\u00e7\u00e3o e escuta que ajudar\u00e1 a construir uma vis\u00e3o ampla das juventudes e sua realidade atual. <em>\u201cA Comiss\u00e3o tamb\u00e9m contribuir\u00e1 para ampliar e fortalecer as a\u00e7\u00f5es j\u00e1 existentes nas par\u00f3quias e promover\u00e1 momentos coletivos de conviv\u00eancia, espiritualidade, forma\u00e7\u00e3o e promo\u00e7\u00e3o do protagonismo jovem, enquanto Regi\u00e3o Pastoral\u201d,<\/em> destaca a religiosa.<\/p>\n\n\n\n<p>Em S\u00e3o Jo\u00e3o do Oeste, S\u00f4nia ressalta que o trabalho com os jovens j\u00e1 vem sendo realizado atrav\u00e9s do Encontro Paroquial, com atividades como trilhas, plantio e cuidado de \u00e1rvores. Al\u00e9m dos grupos de jovens em v\u00e1rias comunidades do munic\u00edpio, na par\u00f3quia est\u00e1 sendo formada tamb\u00e9m a Pastoral Jovem.<\/p>\n","protected":false},"excerpt":{"rendered":"<p>Encontro foi sediado pela par\u00f3quia de S\u00e3o Jo\u00e3o do Oeste S\u00e3o Jo\u00e3o do Oeste \u2013 Em reuni\u00e3o realizada no dia 14 de fevereiro, na par\u00f3quia S\u00e3o Jo\u00e3o Berchmans de S\u00e3o Jo\u00e3o do Oeste, foi formada a primeira Comiss\u00e3o da Juventude da Arquidiocese de Chapec\u00f3. O encontro reuniu jovens e lideran\u00e7as das cinco par\u00f3quias da Regi\u00e3o<\/p>\n","protected":false},"author":1,"featured_media":8820,"comment_status":"open","ping_status":"open","sticky":false,"template":"","format":"standard","meta":{"footnotes":""},"categories":[41],"tags":[],"class_list":{"0":"post-8819","1":"post","2":"type-post","3":"status-publish","4":"format-standard","5":"has-post-thumbnail","7":"category-noticias"},"_links":{"self":[{"href":"https:\/\/noticiarioregional.com.br\/index.php?rest_route=\/wp\/v2\/posts\/8819","targetHints":{"allow":["GET"]}}],"collection":[{"href":"https:\/\/noticiarioregional.com.br\/index.php?rest_route=\/wp\/v2\/posts"}],"about":[{"href":"https:\/\/noticiarioregional.com.br\/index.php?rest_route=\/wp\/v2\/types\/post"}],"author":[{"embeddable":true,"href":"https:\/\/noticiarioregional.com.br\/index.php?rest_route=\/wp\/v2\/users\/1"}],"replies":[{"embeddable":true,"href":"https:\/\/noticiarioregional.com.br\/index.php?rest_route=%2Fwp%2Fv2%2Fcomments&post=8819"}],"version-history":[{"count":1,"href":"https:\/\/noticiarioregional.com.br\/index.php?rest_route=\/wp\/v2\/posts\/8819\/revisions"}],"predecessor-version":[{"id":8821,"href":"https:\/\/noticiarioregional.com.br\/index.php?rest_route=\/wp\/v2\/posts\/8819\/revisions\/8821"}],"wp:featuredmedia":[{"embeddable":true,"href":"https:\/\/noticiarioregional.com.br\/index.php?rest_route=\/wp\/v2\/media\/8820"}],"wp:attachment":[{"href":"https:\/\/noticiarioregional.com.br\/index.php?rest_route=%2Fwp%2Fv2%2Fmedia&parent=8819"}],"wp:term":[{"taxonomy":"category","embeddable":true,"href":"https:\/\/noticiarioregional.com.br\/index.php?rest_route=%2Fwp%2Fv2%2Fcategories&post=8819"},{"taxonomy":"post_tag","embeddable":true,"href":"https:\/\/noticiarioregional.com.br\/index.php?rest_route=%2Fwp%2Fv2%2Ftags&post=8819"}],"curies":[{"name":"wp","href":"https:\/\/api.w.org\/{rel}","templated":true}]}}