{"id":8831,"date":"2026-03-09T08:12:49","date_gmt":"2026-03-09T11:12:49","guid":{"rendered":"https:\/\/noticiarioregional.com.br\/?p=8831"},"modified":"2026-03-09T08:12:50","modified_gmt":"2026-03-09T11:12:50","slug":"secretaria-de-agricultura-altera-programa-de-incentivo-a-cobertura-verde","status":"publish","type":"post","link":"https:\/\/noticiarioregional.com.br\/?p=8831","title":{"rendered":"Secretaria de Agricultura altera programa de incentivo a cobertura verde"},"content":{"rendered":"\n<p class=\"has-text-align-center has-large-font-size\"><strong><em>A partir deste ano o produtor pode optar pelo mix de sementes<\/em> <em>de sua escolha<\/em><\/strong><\/p>\n\n\n\n<p><strong>S\u00e3o Jo\u00e3o do Oeste \u2013 <\/strong>A diretora da Agricultura, Tatiane Henrich, explica que anteriormente o mix de sementes era licitado pelo munic\u00edpio, e para ser contemplado, o produtor precisava fazer o requerimento na secretaria, o que tinha prazo de 30 dias. Para contemplar mais produtores e tamb\u00e9m fomentar a compra no com\u00e9rcio local, a diretora destaca que a partir deste ano o programa foi alterado.<\/p>\n\n\n\n<p>Com isso, Tatiane cita que o agricultor compra o mix de sementes de sua escolha e na empresa local que desejar, depois apresenta os documentos e a nota fiscal de compra na secretaria de Agricultura para receber o ressarcimento. O incentivo \u00e9 de at\u00e9 R$ 70,00 o hectare plantado, ao limite de 10 hectares e R$ 700,00 no ano. A diretora lembra que o produtor precisa optar pelo incentivo no plantio feito no ver\u00e3o ou no inverno.<\/p>\n\n\n\n<p>A diretora chama aten\u00e7\u00e3o para um dos crit\u00e9rios do programa, que o plantio da semente n\u00e3o pode ser usado para pastejo, sendo exclusivamente para cobertura verde. Antes da derrubada da cobertura, a secretaria de Agricultura ir\u00e1 fazer visitas para fiscalizar as \u00e1reas. E por isso, o produtor deve apresentar a nota pr\u00f3ximo ao per\u00edodo de plantio, e antes da colheita. Para se enquadrar no programa, o produtor deve apresentar movimento econ\u00f4mico de no m\u00ednimo R$ 5 mil por ano.<\/p>\n","protected":false},"excerpt":{"rendered":"<p>A partir deste ano o produtor pode optar pelo mix de sementes de sua escolha S\u00e3o Jo\u00e3o do Oeste \u2013 A diretora da Agricultura, Tatiane Henrich, explica que anteriormente o mix de sementes era licitado pelo munic\u00edpio, e para ser contemplado, o produtor precisava fazer o requerimento na secretaria, o que tinha prazo de 30<\/p>\n","protected":false},"author":1,"featured_media":8832,"comment_status":"open","ping_status":"open","sticky":false,"template":"","format":"standard","meta":{"footnotes":""},"categories":[41],"tags":[],"class_list":{"0":"post-8831","1":"post","2":"type-post","3":"status-publish","4":"format-standard","5":"has-post-thumbnail","7":"category-noticias"},"_links":{"self":[{"href":"https:\/\/noticiarioregional.com.br\/index.php?rest_route=\/wp\/v2\/posts\/8831","targetHints":{"allow":["GET"]}}],"collection":[{"href":"https:\/\/noticiarioregional.com.br\/index.php?rest_route=\/wp\/v2\/posts"}],"about":[{"href":"https:\/\/noticiarioregional.com.br\/index.php?rest_route=\/wp\/v2\/types\/post"}],"author":[{"embeddable":true,"href":"https:\/\/noticiarioregional.com.br\/index.php?rest_route=\/wp\/v2\/users\/1"}],"replies":[{"embeddable":true,"href":"https:\/\/noticiarioregional.com.br\/index.php?rest_route=%2Fwp%2Fv2%2Fcomments&post=8831"}],"version-history":[{"count":1,"href":"https:\/\/noticiarioregional.com.br\/index.php?rest_route=\/wp\/v2\/posts\/8831\/revisions"}],"predecessor-version":[{"id":8833,"href":"https:\/\/noticiarioregional.com.br\/index.php?rest_route=\/wp\/v2\/posts\/8831\/revisions\/8833"}],"wp:featuredmedia":[{"embeddable":true,"href":"https:\/\/noticiarioregional.com.br\/index.php?rest_route=\/wp\/v2\/media\/8832"}],"wp:attachment":[{"href":"https:\/\/noticiarioregional.com.br\/index.php?rest_route=%2Fwp%2Fv2%2Fmedia&parent=8831"}],"wp:term":[{"taxonomy":"category","embeddable":true,"href":"https:\/\/noticiarioregional.com.br\/index.php?rest_route=%2Fwp%2Fv2%2Fcategories&post=8831"},{"taxonomy":"post_tag","embeddable":true,"href":"https:\/\/noticiarioregional.com.br\/index.php?rest_route=%2Fwp%2Fv2%2Ftags&post=8831"}],"curies":[{"name":"wp","href":"https:\/\/api.w.org\/{rel}","templated":true}]}}