{"id":8834,"date":"2026-03-09T08:14:11","date_gmt":"2026-03-09T11:14:11","guid":{"rendered":"https:\/\/noticiarioregional.com.br\/?p=8834"},"modified":"2026-03-09T08:14:12","modified_gmt":"2026-03-09T11:14:12","slug":"acid-promove-jantar-premiado-em-homenagem-ao-dia-internacional-da-mulher","status":"publish","type":"post","link":"https:\/\/noticiarioregional.com.br\/?p=8834","title":{"rendered":"ACID promove Jantar Premiado em homenagem ao Dia Internacional da Mulher"},"content":{"rendered":"\n<p><strong>Descanso \u2013 <\/strong>Ser\u00e1 realizado no dia 05 de mar\u00e7o o 14\u00aa Jantar Premiado alusivo ao Dia Internacional da Mulher, comemorado em 08 de mar\u00e7o. A promo\u00e7\u00e3o \u00e9 da C\u00e2mara de Dirigentes Lojistas e Associa\u00e7\u00e3o Comercial de Descanso e Belmonte, CDL\/ACID. A diretora de eventos da entidade, Ana Pereira Fleck, destaca que os ingressos para esta noite especial est\u00e3o sendo vendidos ao valor de R$ 100,00, e podem ser adquiridos at\u00e9 dia 02 de mar\u00e7o com a diretoria ou na sede da CDL\/ACID.<\/p>\n\n\n\n<p>A diretora de eventos cita que a programa\u00e7\u00e3o ser\u00e1 realizada no Clube Sad, e em fun\u00e7\u00e3o do espa\u00e7o f\u00edsico, o n\u00famero de ingressos ser\u00e1 limitado a 300. Ana ressalta que o jantar ser\u00e1 preparado pela Kika Restaurante, e ter\u00e1 um card\u00e1pio especial, contemplando carne de frango e porco, lasanhas de frango e br\u00f3colis, arroz, arroz colorido, escondidinho, farofa, saladas, maionese, v\u00e1rios tipos de salada e sobremesas. Durante a noite haver\u00e1 tamb\u00e9m din\u00e2micas, brincadeiras de integra\u00e7\u00e3o e m\u00fasica, com anima\u00e7\u00e3o de DJ.<\/p>\n","protected":false},"excerpt":{"rendered":"<p>Descanso \u2013 Ser\u00e1 realizado no dia 05 de mar\u00e7o o 14\u00aa Jantar Premiado alusivo ao Dia Internacional da Mulher, comemorado em 08 de mar\u00e7o. A promo\u00e7\u00e3o \u00e9 da C\u00e2mara de Dirigentes Lojistas e Associa\u00e7\u00e3o Comercial de Descanso e Belmonte, CDL\/ACID. A diretora de eventos da entidade, Ana Pereira Fleck, destaca que os ingressos para esta<\/p>\n","protected":false},"author":1,"featured_media":8835,"comment_status":"open","ping_status":"open","sticky":false,"template":"","format":"standard","meta":{"footnotes":""},"categories":[41],"tags":[],"class_list":{"0":"post-8834","1":"post","2":"type-post","3":"status-publish","4":"format-standard","5":"has-post-thumbnail","7":"category-noticias"},"_links":{"self":[{"href":"https:\/\/noticiarioregional.com.br\/index.php?rest_route=\/wp\/v2\/posts\/8834","targetHints":{"allow":["GET"]}}],"collection":[{"href":"https:\/\/noticiarioregional.com.br\/index.php?rest_route=\/wp\/v2\/posts"}],"about":[{"href":"https:\/\/noticiarioregional.com.br\/index.php?rest_route=\/wp\/v2\/types\/post"}],"author":[{"embeddable":true,"href":"https:\/\/noticiarioregional.com.br\/index.php?rest_route=\/wp\/v2\/users\/1"}],"replies":[{"embeddable":true,"href":"https:\/\/noticiarioregional.com.br\/index.php?rest_route=%2Fwp%2Fv2%2Fcomments&post=8834"}],"version-history":[{"count":1,"href":"https:\/\/noticiarioregional.com.br\/index.php?rest_route=\/wp\/v2\/posts\/8834\/revisions"}],"predecessor-version":[{"id":8836,"href":"https:\/\/noticiarioregional.com.br\/index.php?rest_route=\/wp\/v2\/posts\/8834\/revisions\/8836"}],"wp:featuredmedia":[{"embeddable":true,"href":"https:\/\/noticiarioregional.com.br\/index.php?rest_route=\/wp\/v2\/media\/8835"}],"wp:attachment":[{"href":"https:\/\/noticiarioregional.com.br\/index.php?rest_route=%2Fwp%2Fv2%2Fmedia&parent=8834"}],"wp:term":[{"taxonomy":"category","embeddable":true,"href":"https:\/\/noticiarioregional.com.br\/index.php?rest_route=%2Fwp%2Fv2%2Fcategories&post=8834"},{"taxonomy":"post_tag","embeddable":true,"href":"https:\/\/noticiarioregional.com.br\/index.php?rest_route=%2Fwp%2Fv2%2Ftags&post=8834"}],"curies":[{"name":"wp","href":"https:\/\/api.w.org\/{rel}","templated":true}]}}