{"id":8837,"date":"2026-03-09T08:15:21","date_gmt":"2026-03-09T11:15:21","guid":{"rendered":"https:\/\/noticiarioregional.com.br\/?p=8837"},"modified":"2026-03-09T08:15:22","modified_gmt":"2026-03-09T11:15:22","slug":"assistencia-social-retoma-programas-com-novidades-em-projetos-para-a-terceira-idade","status":"publish","type":"post","link":"https:\/\/noticiarioregional.com.br\/?p=8837","title":{"rendered":"Assist\u00eancia Social retoma programas com novidades em projetos para a terceira idade"},"content":{"rendered":"\n<p><strong>S\u00e3o Jo\u00e3o do Oeste \u2013 <\/strong>Um dos programas sociais que se destaca no munic\u00edpio pelas a\u00e7\u00f5es desenvolvidas junto \u00e0 comunidade local \u00e9 o \u201cCuidar de quem cuida\u201d. A a\u00e7\u00e3o \u00e9 realizada h\u00e1 cerca de 15 anos, e como o nome diz, o objetivo \u00e9 cuidar, apoiar, valorizar e orientar aquelas pessoas que cuidam das outras, sejam familiares ou conhecidos. A diretora do departamento de Assist\u00eancia Social, S\u00f4nia Spaniol Theisen, destaca que pelo programa s\u00e3o realizados encontros anuais, reunindo os cuidadores em um momento de orienta\u00e7\u00e3o e reconhecimento. No munic\u00edpio atualmente s\u00e3o cerca de 100 cuidadores.<\/p>\n\n\n\n<p>O primeiro encontro do ano est\u00e1 marcado para dia 16 de mar\u00e7o, a partir das 13h30 no audit\u00f3rio do CRAS. S\u00f4nia anuncia que o palestrante na data ser\u00e1 o m\u00e9dico cardiologista, doutor Leandro Giacomello, de Ipor\u00e3 do Oeste. A diretora cita como novidade este ano a realiza\u00e7\u00e3o de mais encontros, no total de quatro, sempre abordando temas e trazendo diferentes profissionais para a conversa com os cuidadores. <em>\u201cO servi\u00e7o tem a finalidade de promover a autonomia, a inclus\u00e3o social e a melhoria da qualidade de vida das pessoas participantes\u201d, <\/em>cita a diretora. O programa \u00e9 coordenado pela psic\u00f3loga e assistente social da prote\u00e7\u00e3o social especial.<\/p>\n\n\n\n<p>Outro programa que ser\u00e1 retomado nos pr\u00f3ximos dias \u00e9 o \u201cCidad\u00e3o Mirim\u201d, executado desde 2005, voltado a forma\u00e7\u00e3o de cuidadores ecol\u00f3gicos. A diretora de Assist\u00eancia Social explica que o p\u00fablico alvo s\u00e3o adolescentes de 13 a 18 anos, encaminhados pela equipe t\u00e9cnica da prote\u00e7\u00e3o social especial. Atrav\u00e9s da parceria do Setor Social, as escolas e do viveiro municipal atrav\u00e9s da secretaria de Agricultura, S\u00f4nia explica que os jovens se dedicam a 8h semanais, divididos em dois per\u00edodos no contraturno escolar, no aux\u00edlio das atividades <del>no<\/del><ins>do<\/ins> viveiro municipal, acompanhados pelo coordenador In\u00e1cio Schuh.<\/p>\n\n\n\n<p>A diretora anuncia tamb\u00e9m novidades em rela\u00e7\u00e3o ao trabalho com os grupos de idosos. S\u00f4nia comenta que para melhorar a qualidade de vida, que contribui significativamente para a longevidade, a partir deste ano ser\u00e1 executado o projeto \u201cVozes da Sabedoria\u201d. Atrav\u00e9s deste, ser\u00e3o realizados encontros mensais com a\u00e7\u00f5es de m\u00fasica e canto, principalmente com o objetivo de resgatar can\u00e7\u00f5es populares e tamb\u00e9m no idioma alem\u00e3o. A diretora lembra que o projeto vem ao encontro dos 100 anos da coloniza\u00e7\u00e3o de Porto Novo, comemorados em 2026, sendo que muitos idosos do munic\u00edpio, junto com suas fam\u00edlias, fizeram parte desse processo. Ainda no setor de Assist\u00eancia Social, a diretora destaca j\u00e1 foram retomadas as atividades do Servi\u00e7o de Conviv\u00eancia e Fortalecimento de V\u00ednculos no CRAS, que integra crian\u00e7as, adolescentes e idosas. Tamb\u00e9m ser\u00e3o realizadas visitas aos usu\u00e1rios que recebem o Benef\u00edcio de Presta\u00e7\u00e3o Continuada, o BPC, em parceria com a gest\u00e3o do Cadastro \u00danico. E ainda, est\u00e1 sendo executado o Plano de A\u00e7\u00e3o e Inclus\u00e3o Socioprodutiva em parceria com o SEBRAE, que tem como p\u00fablico alvo os benefici\u00e1rios do Bolsa Fam\u00edlia e Cadastro \u00danico. S\u00f4nia comenta que j\u00e1 foram realizadas duas palestras no ano passado, e para 2026 est\u00e3o previstas atividades pr\u00e1ticas, como oficinas e treinamentos, com foco em ofertar oportunidades para gera\u00e7\u00e3o de emprego e renda.<\/p>\n","protected":false},"excerpt":{"rendered":"<p>S\u00e3o Jo\u00e3o do Oeste \u2013 Um dos programas sociais que se destaca no munic\u00edpio pelas a\u00e7\u00f5es desenvolvidas junto \u00e0 comunidade local \u00e9 o \u201cCuidar de quem cuida\u201d. A a\u00e7\u00e3o \u00e9 realizada h\u00e1 cerca de 15 anos, e como o nome diz, o objetivo \u00e9 cuidar, apoiar, valorizar e orientar aquelas pessoas que cuidam das outras,<\/p>\n","protected":false},"author":1,"featured_media":8838,"comment_status":"open","ping_status":"open","sticky":false,"template":"","format":"standard","meta":{"footnotes":""},"categories":[41],"tags":[],"class_list":{"0":"post-8837","1":"post","2":"type-post","3":"status-publish","4":"format-standard","5":"has-post-thumbnail","7":"category-noticias"},"_links":{"self":[{"href":"https:\/\/noticiarioregional.com.br\/index.php?rest_route=\/wp\/v2\/posts\/8837","targetHints":{"allow":["GET"]}}],"collection":[{"href":"https:\/\/noticiarioregional.com.br\/index.php?rest_route=\/wp\/v2\/posts"}],"about":[{"href":"https:\/\/noticiarioregional.com.br\/index.php?rest_route=\/wp\/v2\/types\/post"}],"author":[{"embeddable":true,"href":"https:\/\/noticiarioregional.com.br\/index.php?rest_route=\/wp\/v2\/users\/1"}],"replies":[{"embeddable":true,"href":"https:\/\/noticiarioregional.com.br\/index.php?rest_route=%2Fwp%2Fv2%2Fcomments&post=8837"}],"version-history":[{"count":1,"href":"https:\/\/noticiarioregional.com.br\/index.php?rest_route=\/wp\/v2\/posts\/8837\/revisions"}],"predecessor-version":[{"id":8839,"href":"https:\/\/noticiarioregional.com.br\/index.php?rest_route=\/wp\/v2\/posts\/8837\/revisions\/8839"}],"wp:featuredmedia":[{"embeddable":true,"href":"https:\/\/noticiarioregional.com.br\/index.php?rest_route=\/wp\/v2\/media\/8838"}],"wp:attachment":[{"href":"https:\/\/noticiarioregional.com.br\/index.php?rest_route=%2Fwp%2Fv2%2Fmedia&parent=8837"}],"wp:term":[{"taxonomy":"category","embeddable":true,"href":"https:\/\/noticiarioregional.com.br\/index.php?rest_route=%2Fwp%2Fv2%2Fcategories&post=8837"},{"taxonomy":"post_tag","embeddable":true,"href":"https:\/\/noticiarioregional.com.br\/index.php?rest_route=%2Fwp%2Fv2%2Ftags&post=8837"}],"curies":[{"name":"wp","href":"https:\/\/api.w.org\/{rel}","templated":true}]}}