{"id":8840,"date":"2026-03-09T08:16:36","date_gmt":"2026-03-09T11:16:36","guid":{"rendered":"https:\/\/noticiarioregional.com.br\/?p=8840"},"modified":"2026-03-09T08:16:37","modified_gmt":"2026-03-09T11:16:37","slug":"grupo-de-patinacao-rosas-do-sul-retoma-atividades-para-o-ano","status":"publish","type":"post","link":"https:\/\/noticiarioregional.com.br\/?p=8840","title":{"rendered":"Grupo de Patina\u00e7\u00e3o Rosas do Sul retoma atividades para o ano"},"content":{"rendered":"\n<p><strong>S\u00e3o Jo\u00e3o do Oeste \u2013 <\/strong>Na quarta-feira, 18, foi realizado o primeiro encontro do ano com os patinadores que j\u00e1 participavam das aulas no ano passado, bem como, com os novos integrantes. A presidente do grupo, Adelaide Royer, explica que na retomada dos ensaios foram organizadas as turmas, sendo que ser\u00e3o tr\u00eas de manh\u00e3 e duas a tarde.<\/p>\n\n\n\n<p>Al\u00e9m das aulas na sede, realizadas nas quartas-feiras e s\u00e1bados com o grupo de show, Adelaide cita que s\u00e3o realizados ensaios tamb\u00e9m em Beato Roque e Cristo Rei, nos s\u00e1bados de manh\u00e3, intercalados nas duas comunidades. Na cidade a professora \u00e9 Anelise Kaufmann, e nas comunidades \u00e9 Dhandara Ruhoff. No momento s\u00e3o cerca de 128 integrantes. A presidente pede que interessados em participar das aulas procurem a diretoria para se inscrever at\u00e9 in\u00edcio de mar\u00e7o. Podem se inscrever crian\u00e7as a partir de quatro anos de idade, e cada aluno deve ter seu pr\u00f3prio patins. <del>Adelene<\/del><ins>Adelaide<\/ins> lembra que no dia 18 de fevereiro o grupo de patina\u00e7\u00e3o assinou o termo de fomento com o munic\u00edpio, no valor de R$ 34 mil, destinado ao pagamento das professoras. Para as demais despesas, a presidente comenta que s\u00e3o usados recursos das contribui\u00e7\u00f5es das fam\u00edlias e dos eventos que a entidade promove. A partir deste ano o grupo ir\u00e1 realizar uma prova para selecionar os alunos que ir\u00e3o fazer parte do grupo de show, este que representa o munic\u00edpio nas competi\u00e7\u00f5es e eventos.<\/p>\n","protected":false},"excerpt":{"rendered":"<p>S\u00e3o Jo\u00e3o do Oeste \u2013 Na quarta-feira, 18, foi realizado o primeiro encontro do ano com os patinadores que j\u00e1 participavam das aulas no ano passado, bem como, com os novos integrantes. A presidente do grupo, Adelaide Royer, explica que na retomada dos ensaios foram organizadas as turmas, sendo que ser\u00e3o tr\u00eas de manh\u00e3 e<\/p>\n","protected":false},"author":1,"featured_media":8841,"comment_status":"open","ping_status":"open","sticky":false,"template":"","format":"standard","meta":{"footnotes":""},"categories":[41],"tags":[],"class_list":{"0":"post-8840","1":"post","2":"type-post","3":"status-publish","4":"format-standard","5":"has-post-thumbnail","7":"category-noticias"},"_links":{"self":[{"href":"https:\/\/noticiarioregional.com.br\/index.php?rest_route=\/wp\/v2\/posts\/8840","targetHints":{"allow":["GET"]}}],"collection":[{"href":"https:\/\/noticiarioregional.com.br\/index.php?rest_route=\/wp\/v2\/posts"}],"about":[{"href":"https:\/\/noticiarioregional.com.br\/index.php?rest_route=\/wp\/v2\/types\/post"}],"author":[{"embeddable":true,"href":"https:\/\/noticiarioregional.com.br\/index.php?rest_route=\/wp\/v2\/users\/1"}],"replies":[{"embeddable":true,"href":"https:\/\/noticiarioregional.com.br\/index.php?rest_route=%2Fwp%2Fv2%2Fcomments&post=8840"}],"version-history":[{"count":1,"href":"https:\/\/noticiarioregional.com.br\/index.php?rest_route=\/wp\/v2\/posts\/8840\/revisions"}],"predecessor-version":[{"id":8842,"href":"https:\/\/noticiarioregional.com.br\/index.php?rest_route=\/wp\/v2\/posts\/8840\/revisions\/8842"}],"wp:featuredmedia":[{"embeddable":true,"href":"https:\/\/noticiarioregional.com.br\/index.php?rest_route=\/wp\/v2\/media\/8841"}],"wp:attachment":[{"href":"https:\/\/noticiarioregional.com.br\/index.php?rest_route=%2Fwp%2Fv2%2Fmedia&parent=8840"}],"wp:term":[{"taxonomy":"category","embeddable":true,"href":"https:\/\/noticiarioregional.com.br\/index.php?rest_route=%2Fwp%2Fv2%2Fcategories&post=8840"},{"taxonomy":"post_tag","embeddable":true,"href":"https:\/\/noticiarioregional.com.br\/index.php?rest_route=%2Fwp%2Fv2%2Ftags&post=8840"}],"curies":[{"name":"wp","href":"https:\/\/api.w.org\/{rel}","templated":true}]}}