{"id":8843,"date":"2026-03-09T08:20:03","date_gmt":"2026-03-09T11:20:03","guid":{"rendered":"https:\/\/noticiarioregional.com.br\/?p=8843"},"modified":"2026-03-09T08:20:05","modified_gmt":"2026-03-09T11:20:05","slug":"ciclistas-de-ipora-do-oeste-percorrem-mais-de-400-kms-em-agradecimento-pelas-bencaos-da-vida","status":"publish","type":"post","link":"https:\/\/noticiarioregional.com.br\/?p=8843","title":{"rendered":"Ciclistas de Ipor\u00e3 do Oeste percorrem mais de 400 kms em agradecimento pelas ben\u00e7\u00e3os da vida"},"content":{"rendered":"\n<p class=\"has-text-align-center has-large-font-size\"><strong>\u201cDesafio Conhecer Pedalando\u201d<\/strong><\/p>\n\n\n\n<p><strong>Ipor\u00e3 do Oeste \u2013 <\/strong>Entre os dias 13 e 15 de fevereiro um grupo de ciclistas de Ipor\u00e3 do Oeste realizou a 5\u00aa edi\u00e7\u00e3o do desafio \u201cConhecer Pedalando&#8221;. Com o objetivo de se desafiarem no ciclismo de longa dist\u00e2ncia, nas edi\u00e7\u00f5es anteriores os ciclistas tiveram destinos diversos. Desta vez, na 5\u00aa edi\u00e7\u00e3o, havia um objetivo espec\u00edfico, o espiritual, com uma pedalada em agradecimento a tudo de bom que acontece e que por vezes, na rotina do dia a dia, n\u00e3o percebemos o quanto somos aben\u00e7oados. O destino final foi at\u00e9 o Cristo Protetor, na cidade de Encantado, RS.<\/p>\n\n\n\n<p>Participaram da aventura os ciclistas Darci Melz, 58 anos, Carlos de Souza, 57 anos, Charles Vogt, 45 anos, Jucelino Dalla Nora, 46 anos e Rafael de Souza, 37 anos. O grupo teve um carro de apoio que fornecia hidrata\u00e7\u00e3o e comida para a viagem, e dava suporte nas paradas, a cada 30 a 50 quil\u00f4metros. O suporte com o carro de apoio foi prestado pelo amigo dos ciclistas, Amarildo Lorenzet. Os atletas j\u00e1 realizaram excurs\u00f5es de bicicleta em v\u00e1rios outros momentos, e em duas edi\u00e7\u00f5es anteriores do desafio, o Jucelino Dalla Nora foi quem deu o suporte, mas desta vez, se preparou por dois anos para participar pedalando da aventura deste ano.<\/p>\n\n\n\n<figure class=\"wp-block-image size-large\"><img fetchpriority=\"high\" decoding=\"async\" width=\"768\" height=\"1024\" src=\"http:\/\/noticiarioregional.com.br\/wp-content\/uploads\/2026\/03\/Saida-dos-ciclistas-na-madrugada-do-dia-13-em-frente-a-igreja-matriz-de-Ipora-do-Oeste-768x1024.jpg\" alt=\"\" class=\"wp-image-8844\" srcset=\"https:\/\/noticiarioregional.com.br\/wp-content\/uploads\/2026\/03\/Saida-dos-ciclistas-na-madrugada-do-dia-13-em-frente-a-igreja-matriz-de-Ipora-do-Oeste-768x1024.jpg 768w, https:\/\/noticiarioregional.com.br\/wp-content\/uploads\/2026\/03\/Saida-dos-ciclistas-na-madrugada-do-dia-13-em-frente-a-igreja-matriz-de-Ipora-do-Oeste-225x300.jpg 225w, https:\/\/noticiarioregional.com.br\/wp-content\/uploads\/2026\/03\/Saida-dos-ciclistas-na-madrugada-do-dia-13-em-frente-a-igreja-matriz-de-Ipora-do-Oeste-1152x1536.jpg 1152w, https:\/\/noticiarioregional.com.br\/wp-content\/uploads\/2026\/03\/Saida-dos-ciclistas-na-madrugada-do-dia-13-em-frente-a-igreja-matriz-de-Ipora-do-Oeste-150x200.jpg 150w, https:\/\/noticiarioregional.com.br\/wp-content\/uploads\/2026\/03\/Saida-dos-ciclistas-na-madrugada-do-dia-13-em-frente-a-igreja-matriz-de-Ipora-do-Oeste-450x600.jpg 450w, https:\/\/noticiarioregional.com.br\/wp-content\/uploads\/2026\/03\/Saida-dos-ciclistas-na-madrugada-do-dia-13-em-frente-a-igreja-matriz-de-Ipora-do-Oeste.jpg 1200w\" sizes=\"(max-width: 768px) 100vw, 768px\" \/><figcaption class=\"wp-element-caption\">Sa\u00edda dos ciclistas, na madrugada do dia 13, em frente \u00e0 igreja matriz de Ipor\u00e3 do Oeste<\/figcaption><\/figure>\n\n\n\n<p>A sa\u00edda do pedal foi de Ipor\u00e3 do Oeste, com encontro marcado de madrugada, em frente \u00e0 igreja matriz. No primeiro dia foram percorridos 137 quil\u00f4metros, passando por Palmitos, Frederico Westphalen, Seberi, Boa Vista das Miss\u00f5es e Jaboticaba. O segundo dia foi pedalando em dire\u00e7\u00e3o a cidade de Carazinho at\u00e9 Tio Hugo, totalizando 152 quil\u00f4metros. No terceiro e \u00faltimo dia o trajeto percorrido foi de 140 quil\u00f4metros, passando por Soledade, Doutor Maur\u00edcio Cardoso, chegando ao destino, o Cristo Protetor na cidade de Encantado, RS. Os tr\u00eas dias totalizaram 429 quil\u00f4metros.<\/p>\n\n\n\n<p>Em nome do grupo, o ciclista Rafael de Souza afirma que nestes desafios o principal ponto positivo \u00e9 conhecer a regi\u00e3o de uma forma completamente diferente. <em>\u201cDe bicicleta voc\u00ea percebe detalhes que de carro passam despercebidos: comunidades pequenas, igrejas do interior, paisagens, al\u00e9m do contato direto com as pessoas. Em praticamente todas as cidades fomos muito bem recebidos, muitos moradores perguntavam de onde v\u00ednhamos e demonstravam admira\u00e7\u00e3o pelo desafio. Isso torna a experi\u00eancia muito mais humana do que esportiva\u201d.<\/em> Outro aspecto positivo que Rafael destaca \u00e9 o pr\u00f3prio grupo. Em viagens longas surgem dificuldades f\u00edsicas, cansa\u00e7o e imprevistos, ent\u00e3o acaba sendo um exerc\u00edcio de coopera\u00e7\u00e3o, em que um ajuda o outro o tempo todo, e ningu\u00e9m chega sozinho.<\/p>\n\n\n\n<p>J\u00e1 em rela\u00e7\u00e3o as dificuldades, cita que a maior delas ainda \u00e9 a conviv\u00eancia com o tr\u00e2nsito. Em geral, o ciclista considera que os motoristas respeitam, mas durante o trajeto ainda encontraram situa\u00e7\u00f5es de ultrapassagens muito pr\u00f3ximas as bicicletas e aos atletas, e falta de compreens\u00e3o de que a bicicleta tamb\u00e9m \u00e9 um ve\u00edculo. Em alguns trechos tamb\u00e9m encontraram pouca estrutura para ciclistas, como acostamentos estreitos ou inexistentes, o que aumenta a necessidade de aten\u00e7\u00e3o. Rafael ressalta que s\u00e3o quest\u00f5es que n\u00e3o impedem a pr\u00e1tica esportiva, mas mostram que ainda h\u00e1 espa\u00e7o para evoluir em educa\u00e7\u00e3o no tr\u00e2nsito e infraestrutura. <em>\u201cQuando h\u00e1 respeito de todos, a estrada fica segura para qualquer usu\u00e1rio\u201d,<\/em> complementa.<\/p>\n\n\n\n<p class=\"has-regular-font-size\"><strong>Cinco edi\u00e7\u00f5es do desafio \u201cConhecer Pedalando\u201d<\/strong><\/p>\n\n\n\n<p>O primeiro desafio do \u201cConhecer Pedalando\u201d ocorreu em 2018, quando Carlos de Souza foi desafiado por um familiar a fazer em tr\u00eas dias o percurso entre as cidades que eles moravam de bicicleta. Carlos aceitou o desafio, e pedalou de Ipor\u00e3 do Oeste a Pinheiro Preto, Santa Catarina, totalizando 380 quil\u00f4metros.<\/p>\n\n\n\n<p>Pegando gosto pelo desafio, teve a segunda edi\u00e7\u00e3o, de um trajeto de 500 quil\u00f4metros de Ipor\u00e3 do Oeste, passando por Derrubadas, Nonoai, Chapec\u00f3 com destino a Pinheiro Preto. O terceiro desafio teve o dobro da quilometragem. Foram 1000 quil\u00f4metros iniciando na divisa do Brasil com a Argentina, em Para\u00edso, em dire\u00e7\u00e3o a ponte em Laguna, passando por Chapec\u00f3, Lages, Urubici e Laguna.<\/p>\n\n\n\n<p>O quarto desafio, em 2022, foi maior ainda. Foram 2000 quil\u00f4metros passando por quatro pa\u00edses: Argentina, Paraguai, Uruguai e finalizando no Brasil. A sa\u00edda foi de Ipor\u00e3 do Oeste, entrando na Argentina por Para\u00edso, passando por Misiones e Corrientes, entrando no Brasil em Uruguaiana. O trajeto passou ainda pelo Uruguai e em seguida o retorno pelo Rio Grande do Sul, at\u00e9 chegar em Pinheiro Preto. Ap\u00f3s alguns anos sem realizar o desafio, este ano o grupo retomou a proposta, j\u00e1 idealizando os pr\u00f3ximos que est\u00e3o por mim. E este pr\u00f3ximo, com data a ser definida, deve superar os 2000 quil\u00f4metros.<\/p>\n","protected":false},"excerpt":{"rendered":"<p>\u201cDesafio Conhecer Pedalando\u201d Ipor\u00e3 do Oeste \u2013 Entre os dias 13 e 15 de fevereiro um grupo de ciclistas de Ipor\u00e3 do Oeste realizou a 5\u00aa edi\u00e7\u00e3o do desafio \u201cConhecer Pedalando&#8221;. Com o objetivo de se desafiarem no ciclismo de longa dist\u00e2ncia, nas edi\u00e7\u00f5es anteriores os ciclistas tiveram destinos diversos. Desta vez, na 5\u00aa edi\u00e7\u00e3o,<\/p>\n","protected":false},"author":1,"featured_media":8845,"comment_status":"open","ping_status":"open","sticky":false,"template":"","format":"standard","meta":{"footnotes":""},"categories":[41],"tags":[],"class_list":{"0":"post-8843","1":"post","2":"type-post","3":"status-publish","4":"format-standard","5":"has-post-thumbnail","7":"category-noticias"},"_links":{"self":[{"href":"https:\/\/noticiarioregional.com.br\/index.php?rest_route=\/wp\/v2\/posts\/8843","targetHints":{"allow":["GET"]}}],"collection":[{"href":"https:\/\/noticiarioregional.com.br\/index.php?rest_route=\/wp\/v2\/posts"}],"about":[{"href":"https:\/\/noticiarioregional.com.br\/index.php?rest_route=\/wp\/v2\/types\/post"}],"author":[{"embeddable":true,"href":"https:\/\/noticiarioregional.com.br\/index.php?rest_route=\/wp\/v2\/users\/1"}],"replies":[{"embeddable":true,"href":"https:\/\/noticiarioregional.com.br\/index.php?rest_route=%2Fwp%2Fv2%2Fcomments&post=8843"}],"version-history":[{"count":1,"href":"https:\/\/noticiarioregional.com.br\/index.php?rest_route=\/wp\/v2\/posts\/8843\/revisions"}],"predecessor-version":[{"id":8846,"href":"https:\/\/noticiarioregional.com.br\/index.php?rest_route=\/wp\/v2\/posts\/8843\/revisions\/8846"}],"wp:featuredmedia":[{"embeddable":true,"href":"https:\/\/noticiarioregional.com.br\/index.php?rest_route=\/wp\/v2\/media\/8845"}],"wp:attachment":[{"href":"https:\/\/noticiarioregional.com.br\/index.php?rest_route=%2Fwp%2Fv2%2Fmedia&parent=8843"}],"wp:term":[{"taxonomy":"category","embeddable":true,"href":"https:\/\/noticiarioregional.com.br\/index.php?rest_route=%2Fwp%2Fv2%2Fcategories&post=8843"},{"taxonomy":"post_tag","embeddable":true,"href":"https:\/\/noticiarioregional.com.br\/index.php?rest_route=%2Fwp%2Fv2%2Ftags&post=8843"}],"curies":[{"name":"wp","href":"https:\/\/api.w.org\/{rel}","templated":true}]}}