{"id":8847,"date":"2026-03-09T08:24:20","date_gmt":"2026-03-09T11:24:20","guid":{"rendered":"https:\/\/noticiarioregional.com.br\/?p=8847"},"modified":"2026-03-09T08:24:21","modified_gmt":"2026-03-09T11:24:21","slug":"selli-alimentos-beneficia-colaboradores-com-programa-de-participacao-nos-resultados","status":"publish","type":"post","link":"https:\/\/noticiarioregional.com.br\/?p=8847","title":{"rendered":"Selli Alimentos beneficia colaboradores com Programa de Participa\u00e7\u00e3o nos Resultados"},"content":{"rendered":"\n<p class=\"has-text-align-center has-large-font-size\"><strong>Resultados que inspiram!<\/strong><\/p>\n\n\n\n<p><strong>Ipor\u00e3 do Oeste &#8211; <\/strong>No dia 07 de fevereiro o clima na Selli Alimentos Saud\u00e1veis n\u00e3o era apenas de trabalho, mas de celebra\u00e7\u00e3o e reconhecimento. Em um evento especial que reuniu todo o time, foi realizada a entrega oficial dos valores referentes ao Programa de Participa\u00e7\u00e3o nos Resultados (PPR), celebrando os marcos alcan\u00e7ados ao longo do \u00faltimo ano. Mais do que uma transa\u00e7\u00e3o financeira, o momento simbolizou o fechamento de um ciclo de dedica\u00e7\u00e3o, supera\u00e7\u00e3o de metas e, acima de tudo, a confirma\u00e7\u00e3o de que o sucesso da empresa \u00e9 o sucesso de cada colaborador.<\/p>\n\n\n\n<p class=\"has-regular-font-size\"><strong>O valor do esfor\u00e7o coletivo<\/strong><\/p>\n\n\n\n<p>O PPR funciona como um incentivo para alinhar o desempenho individual aos resultados da empresa, sendo uma ferramenta de gest\u00e3o estrat\u00e9gica para reconhecimento e reten\u00e7\u00e3o de talentos.<\/p>\n\n\n\n<p>Foram implantados 12 indicadores de desempenho com a defini\u00e7\u00e3o de crit\u00e9rios e metas, sendo que 75% desses indicadores precisam ser atingidos para que a distribui\u00e7\u00e3o dos resultados aconte\u00e7a. Ter\u00e3o direito a participar da divis\u00e3o desses resultados todos os colaboradores que fizeram parte da equipe durante todo ano de 2025 e que permanecem em 2026.<\/p>\n\n\n\n<p>Al\u00e9m da divis\u00e3o dos resultados aos colaboradores, a Selli tamb\u00e9m faz uma a\u00e7\u00e3o social com um percentual dos seus lucros, disponibilizando em seu caixa R$ 32.330,00 para a\u00e7\u00f5es sociais que ser\u00e3o realizadas durante este ano. <em>\u201cOlhar com amor e carinho para os mais necessitados faz parte da vida de quem busca um mundo mais equilibrado e justo, acreditamos que podemos melhorar a comunidade e o mundo em que vivemos\u201d,<\/em> afirma Graziela Schneider, diretora da Selli.<\/p>\n\n\n\n<p>Durante a cerim\u00f4nia, a diretoria destacou que os lucros obtidos no \u00faltimo ano n\u00e3o s\u00e3o frutos do acaso, mas da sinergia entre os setores e do compromisso individual com a excel\u00eancia. <em>&#8220;Entregar o PPR \u00e9 o momento mais gratificante do ano para a gest\u00e3o. \u00c9 a prova de que quando remamos na mesma dire\u00e7\u00e3o, todos colhem os frutos. N\u00e3o estamos apenas distribuindo resultados, estamos celebrando a parceria&#8221;,<\/em> complementou Gilberto Schneider, diretor da Selli.<\/p>\n\n\n\n<p class=\"has-regular-font-size\"><strong>Um evento para integrar e comemorar<\/strong><\/p>\n\n\n\n<p>Para tornar a entrega ainda mais especial, o evento contou com jantar. Mas al\u00e9m disso, o momento foi para celebrar, descontrair, trocar ideias e refor\u00e7ar os la\u00e7os que v\u00e3o al\u00e9m das planilhas, prazos e processos.<\/p>\n\n\n\n<p>Em m\u00e9dia, cada colaborador recebeu R$ 8.284,00 \u2014 que reflete o desempenho s\u00f3lido da empresa no \u00faltimo per\u00edodo \u2014 e foi recebida com entusiasmo. Para muitos colaboradores, esse montante representa a realiza\u00e7\u00e3o de projetos pessoais, viagens em fam\u00edlia ou aquele investimento guardado para o futuro.<\/p>\n\n\n\n<p class=\"has-regular-font-size\"><strong>Olhando para frente<\/strong><\/p>\n\n\n\n<p>Desde o momento em que a empresa adotou esse novo modo de reconhecimento ela tem crescido exponencialmente e as perspectivas s\u00e3o de ampla expans\u00e3o tanto no n\u00famero de clientes como no volume de vendas.<\/p>\n\n\n\n<p>A celebra\u00e7\u00e3o do PPR tamb\u00e9m serviu como combust\u00edvel para os desafios que j\u00e1 batem \u00e0 porta. Com os resultados positivos do \u00faltimo ano como base, o time renovou o f\u00f4lego para buscar metas ainda mais audaciosas.<\/p>\n\n\n\n<p>Afinal, a mensagem que ficou clara para todos \u00e9: quando a empresa cresce, ningu\u00e9m fica para tr\u00e1s. <em>\u201cParab\u00e9ns a todo o time da Selli e que venha o pr\u00f3ximo ciclo de grandes conquistas!\u201d.<\/em><\/p>\n\n\n\n<p class=\"has-regular-font-size\"><strong>Uma nova era para a empresa<\/strong><\/p>\n\n\n\n<p>A Selli Alimentos Saud\u00e1veis \u00e9 uma opera\u00e7\u00e3o paralela da tradicional empresa da regi\u00e3o, a Casa da Cuca, que agora, posiciona sua ind\u00fastria como fabrica\u00e7\u00e3o 100% sem gl\u00faten e sem lactose.<strong><\/strong><\/p>\n\n\n\n<p>Toda a produ\u00e7\u00e3o \u00e9 baseada em ingredientes que fazem bem \u00e0 sa\u00fade das pessoas, em sua grande maioria, vegetais como a batata doce, o br\u00f3colis, a beterraba, o espinafre, o a\u00e7afr\u00e3o, a ora-pro-n\u00f3bis, a uva passa, a t\u00e2mara, o suco de ma\u00e7\u00e3, a banana com casca, os diversos tipos de gr\u00e3os, entre outros tantos ingredientes que colaboram com a sa\u00fade.<\/p>\n\n\n\n<figure class=\"wp-block-image size-large\"><img fetchpriority=\"high\" decoding=\"async\" width=\"1024\" height=\"1024\" src=\"http:\/\/noticiarioregional.com.br\/wp-content\/uploads\/2026\/03\/Biscoitos-saudaveis-da-Selli-Alimentos-sao-encontrados-nos-melhores-supermercados-e-lojas-da-regiao-1024x1024.jpg\" alt=\"\" class=\"wp-image-8848\" srcset=\"https:\/\/noticiarioregional.com.br\/wp-content\/uploads\/2026\/03\/Biscoitos-saudaveis-da-Selli-Alimentos-sao-encontrados-nos-melhores-supermercados-e-lojas-da-regiao-1024x1024.jpg 1024w, https:\/\/noticiarioregional.com.br\/wp-content\/uploads\/2026\/03\/Biscoitos-saudaveis-da-Selli-Alimentos-sao-encontrados-nos-melhores-supermercados-e-lojas-da-regiao-300x300.jpg 300w, https:\/\/noticiarioregional.com.br\/wp-content\/uploads\/2026\/03\/Biscoitos-saudaveis-da-Selli-Alimentos-sao-encontrados-nos-melhores-supermercados-e-lojas-da-regiao-150x150.jpg 150w, https:\/\/noticiarioregional.com.br\/wp-content\/uploads\/2026\/03\/Biscoitos-saudaveis-da-Selli-Alimentos-sao-encontrados-nos-melhores-supermercados-e-lojas-da-regiao-768x768.jpg 768w, https:\/\/noticiarioregional.com.br\/wp-content\/uploads\/2026\/03\/Biscoitos-saudaveis-da-Selli-Alimentos-sao-encontrados-nos-melhores-supermercados-e-lojas-da-regiao-450x450.jpg 450w, https:\/\/noticiarioregional.com.br\/wp-content\/uploads\/2026\/03\/Biscoitos-saudaveis-da-Selli-Alimentos-sao-encontrados-nos-melhores-supermercados-e-lojas-da-regiao.jpg 1080w\" sizes=\"(max-width: 1024px) 100vw, 1024px\" \/><figcaption class=\"wp-element-caption\">Biscoitos saud\u00e1veis da Selli Alimentos s\u00e3o encontrados nos melhores supermercados e lojas da regi\u00e3o<\/figcaption><\/figure>\n\n\n\n<p>Al\u00e9m disso, a empresa n\u00e3o mede investimentos e utiliza gorduras saud\u00e1veis como o \u00f3leo de coco, o \u00f3leo de girassol e o \u00f3leo de algod\u00e3o. Tamb\u00e9m, reduziram drasticamente a adi\u00e7\u00e3o de a\u00e7\u00facar e o uso do sal nos produtos, inclusive possuem biscoitos classificados como Zero Adi\u00e7\u00e3o de A\u00e7\u00facares.<\/p>\n\n\n\n<p>O grande objetivo \u00e9 proporcionar aos consumidores uma alimenta\u00e7\u00e3o mais nutritiva e que realmente fortale\u00e7a o sistema imunol\u00f3gico e o bem-estar das pessoas, atrav\u00e9s de biscoitos e polvilhos assados com ingredientes naturais para quaisquer momentos da vida das pessoas. <em>\u201cExperimente os produtos Selli e fa\u00e7a o bem para voc\u00ea e toda a sua fam\u00edlia!\u201d<\/em><\/p>\n","protected":false},"excerpt":{"rendered":"<p>Resultados que inspiram! Ipor\u00e3 do Oeste &#8211; No dia 07 de fevereiro o clima na Selli Alimentos Saud\u00e1veis n\u00e3o era apenas de trabalho, mas de celebra\u00e7\u00e3o e reconhecimento. Em um evento especial que reuniu todo o time, foi realizada a entrega oficial dos valores referentes ao Programa de Participa\u00e7\u00e3o nos Resultados (PPR), celebrando os marcos<\/p>\n","protected":false},"author":1,"featured_media":8849,"comment_status":"open","ping_status":"open","sticky":false,"template":"","format":"standard","meta":{"footnotes":""},"categories":[41],"tags":[],"class_list":{"0":"post-8847","1":"post","2":"type-post","3":"status-publish","4":"format-standard","5":"has-post-thumbnail","7":"category-noticias"},"_links":{"self":[{"href":"https:\/\/noticiarioregional.com.br\/index.php?rest_route=\/wp\/v2\/posts\/8847","targetHints":{"allow":["GET"]}}],"collection":[{"href":"https:\/\/noticiarioregional.com.br\/index.php?rest_route=\/wp\/v2\/posts"}],"about":[{"href":"https:\/\/noticiarioregional.com.br\/index.php?rest_route=\/wp\/v2\/types\/post"}],"author":[{"embeddable":true,"href":"https:\/\/noticiarioregional.com.br\/index.php?rest_route=\/wp\/v2\/users\/1"}],"replies":[{"embeddable":true,"href":"https:\/\/noticiarioregional.com.br\/index.php?rest_route=%2Fwp%2Fv2%2Fcomments&post=8847"}],"version-history":[{"count":1,"href":"https:\/\/noticiarioregional.com.br\/index.php?rest_route=\/wp\/v2\/posts\/8847\/revisions"}],"predecessor-version":[{"id":8850,"href":"https:\/\/noticiarioregional.com.br\/index.php?rest_route=\/wp\/v2\/posts\/8847\/revisions\/8850"}],"wp:featuredmedia":[{"embeddable":true,"href":"https:\/\/noticiarioregional.com.br\/index.php?rest_route=\/wp\/v2\/media\/8849"}],"wp:attachment":[{"href":"https:\/\/noticiarioregional.com.br\/index.php?rest_route=%2Fwp%2Fv2%2Fmedia&parent=8847"}],"wp:term":[{"taxonomy":"category","embeddable":true,"href":"https:\/\/noticiarioregional.com.br\/index.php?rest_route=%2Fwp%2Fv2%2Fcategories&post=8847"},{"taxonomy":"post_tag","embeddable":true,"href":"https:\/\/noticiarioregional.com.br\/index.php?rest_route=%2Fwp%2Fv2%2Ftags&post=8847"}],"curies":[{"name":"wp","href":"https:\/\/api.w.org\/{rel}","templated":true}]}}