{"id":8851,"date":"2026-03-09T08:34:42","date_gmt":"2026-03-09T11:34:42","guid":{"rendered":"https:\/\/noticiarioregional.com.br\/?p=8851"},"modified":"2026-03-09T08:34:43","modified_gmt":"2026-03-09T11:34:43","slug":"ele-chegou-compre-tudo-supermercado-inaugura-em-mondai","status":"publish","type":"post","link":"https:\/\/noticiarioregional.com.br\/?p=8851","title":{"rendered":"Ele chegou: Compre Tudo Supermercado inaugura em Monda\u00ed"},"content":{"rendered":"\n<p class=\"has-text-align-center has-regular-font-size\"><em><strong>Com uma estrutura moderna e foco na variedade e pre\u00e7os baixos, a 5\u00aa loja da rede chega ao munic\u00edpio para oferecer novas op\u00e7\u00f5es de consumo e fortalecer o com\u00e9rcio local<\/strong><\/em><\/p>\n\n\n\n<p class=\"has-regular-font-size\">Uma noite de gala, uma manh\u00e3 de multid\u00e3o e o segredo revelado: Monda\u00ed inaugurou o Compre Tudo Supermercado. O que se viu no entardecer da segunda-feira, 23, e manh\u00e3 da ter\u00e7a-feira, 24, al\u00e9m dos dias subsequentes, n\u00e3o foi apenas a abertura de um com\u00e9rcio, mas a inaugura\u00e7\u00e3o de um grande empreendimento. O local tornou-se o endere\u00e7o de uma transforma\u00e7\u00e3o a partir de um investimento de R$ 14.000.000,00 para receber a 5\u00aa loja da rede Compre Tudo Supermercado.<\/p>\n\n\n\n<figure class=\"wp-block-image size-large\"><img fetchpriority=\"high\" decoding=\"async\" width=\"683\" height=\"1024\" src=\"http:\/\/noticiarioregional.com.br\/wp-content\/uploads\/2026\/03\/IMG_7876-683x1024.jpg\" alt=\"\" class=\"wp-image-8861\" srcset=\"https:\/\/noticiarioregional.com.br\/wp-content\/uploads\/2026\/03\/IMG_7876-683x1024.jpg 683w, https:\/\/noticiarioregional.com.br\/wp-content\/uploads\/2026\/03\/IMG_7876-200x300.jpg 200w, https:\/\/noticiarioregional.com.br\/wp-content\/uploads\/2026\/03\/IMG_7876-768x1152.jpg 768w, https:\/\/noticiarioregional.com.br\/wp-content\/uploads\/2026\/03\/IMG_7876-1024x1536.jpg 1024w, https:\/\/noticiarioregional.com.br\/wp-content\/uploads\/2026\/03\/IMG_7876-1365x2048.jpg 1365w, https:\/\/noticiarioregional.com.br\/wp-content\/uploads\/2026\/03\/IMG_7876-150x225.jpg 150w, https:\/\/noticiarioregional.com.br\/wp-content\/uploads\/2026\/03\/IMG_7876-450x675.jpg 450w, https:\/\/noticiarioregional.com.br\/wp-content\/uploads\/2026\/03\/IMG_7876-1200x1800.jpg 1200w, https:\/\/noticiarioregional.com.br\/wp-content\/uploads\/2026\/03\/IMG_7876-scaled.jpg 1707w\" sizes=\"(max-width: 683px) 100vw, 683px\" \/><\/figure>\n\n\n\n<p>A inaugura\u00e7\u00e3o foi dividida em dois momentos. No entardecer da segunda-feira, 23, os port\u00f5es se abriram para um cerimonial, discursos e coquetel. O propriet\u00e1rio Jo\u00e3o Carlos Albiero e o investidor Bruno Henn n\u00e3o esconderam o orgulho. <em>\u201cObrigado, de cora\u00e7\u00e3o, por voc\u00eas estarem aqui hoje, nesse momento t\u00e3o importante para a nossa empresa. Quero agradecer os nossos fornecedores, agradecer os nossos colaboradores que incansavelmente trabalharam para deixar tudo pronto para que a gente possa oferecer \u00e0 cidade de Monda\u00ed, qualidade, atendimento, um ambiente legal e agrad\u00e1vel para fazer compras. [&#8230;] ao lado da minha esposa Rose, da minha filha Yasmin e da nossa fam\u00edlia somos muito felizes em vivermos tudo isso que est\u00e1 acontecendo hoje. Quero agradecer tamb\u00e9m ao Bruno, ao William, que confiaram no nosso trabalho e na nossa fam\u00edlia. Agradecer o prefeito Elizandro Mainardi, pela oportunidade, pela presta\u00e7\u00e3o de servi\u00e7os e prontamente sempre nos atendendo, a CDL, ao secret\u00e1rio de planejamento, o Marcos Felipe da Silva. [&#8230;] A todos muito obrigado e sejam bem-vindos\u201d, pontuou Jo\u00e3o Carlos.<\/em><\/p>\n\n\n\n<figure class=\"wp-block-image size-large\"><img decoding=\"async\" width=\"1024\" height=\"683\" src=\"http:\/\/noticiarioregional.com.br\/wp-content\/uploads\/2026\/03\/IMG_7801-1024x683.jpg\" alt=\"\" class=\"wp-image-8860\" srcset=\"https:\/\/noticiarioregional.com.br\/wp-content\/uploads\/2026\/03\/IMG_7801-1024x683.jpg 1024w, https:\/\/noticiarioregional.com.br\/wp-content\/uploads\/2026\/03\/IMG_7801-300x200.jpg 300w, https:\/\/noticiarioregional.com.br\/wp-content\/uploads\/2026\/03\/IMG_7801-768x512.jpg 768w, https:\/\/noticiarioregional.com.br\/wp-content\/uploads\/2026\/03\/IMG_7801-1536x1024.jpg 1536w, https:\/\/noticiarioregional.com.br\/wp-content\/uploads\/2026\/03\/IMG_7801-2048x1365.jpg 2048w, https:\/\/noticiarioregional.com.br\/wp-content\/uploads\/2026\/03\/IMG_7801-150x100.jpg 150w, https:\/\/noticiarioregional.com.br\/wp-content\/uploads\/2026\/03\/IMG_7801-450x300.jpg 450w, https:\/\/noticiarioregional.com.br\/wp-content\/uploads\/2026\/03\/IMG_7801-1200x800.jpg 1200w\" sizes=\"(max-width: 1024px) 100vw, 1024px\" \/><\/figure>\n\n\n\n<p>\u201c[&#8230;] Jo\u00e3o, desejar a voc\u00ea e sua fam\u00edlia muito sucesso n\u00e3o s\u00f3 em nossa cidade, mas em todas que voc\u00ea venha a investir, ampliar a sua rede. N\u00f3s monda\u00edenses estamos felizes por ter tido essa oportunidade em ser parceiros da sua rede, e que Monda\u00ed e a popula\u00e7\u00e3o regional usufrua desse supermercado\u201d, enalteceu Bruno.<\/p>\n\n\n\n<figure class=\"wp-block-image size-large\"><img decoding=\"async\" width=\"1024\" height=\"683\" src=\"http:\/\/noticiarioregional.com.br\/wp-content\/uploads\/2026\/03\/IMG_7926-1024x683.jpg\" alt=\"\" class=\"wp-image-8858\" srcset=\"https:\/\/noticiarioregional.com.br\/wp-content\/uploads\/2026\/03\/IMG_7926-1024x683.jpg 1024w, https:\/\/noticiarioregional.com.br\/wp-content\/uploads\/2026\/03\/IMG_7926-300x200.jpg 300w, https:\/\/noticiarioregional.com.br\/wp-content\/uploads\/2026\/03\/IMG_7926-768x512.jpg 768w, https:\/\/noticiarioregional.com.br\/wp-content\/uploads\/2026\/03\/IMG_7926-1536x1024.jpg 1536w, https:\/\/noticiarioregional.com.br\/wp-content\/uploads\/2026\/03\/IMG_7926-2048x1365.jpg 2048w, https:\/\/noticiarioregional.com.br\/wp-content\/uploads\/2026\/03\/IMG_7926-150x100.jpg 150w, https:\/\/noticiarioregional.com.br\/wp-content\/uploads\/2026\/03\/IMG_7926-450x300.jpg 450w, https:\/\/noticiarioregional.com.br\/wp-content\/uploads\/2026\/03\/IMG_7926-1200x800.jpg 1200w\" sizes=\"(max-width: 1024px) 100vw, 1024px\" \/><\/figure>\n\n\n\n<p>At\u00e9 o prefeito Elizandro Mainardi rendeu-se \u00e0 magnitude do projeto, destacando que o com\u00e9rcio local ganha um refor\u00e7o de peso. <em>\u201c<\/em><em>Dizer que \u00e9 uma satisfa\u00e7\u00e3o enorme, um orgulho para a comunidade mondaiense, para a administra\u00e7\u00e3o p\u00fablica saber que tem pessoas que v\u00eam investir aqui no munic\u00edpio de Monda\u00ed. Nossa parte como administra\u00e7\u00e3o \u00e9 fazer o poss\u00edvel para que as empresas venham para c\u00e1 traga o seu retorno. Parab\u00e9ns, e espero que esse empreendimento traga muitas realiza\u00e7\u00f5es[&#8230;].\u201d<\/em><\/p>\n\n\n\n<p>J\u00e1 a ter\u00e7a-feira, 24, foi de pura adrenalina! Logo no come\u00e7o da manh\u00e3 centenas de pessoas cercavam a estrutura ao lado do Banco do Brasil, e eles n\u00e3o queriam apenas comprar, mas participar da chegada do novo empreendimento. E quem visitou se impressionou. L\u00e1 dentro, um espet\u00e1culo de variedade e pre\u00e7os que pareciam desafiar a l\u00f3gica. Variedade de produtos, prateleiras abarrotadas, produtos fresquinhos, itens diferentes, e tudo em uma estrutura moderna planejada para aquela finalidade.<\/p>\n\n\n\n<figure class=\"wp-block-image size-large\"><img loading=\"lazy\" decoding=\"async\" width=\"1024\" height=\"683\" src=\"http:\/\/noticiarioregional.com.br\/wp-content\/uploads\/2026\/03\/IMG_7887-1024x683.jpg\" alt=\"\" class=\"wp-image-8862\" srcset=\"https:\/\/noticiarioregional.com.br\/wp-content\/uploads\/2026\/03\/IMG_7887-1024x683.jpg 1024w, https:\/\/noticiarioregional.com.br\/wp-content\/uploads\/2026\/03\/IMG_7887-300x200.jpg 300w, https:\/\/noticiarioregional.com.br\/wp-content\/uploads\/2026\/03\/IMG_7887-768x512.jpg 768w, https:\/\/noticiarioregional.com.br\/wp-content\/uploads\/2026\/03\/IMG_7887-1536x1024.jpg 1536w, https:\/\/noticiarioregional.com.br\/wp-content\/uploads\/2026\/03\/IMG_7887-2048x1365.jpg 2048w, https:\/\/noticiarioregional.com.br\/wp-content\/uploads\/2026\/03\/IMG_7887-150x100.jpg 150w, https:\/\/noticiarioregional.com.br\/wp-content\/uploads\/2026\/03\/IMG_7887-450x300.jpg 450w, https:\/\/noticiarioregional.com.br\/wp-content\/uploads\/2026\/03\/IMG_7887-1200x800.jpg 1200w\" sizes=\"(max-width: 1024px) 100vw, 1024px\" \/><\/figure>\n\n\n\n<p class=\"has-regular-font-size\">Para quem busca por ofertas di\u00e1rias ou fazer as compras do m\u00eas, o Compre Tudo Supermercado est\u00e1 localizado na Avenida do Engenho, ao lado do Banco do Brasil, no cora\u00e7\u00e3o de Monda\u00ed.<\/p>\n\n\n\n<figure class=\"wp-block-image size-large\"><img loading=\"lazy\" decoding=\"async\" width=\"1024\" height=\"683\" src=\"http:\/\/noticiarioregional.com.br\/wp-content\/uploads\/2026\/03\/IMG_7898-1024x683.jpg\" alt=\"\" class=\"wp-image-8863\" srcset=\"https:\/\/noticiarioregional.com.br\/wp-content\/uploads\/2026\/03\/IMG_7898-1024x683.jpg 1024w, https:\/\/noticiarioregional.com.br\/wp-content\/uploads\/2026\/03\/IMG_7898-300x200.jpg 300w, https:\/\/noticiarioregional.com.br\/wp-content\/uploads\/2026\/03\/IMG_7898-768x512.jpg 768w, https:\/\/noticiarioregional.com.br\/wp-content\/uploads\/2026\/03\/IMG_7898-1536x1024.jpg 1536w, https:\/\/noticiarioregional.com.br\/wp-content\/uploads\/2026\/03\/IMG_7898-2048x1365.jpg 2048w, https:\/\/noticiarioregional.com.br\/wp-content\/uploads\/2026\/03\/IMG_7898-150x100.jpg 150w, https:\/\/noticiarioregional.com.br\/wp-content\/uploads\/2026\/03\/IMG_7898-450x300.jpg 450w, https:\/\/noticiarioregional.com.br\/wp-content\/uploads\/2026\/03\/IMG_7898-1200x800.jpg 1200w\" sizes=\"(max-width: 1024px) 100vw, 1024px\" \/><\/figure>\n\n\n\n<figure class=\"wp-block-image size-large\"><img loading=\"lazy\" decoding=\"async\" width=\"1024\" height=\"683\" src=\"http:\/\/noticiarioregional.com.br\/wp-content\/uploads\/2026\/03\/IMG_7913-1024x683.jpg\" alt=\"\" class=\"wp-image-8857\" srcset=\"https:\/\/noticiarioregional.com.br\/wp-content\/uploads\/2026\/03\/IMG_7913-1024x683.jpg 1024w, https:\/\/noticiarioregional.com.br\/wp-content\/uploads\/2026\/03\/IMG_7913-300x200.jpg 300w, https:\/\/noticiarioregional.com.br\/wp-content\/uploads\/2026\/03\/IMG_7913-768x512.jpg 768w, https:\/\/noticiarioregional.com.br\/wp-content\/uploads\/2026\/03\/IMG_7913-1536x1024.jpg 1536w, https:\/\/noticiarioregional.com.br\/wp-content\/uploads\/2026\/03\/IMG_7913-2048x1365.jpg 2048w, https:\/\/noticiarioregional.com.br\/wp-content\/uploads\/2026\/03\/IMG_7913-150x100.jpg 150w, https:\/\/noticiarioregional.com.br\/wp-content\/uploads\/2026\/03\/IMG_7913-450x300.jpg 450w, https:\/\/noticiarioregional.com.br\/wp-content\/uploads\/2026\/03\/IMG_7913-1200x800.jpg 1200w\" sizes=\"(max-width: 1024px) 100vw, 1024px\" \/><\/figure>\n\n\n\n<figure class=\"wp-block-image size-large\"><img loading=\"lazy\" decoding=\"async\" width=\"1024\" height=\"683\" src=\"http:\/\/noticiarioregional.com.br\/wp-content\/uploads\/2026\/03\/IMG_7905-1024x683.jpg\" alt=\"\" class=\"wp-image-8856\" srcset=\"https:\/\/noticiarioregional.com.br\/wp-content\/uploads\/2026\/03\/IMG_7905-1024x683.jpg 1024w, https:\/\/noticiarioregional.com.br\/wp-content\/uploads\/2026\/03\/IMG_7905-300x200.jpg 300w, https:\/\/noticiarioregional.com.br\/wp-content\/uploads\/2026\/03\/IMG_7905-768x512.jpg 768w, https:\/\/noticiarioregional.com.br\/wp-content\/uploads\/2026\/03\/IMG_7905-1536x1024.jpg 1536w, https:\/\/noticiarioregional.com.br\/wp-content\/uploads\/2026\/03\/IMG_7905-2048x1365.jpg 2048w, https:\/\/noticiarioregional.com.br\/wp-content\/uploads\/2026\/03\/IMG_7905-150x100.jpg 150w, https:\/\/noticiarioregional.com.br\/wp-content\/uploads\/2026\/03\/IMG_7905-450x300.jpg 450w, https:\/\/noticiarioregional.com.br\/wp-content\/uploads\/2026\/03\/IMG_7905-1200x800.jpg 1200w\" sizes=\"(max-width: 1024px) 100vw, 1024px\" \/><\/figure>\n\n\n\n<figure class=\"wp-block-image size-large\"><img loading=\"lazy\" decoding=\"async\" width=\"1024\" height=\"683\" src=\"http:\/\/noticiarioregional.com.br\/wp-content\/uploads\/2026\/03\/IMG_7904-1024x683.jpg\" alt=\"\" class=\"wp-image-8855\" srcset=\"https:\/\/noticiarioregional.com.br\/wp-content\/uploads\/2026\/03\/IMG_7904-1024x683.jpg 1024w, https:\/\/noticiarioregional.com.br\/wp-content\/uploads\/2026\/03\/IMG_7904-300x200.jpg 300w, https:\/\/noticiarioregional.com.br\/wp-content\/uploads\/2026\/03\/IMG_7904-768x512.jpg 768w, https:\/\/noticiarioregional.com.br\/wp-content\/uploads\/2026\/03\/IMG_7904-1536x1024.jpg 1536w, https:\/\/noticiarioregional.com.br\/wp-content\/uploads\/2026\/03\/IMG_7904-2048x1365.jpg 2048w, https:\/\/noticiarioregional.com.br\/wp-content\/uploads\/2026\/03\/IMG_7904-150x100.jpg 150w, https:\/\/noticiarioregional.com.br\/wp-content\/uploads\/2026\/03\/IMG_7904-450x300.jpg 450w, https:\/\/noticiarioregional.com.br\/wp-content\/uploads\/2026\/03\/IMG_7904-1200x800.jpg 1200w\" sizes=\"(max-width: 1024px) 100vw, 1024px\" \/><\/figure>\n\n\n\n<figure class=\"wp-block-image size-large\"><img loading=\"lazy\" decoding=\"async\" width=\"1024\" height=\"683\" src=\"http:\/\/noticiarioregional.com.br\/wp-content\/uploads\/2026\/03\/IMG_7900-1024x683.jpg\" alt=\"\" class=\"wp-image-8854\" srcset=\"https:\/\/noticiarioregional.com.br\/wp-content\/uploads\/2026\/03\/IMG_7900-1024x683.jpg 1024w, https:\/\/noticiarioregional.com.br\/wp-content\/uploads\/2026\/03\/IMG_7900-300x200.jpg 300w, https:\/\/noticiarioregional.com.br\/wp-content\/uploads\/2026\/03\/IMG_7900-768x512.jpg 768w, https:\/\/noticiarioregional.com.br\/wp-content\/uploads\/2026\/03\/IMG_7900-1536x1024.jpg 1536w, https:\/\/noticiarioregional.com.br\/wp-content\/uploads\/2026\/03\/IMG_7900-2048x1365.jpg 2048w, https:\/\/noticiarioregional.com.br\/wp-content\/uploads\/2026\/03\/IMG_7900-150x100.jpg 150w, https:\/\/noticiarioregional.com.br\/wp-content\/uploads\/2026\/03\/IMG_7900-450x300.jpg 450w, https:\/\/noticiarioregional.com.br\/wp-content\/uploads\/2026\/03\/IMG_7900-1200x800.jpg 1200w\" sizes=\"(max-width: 1024px) 100vw, 1024px\" \/><\/figure>\n\n\n\n\n\n<p><\/p>\n","protected":false},"excerpt":{"rendered":"<p>Com uma estrutura moderna e foco na variedade e pre\u00e7os baixos, a 5\u00aa loja da rede chega ao munic\u00edpio para oferecer novas op\u00e7\u00f5es de consumo e fortalecer o com\u00e9rcio local Uma noite de gala, uma manh\u00e3 de multid\u00e3o e o segredo revelado: Monda\u00ed inaugurou o Compre Tudo Supermercado. O que se viu no entardecer da<\/p>\n","protected":false},"author":1,"featured_media":8859,"comment_status":"open","ping_status":"open","sticky":false,"template":"","format":"standard","meta":{"footnotes":""},"categories":[41],"tags":[],"class_list":{"0":"post-8851","1":"post","2":"type-post","3":"status-publish","4":"format-standard","5":"has-post-thumbnail","7":"category-noticias"},"_links":{"self":[{"href":"https:\/\/noticiarioregional.com.br\/index.php?rest_route=\/wp\/v2\/posts\/8851","targetHints":{"allow":["GET"]}}],"collection":[{"href":"https:\/\/noticiarioregional.com.br\/index.php?rest_route=\/wp\/v2\/posts"}],"about":[{"href":"https:\/\/noticiarioregional.com.br\/index.php?rest_route=\/wp\/v2\/types\/post"}],"author":[{"embeddable":true,"href":"https:\/\/noticiarioregional.com.br\/index.php?rest_route=\/wp\/v2\/users\/1"}],"replies":[{"embeddable":true,"href":"https:\/\/noticiarioregional.com.br\/index.php?rest_route=%2Fwp%2Fv2%2Fcomments&post=8851"}],"version-history":[{"count":1,"href":"https:\/\/noticiarioregional.com.br\/index.php?rest_route=\/wp\/v2\/posts\/8851\/revisions"}],"predecessor-version":[{"id":8864,"href":"https:\/\/noticiarioregional.com.br\/index.php?rest_route=\/wp\/v2\/posts\/8851\/revisions\/8864"}],"wp:featuredmedia":[{"embeddable":true,"href":"https:\/\/noticiarioregional.com.br\/index.php?rest_route=\/wp\/v2\/media\/8859"}],"wp:attachment":[{"href":"https:\/\/noticiarioregional.com.br\/index.php?rest_route=%2Fwp%2Fv2%2Fmedia&parent=8851"}],"wp:term":[{"taxonomy":"category","embeddable":true,"href":"https:\/\/noticiarioregional.com.br\/index.php?rest_route=%2Fwp%2Fv2%2Fcategories&post=8851"},{"taxonomy":"post_tag","embeddable":true,"href":"https:\/\/noticiarioregional.com.br\/index.php?rest_route=%2Fwp%2Fv2%2Ftags&post=8851"}],"curies":[{"name":"wp","href":"https:\/\/api.w.org\/{rel}","templated":true}]}}