{"id":8865,"date":"2026-03-09T08:36:31","date_gmt":"2026-03-09T11:36:31","guid":{"rendered":"https:\/\/noticiarioregional.com.br\/?p=8865"},"modified":"2026-03-09T08:36:32","modified_gmt":"2026-03-09T11:36:32","slug":"padre-ilton-evidencia-periodo-especial-em-preparacao-a-pascoa","status":"publish","type":"post","link":"https:\/\/noticiarioregional.com.br\/?p=8865","title":{"rendered":"Padre Ilton evidencia per\u00edodo especial em prepara\u00e7\u00e3o a P\u00e1scoa"},"content":{"rendered":"\n<p class=\"has-text-align-center has-large-font-size\"><strong>Quaresma: tempo de convers\u00e3o<\/strong><\/p>\n\n\n\n<p><strong>Ipor\u00e3 do Oeste \u2013 <\/strong>A igreja cat\u00f3lica iniciou na Quarta-Feira de Cinzas, dia 18 de fevereiro, o per\u00edodo da Quaresma, que s\u00e3o quarenta dias em prepara\u00e7\u00e3o \u00e0 P\u00e1scoa, comemorada este ano no dia 05 de abril. O p\u00e1roco da par\u00f3quia Nossa Senhora das Merc\u00eas, padre Ilton Goettems, explica que a Quaresma significa o tempo necess\u00e1rio para a convers\u00e3o. \u00c9 um tempo oportuno e necess\u00e1rio para um caminho de convers\u00e3o e ajustes na vida de cada um de n\u00f3s. Para isso acontecer, a Igreja orienta os crist\u00e3os cat\u00f3licos a pr\u00e1tica do jejum, esmola e ora\u00e7\u00e3o, conforme foi celebrado na liturgia da celebra\u00e7\u00e3o de Quarta Feira de Cinzas.<\/p>\n\n\n\n<p>Nesse per\u00edodo da Quaresma, o padre destaca que s\u00e3o realizadas as Via Sacras, os encontros dos grupos de fam\u00edlias e reflex\u00e3o, al\u00e9m das celebra\u00e7\u00f5es em cada comunidade que incluem uma missa mensal celebrada pelo padre. No dia 12 de fevereiro a par\u00f3quia realizou uma forma\u00e7\u00e3o com cerca de 100 lideran\u00e7as das comunidades em prepara\u00e7\u00e3o a Quaresma e tamb\u00e9m a Campanha da Fraternidade, que neste ano tem como tema: \u201cFraternidade e Moradia\u201d, e o lema: \u201cEle veio morar entre n\u00f3s\u201d (Jo\u00e3o 1,14).&nbsp;<\/p>\n\n\n\n<p>Padre Ilton explica que o objetivo geral da Campanha da Fraternidade desse ano traz presente a necessidade de promover a moradia digna n\u00e3o s\u00f3 como prioridade, mas como direito, em unidade com os demais bens e servi\u00e7os essenciais a toda a popula\u00e7\u00e3o brasileira. A moradia n\u00e3o s\u00f3 como com\u00e9rcio, mas, que seja vista como um dom de Deus com a acesso a toda popula\u00e7\u00e3o.<\/p>\n\n\n\n<p><em>\u201cEstamos vivendo esse tempo especial em prepara\u00e7\u00e3o \u00e0 P\u00e1scoa. Pe\u00e7o que o povo crist\u00e3o cat\u00f3lico, especialmente o povo de nossas comunidades vivam intensamente a Quaresma atrav\u00e9s da ora\u00e7\u00e3o, jejum e caridade, e assumam o compromisso crist\u00e3o diante da situa\u00e7\u00e3o das moradias, especialmente as fam\u00edlias que moram de forma vulner\u00e1vel. Ou seja, em situa\u00e7\u00f5es prec\u00e1rias. Assim, estaremos realmente bem-preparados para celebrar a P\u00e1scoa\u201d,<\/em> ressalta o p\u00e1roco Ilton Goettems.&nbsp;<\/p>\n","protected":false},"excerpt":{"rendered":"<p>Quaresma: tempo de convers\u00e3o Ipor\u00e3 do Oeste \u2013 A igreja cat\u00f3lica iniciou na Quarta-Feira de Cinzas, dia 18 de fevereiro, o per\u00edodo da Quaresma, que s\u00e3o quarenta dias em prepara\u00e7\u00e3o \u00e0 P\u00e1scoa, comemorada este ano no dia 05 de abril. O p\u00e1roco da par\u00f3quia Nossa Senhora das Merc\u00eas, padre Ilton Goettems, explica que a Quaresma<\/p>\n","protected":false},"author":1,"featured_media":8866,"comment_status":"open","ping_status":"open","sticky":false,"template":"","format":"standard","meta":{"footnotes":""},"categories":[41],"tags":[],"class_list":{"0":"post-8865","1":"post","2":"type-post","3":"status-publish","4":"format-standard","5":"has-post-thumbnail","7":"category-noticias"},"_links":{"self":[{"href":"https:\/\/noticiarioregional.com.br\/index.php?rest_route=\/wp\/v2\/posts\/8865","targetHints":{"allow":["GET"]}}],"collection":[{"href":"https:\/\/noticiarioregional.com.br\/index.php?rest_route=\/wp\/v2\/posts"}],"about":[{"href":"https:\/\/noticiarioregional.com.br\/index.php?rest_route=\/wp\/v2\/types\/post"}],"author":[{"embeddable":true,"href":"https:\/\/noticiarioregional.com.br\/index.php?rest_route=\/wp\/v2\/users\/1"}],"replies":[{"embeddable":true,"href":"https:\/\/noticiarioregional.com.br\/index.php?rest_route=%2Fwp%2Fv2%2Fcomments&post=8865"}],"version-history":[{"count":1,"href":"https:\/\/noticiarioregional.com.br\/index.php?rest_route=\/wp\/v2\/posts\/8865\/revisions"}],"predecessor-version":[{"id":8867,"href":"https:\/\/noticiarioregional.com.br\/index.php?rest_route=\/wp\/v2\/posts\/8865\/revisions\/8867"}],"wp:featuredmedia":[{"embeddable":true,"href":"https:\/\/noticiarioregional.com.br\/index.php?rest_route=\/wp\/v2\/media\/8866"}],"wp:attachment":[{"href":"https:\/\/noticiarioregional.com.br\/index.php?rest_route=%2Fwp%2Fv2%2Fmedia&parent=8865"}],"wp:term":[{"taxonomy":"category","embeddable":true,"href":"https:\/\/noticiarioregional.com.br\/index.php?rest_route=%2Fwp%2Fv2%2Fcategories&post=8865"},{"taxonomy":"post_tag","embeddable":true,"href":"https:\/\/noticiarioregional.com.br\/index.php?rest_route=%2Fwp%2Fv2%2Ftags&post=8865"}],"curies":[{"name":"wp","href":"https:\/\/api.w.org\/{rel}","templated":true}]}}