{"id":8868,"date":"2026-03-09T08:38:20","date_gmt":"2026-03-09T11:38:20","guid":{"rendered":"https:\/\/noticiarioregional.com.br\/?p=8868"},"modified":"2026-03-09T08:38:21","modified_gmt":"2026-03-09T11:38:21","slug":"bazar-solidario-da-rede-feminina-de-caibi-riqueza-acontece-dia-7-de-marco","status":"publish","type":"post","link":"https:\/\/noticiarioregional.com.br\/?p=8868","title":{"rendered":"Bazar Solid\u00e1rio da Rede Feminina de Caibi\/Riqueza acontece dia 7 de mar\u00e7o"},"content":{"rendered":"\n<p>A Rede Feminina de Combate ao C\u00e2ncer de Caibi\/Riqueza &#8211; RFCC promove, no pr\u00f3ximo dia 07 de mar\u00e7o, um bazar solid\u00e1rio com mercadorias apreendidas e doadas pela Receita Federal. A a\u00e7\u00e3o ser\u00e1 realizada na sede da entidade, localizada na Rua Salgado Filho, 425, centro de Caibi, das 8h \u00e0s 12h, com distribui\u00e7\u00e3o de senhas a partir das 7h.<\/p>\n\n\n\n<p>De acordo com a presidente da entidade, Leila Schweigert, o bazar representa uma importante fonte de recursos para a manuten\u00e7\u00e3o das atividades desenvolvidas pela Rede Feminina nos munic\u00edpios de Caibi e Riqueza. \u201c<em>\u00c9 uma oportunidade imperd\u00edvel para a comunidade adquirir produtos de qualidade com pre\u00e7os especiais e, ao mesmo tempo, contribuir com uma causa t\u00e3o importante, que \u00e9 o apoio \u00e0s pessoas em tratamento oncol\u00f3gico<\/em>\u201d, destaca.<\/p>\n\n\n\n<p>Entre os itens dispon\u00edveis estar\u00e3o celulares, perfumes e cosm\u00e9ticos, eletr\u00f4nicos de inform\u00e1tica, pe\u00e7as de vestu\u00e1rio, brinquedos e diversos artigos de bazar. Os produtos s\u00e3o oriundos de apreens\u00f5es realizadas pela Receita Federal e posteriormente destinados \u00e0 entidade para fins beneficentes.<\/p>\n\n\n\n<p>A organiza\u00e7\u00e3o refor\u00e7a que as formas de pagamento aceitas ser\u00e3o dinheiro, PIX, cart\u00e3o de d\u00e9bito e cart\u00e3o de cr\u00e9dito, com possibilidade de parcelamento em at\u00e9 quatro vezes, conforme condi\u00e7\u00f5es e juros da operadora. Para assegurar organiza\u00e7\u00e3o e igualdade de oportunidades aos participantes, o bazar seguir\u00e1 uma s\u00e9rie de regras. A entrada ser\u00e1 permitida para 15 pessoas por vez, cada uma com tempo m\u00e1ximo de 15 minutos para realizar suas compras.<\/p>\n\n\n\n<p>O limite financeiro ser\u00e1 de R$ 700,00 por CPF. Caso o consumidor adquira um item com valor superior a esse limite, a compra ficar\u00e1 restrita exclusivamente a esse produto. Cada pessoa poder\u00e1 comprar apenas para um CPF e ser\u00e1 obrigat\u00f3ria a apresenta\u00e7\u00e3o de documento oficial com foto. As vendas s\u00e3o destinadas exclusivamente a pessoas f\u00edsicas.<\/p>\n\n\n\n<p>Tamb\u00e9m n\u00e3o ser\u00e1 permitida a entrada com bolsas, sacolas, mochilas, carrinhos de beb\u00ea ou similares, medida que visa garantir maior controle e seguran\u00e7a durante o evento. Al\u00e9m do teto financeiro, os participantes dever\u00e3o respeitar limites espec\u00edficos por categoria de produto:<\/p>\n\n\n\n<ul class=\"wp-block-list\">\n<li><strong>Brinquedos:<\/strong> at\u00e9 15 unidades, sendo no m\u00e1ximo tr\u00eas do mesmo tipo;<\/li>\n\n\n\n<li><strong>Artigos de bazar:<\/strong> at\u00e9 15 unidades, com limite de tr\u00eas unidades iguais;<\/li>\n\n\n\n<li><strong>Vestu\u00e1rio:<\/strong> at\u00e9 12 unidades, sendo tr\u00eas do mesmo tipo;<\/li>\n\n\n\n<li><strong>Eletroeletr\u00f4nicos:<\/strong> at\u00e9 duas unidades;<\/li>\n\n\n\n<li><strong>Perfumes e cosm\u00e9ticos:<\/strong> at\u00e9 cinco unidades, com limite de tr\u00eas iguais.<\/li>\n<\/ul>\n\n\n\n<p>Segundo a presidente Leila Schweigert, todas as normas seguem orienta\u00e7\u00f5es da Receita Federal e t\u00eam como objetivo garantir que o maior n\u00famero poss\u00edvel de pessoas possa aproveitar o bazar. Os recursos arrecadados ser\u00e3o revertidos para a manuten\u00e7\u00e3o dos servi\u00e7os oferecidos pela Rede Feminina, que incluem apoio a pacientes em tratamento contra o c\u00e2ncer, empr\u00e9stimo de equipamentos, orienta\u00e7\u00f5es. A expectativa da diretoria \u00e9 de grande participa\u00e7\u00e3o da comunidade. \u201c<em>Cada compra realizada no bazar \u00e9 tamb\u00e9m um gesto de solidariedade. Convidamos todos para participar, compartilhar a informa\u00e7\u00e3o e prestigiar essa a\u00e7\u00e3o que faz a diferen\u00e7a na vida de muitas pessoas<\/em>\u201d, finaliza Leila.<\/p>\n","protected":false},"excerpt":{"rendered":"<p>A Rede Feminina de Combate ao C\u00e2ncer de Caibi\/Riqueza &#8211; RFCC promove, no pr\u00f3ximo dia 07 de mar\u00e7o, um bazar solid\u00e1rio com mercadorias apreendidas e doadas pela Receita Federal. A a\u00e7\u00e3o ser\u00e1 realizada na sede da entidade, localizada na Rua Salgado Filho, 425, centro de Caibi, das 8h \u00e0s 12h, com distribui\u00e7\u00e3o de senhas a<\/p>\n","protected":false},"author":1,"featured_media":8869,"comment_status":"open","ping_status":"open","sticky":false,"template":"","format":"standard","meta":{"footnotes":""},"categories":[41],"tags":[],"class_list":{"0":"post-8868","1":"post","2":"type-post","3":"status-publish","4":"format-standard","5":"has-post-thumbnail","7":"category-noticias"},"_links":{"self":[{"href":"https:\/\/noticiarioregional.com.br\/index.php?rest_route=\/wp\/v2\/posts\/8868","targetHints":{"allow":["GET"]}}],"collection":[{"href":"https:\/\/noticiarioregional.com.br\/index.php?rest_route=\/wp\/v2\/posts"}],"about":[{"href":"https:\/\/noticiarioregional.com.br\/index.php?rest_route=\/wp\/v2\/types\/post"}],"author":[{"embeddable":true,"href":"https:\/\/noticiarioregional.com.br\/index.php?rest_route=\/wp\/v2\/users\/1"}],"replies":[{"embeddable":true,"href":"https:\/\/noticiarioregional.com.br\/index.php?rest_route=%2Fwp%2Fv2%2Fcomments&post=8868"}],"version-history":[{"count":1,"href":"https:\/\/noticiarioregional.com.br\/index.php?rest_route=\/wp\/v2\/posts\/8868\/revisions"}],"predecessor-version":[{"id":8870,"href":"https:\/\/noticiarioregional.com.br\/index.php?rest_route=\/wp\/v2\/posts\/8868\/revisions\/8870"}],"wp:featuredmedia":[{"embeddable":true,"href":"https:\/\/noticiarioregional.com.br\/index.php?rest_route=\/wp\/v2\/media\/8869"}],"wp:attachment":[{"href":"https:\/\/noticiarioregional.com.br\/index.php?rest_route=%2Fwp%2Fv2%2Fmedia&parent=8868"}],"wp:term":[{"taxonomy":"category","embeddable":true,"href":"https:\/\/noticiarioregional.com.br\/index.php?rest_route=%2Fwp%2Fv2%2Fcategories&post=8868"},{"taxonomy":"post_tag","embeddable":true,"href":"https:\/\/noticiarioregional.com.br\/index.php?rest_route=%2Fwp%2Fv2%2Ftags&post=8868"}],"curies":[{"name":"wp","href":"https:\/\/api.w.org\/{rel}","templated":true}]}}