{"id":8874,"date":"2026-03-11T10:18:30","date_gmt":"2026-03-11T13:18:30","guid":{"rendered":"https:\/\/noticiarioregional.com.br\/?p=8874"},"modified":"2026-03-11T10:18:31","modified_gmt":"2026-03-11T13:18:31","slug":"municipio-investe-quase-20-do-orcamento-global-em-saude","status":"publish","type":"post","link":"https:\/\/noticiarioregional.com.br\/?p=8874","title":{"rendered":"Munic\u00edpio investe quase 20% do or\u00e7amento global em Sa\u00fade"},"content":{"rendered":"\n<p class=\"has-text-align-center has-large-font-size\"><strong>N\u00fameros da Sa\u00fade em 2025<\/strong><\/p>\n\n\n\n<p><strong>Monda\u00ed &#8211;<\/strong> A Administra\u00e7\u00e3o Municipal realizou no dia 23 de fevereiro audi\u00eancia p\u00fablica de presta\u00e7\u00e3o de contas da sa\u00fade de 2025. A apresenta\u00e7\u00e3o foi conduzida pelo analista de controle interno Lucas Eduardo Tonezer.<\/p>\n\n\n\n<p>De acordo com os dados apresentados, o munic\u00edpio conta com 9.986 pessoas cadastradas nas quatro \u00e1reas de Estrat\u00e9gia Sa\u00fade da Fam\u00edlia, ESF, distribu\u00eddas de forma proporcional. A popula\u00e7\u00e3o estimada em 2025 \u00e9 de 10.206 habitantes.<\/p>\n\n\n\n<p>Ao longo de 2025, a rede municipal de sa\u00fade registrou n\u00fameros significativos em atendimentos e procedimentos, conforme detalhado:<\/p>\n\n\n\n<ul class=\"wp-block-list\">\n<li>34.603 consultas m\u00e9dicas na aten\u00e7\u00e3o b\u00e1sica (incluindo ESF, pediatria e ginecologia);<\/li>\n\n\n\n<li>32.203 atendimentos com profissionais de n\u00edvel superior n\u00e3o m\u00e9dicos, como nutricionistas, odont\u00f3logos e psic\u00f3logos;<\/li>\n\n\n\n<li>72.123 procedimentos de enfermagem;<\/li>\n\n\n\n<li>70.327 visitas domiciliares realizadas por agentes comunit\u00e1rios de sa\u00fade;<\/li>\n\n\n\n<li>11.545 procedimentos odontol\u00f3gicos;<\/li>\n\n\n\n<li>9.684 vacinas de rotina aplicadas;<\/li>\n\n\n\n<li>77 mil exames laboratoriais;<\/li>\n\n\n\n<li>7.129 atendimentos de fisioterapia;<\/li>\n\n\n\n<li>13.741 atendimentos no CAPS e 10.672 na APAE.<\/li>\n<\/ul>\n\n\n\n<p>Tamb\u00e9m foram realizados 8.000 exames especializados e 6.360 consultas especializadas por meio do SUS, SIS\/Ameosc e demais credenciamentos. Entre os principais exames destacam-se 1.804 ultrassonografias com Doppler, 2.455 exames de radiologia e 8.058 resson\u00e2ncias magn\u00e9ticas, al\u00e9m de 526 atendimentos de fonoaudiologia.<\/p>\n\n\n\n<p>O Tratamento Fora do Domic\u00edlio (TFD) apresentou n\u00fameros expressivos. Em 2025, foram transportadas 11.419 pessoas. A frota percorreu 684 mil quil\u00f4metros ao longo do ano. Apesar do grande volume de deslocamentos, o \u00edndice de faltas ficou em torno de 5%, totalizando 694 pacientes ausentes nos transportes agendados. A farm\u00e1cia b\u00e1sica atendeu 56.630 pacientes, com investimento aproximado de R$ 2 milh\u00f5es em medicamentos. No campo hospitalar, foram registradas 1.230 interna\u00e7\u00f5es em 2025, sendo: 581 procedimentos cl\u00ednicos; 647 cir\u00fargicos e 1 transplante de \u00f3rg\u00e3os, tecidos ou c\u00e9lulas. Do total, 472 interna\u00e7\u00f5es foram eletivas e 758 ocorreram em car\u00e1ter de urg\u00eancia. As principais causas, conforme classifica\u00e7\u00e3o CID, foram doen\u00e7as do aparelho respirat\u00f3rio e digestivo, al\u00e9m de 84 registros relacionados a neoplasias.<\/p>\n\n\n\n<p>Os nascidos vivos apresentaram queda em rela\u00e7\u00e3o a 2024. No ano anterior, foram 63 nascimentos masculinos e 45 femininos. Em 2025, os n\u00fameros passaram para 46 masculinos, enquanto os femininos permaneceram praticamente est\u00e1veis. Os \u00f3bitos tamb\u00e9m reduziram, passando de 55 masculinos e 34 femininos em 2024 para 48 masculinos e 34 femininos em 2025. As principais causas continuam sendo neoplasias e doen\u00e7as do aparelho circulat\u00f3rio.<\/p>\n\n\n\n<p>O total de repasses federais somou R$ 8.715.000. J\u00e1 os repasses estaduais alcan\u00e7aram aproximadamente R$ 1,1 milh\u00e3o, incluindo aten\u00e7\u00e3o prim\u00e1ria, farm\u00e1cia, CAPS e emendas parlamentares. At\u00e9 o terceiro quadrimestre, a receita arrecadada para a sa\u00fade foi de R$ 22.679.765,19. As despesas liquidadas e pagas somaram R$ 18.736.746,31, enquanto o total empenhado foi de R$ 21.424.000, restando saldo a pagar.&nbsp; O munic\u00edpio aplicou 19,49% da receita em sa\u00fade em 2025, percentual superior ao m\u00ednimo constitucional de 15%.<\/p>\n","protected":false},"excerpt":{"rendered":"<p>N\u00fameros da Sa\u00fade em 2025 Monda\u00ed &#8211; A Administra\u00e7\u00e3o Municipal realizou no dia 23 de fevereiro audi\u00eancia p\u00fablica de presta\u00e7\u00e3o de contas da sa\u00fade de 2025. A apresenta\u00e7\u00e3o foi conduzida pelo analista de controle interno Lucas Eduardo Tonezer. De acordo com os dados apresentados, o munic\u00edpio conta com 9.986 pessoas cadastradas nas quatro \u00e1reas de<\/p>\n","protected":false},"author":1,"featured_media":8875,"comment_status":"open","ping_status":"open","sticky":false,"template":"","format":"standard","meta":{"footnotes":""},"categories":[41],"tags":[],"class_list":{"0":"post-8874","1":"post","2":"type-post","3":"status-publish","4":"format-standard","5":"has-post-thumbnail","7":"category-noticias"},"_links":{"self":[{"href":"https:\/\/noticiarioregional.com.br\/index.php?rest_route=\/wp\/v2\/posts\/8874","targetHints":{"allow":["GET"]}}],"collection":[{"href":"https:\/\/noticiarioregional.com.br\/index.php?rest_route=\/wp\/v2\/posts"}],"about":[{"href":"https:\/\/noticiarioregional.com.br\/index.php?rest_route=\/wp\/v2\/types\/post"}],"author":[{"embeddable":true,"href":"https:\/\/noticiarioregional.com.br\/index.php?rest_route=\/wp\/v2\/users\/1"}],"replies":[{"embeddable":true,"href":"https:\/\/noticiarioregional.com.br\/index.php?rest_route=%2Fwp%2Fv2%2Fcomments&post=8874"}],"version-history":[{"count":1,"href":"https:\/\/noticiarioregional.com.br\/index.php?rest_route=\/wp\/v2\/posts\/8874\/revisions"}],"predecessor-version":[{"id":8876,"href":"https:\/\/noticiarioregional.com.br\/index.php?rest_route=\/wp\/v2\/posts\/8874\/revisions\/8876"}],"wp:featuredmedia":[{"embeddable":true,"href":"https:\/\/noticiarioregional.com.br\/index.php?rest_route=\/wp\/v2\/media\/8875"}],"wp:attachment":[{"href":"https:\/\/noticiarioregional.com.br\/index.php?rest_route=%2Fwp%2Fv2%2Fmedia&parent=8874"}],"wp:term":[{"taxonomy":"category","embeddable":true,"href":"https:\/\/noticiarioregional.com.br\/index.php?rest_route=%2Fwp%2Fv2%2Fcategories&post=8874"},{"taxonomy":"post_tag","embeddable":true,"href":"https:\/\/noticiarioregional.com.br\/index.php?rest_route=%2Fwp%2Fv2%2Ftags&post=8874"}],"curies":[{"name":"wp","href":"https:\/\/api.w.org\/{rel}","templated":true}]}}