{"id":8877,"date":"2026-03-11T10:20:00","date_gmt":"2026-03-11T13:20:00","guid":{"rendered":"https:\/\/noticiarioregional.com.br\/?p=8877"},"modified":"2026-03-11T10:20:01","modified_gmt":"2026-03-11T13:20:01","slug":"camara-de-riqueza-aprova-titulo-de-cidadao-honorario-ao-deputado-mauro-de-nadal","status":"publish","type":"post","link":"https:\/\/noticiarioregional.com.br\/?p=8877","title":{"rendered":"C\u00e2mara de Riqueza aprova T\u00edtulo de Cidad\u00e3o Honor\u00e1rio ao deputado Mauro De Nadal"},"content":{"rendered":"\n<p><strong>Riqueza <\/strong>&#8211; Na \u00faltima sess\u00e3o ordin\u00e1ria da C\u00e2mara de Vereadores de Riqueza, realizada na segunda-feira, 02, foi aprovada por unanimidade, a Resolu\u00e7\u00e3o n\u00ba 004\/2026, que concede o T\u00edtulo de Cidad\u00e3o Honor\u00e1rio ao deputado estadual Mauro De Nadal. A homenagem reconhece os relevantes servi\u00e7os prestados pelo parlamentar \u00e0 comunidade riquezense ao longo dos \u00faltimos anos. A solenidade de entrega da honraria ser\u00e1 no dia 19 de mar\u00e7o, \u00e0s 19h30, no plen\u00e1rio da C\u00e2mara de Vereadores de Riqueza, reunindo autoridades, lideran\u00e7as locais e comunidade.<\/p>\n\n\n\n<p>Na justificativa apresentada junto \u00e0 resolu\u00e7\u00e3o, destaca-se a atua\u00e7\u00e3o firme de Mauro De Nadal no Extremo Oeste e, de forma especial, no munic\u00edpio de Riqueza. Entre 2020 e 2025, o deputado destinou mais de R$ 4.030.000,00 ao munic\u00edpio, recursos aplicados em \u00e1reas estrat\u00e9gicas como Sa\u00fade, Infraestrutura, Lazer e Esporte.<\/p>\n\n\n\n<p>Al\u00e9m da viabiliza\u00e7\u00e3o de emendas e investimentos, o parlamentar tem sido apontado como porta-voz das demandas de Riqueza na Assembleia Legislativa de Santa Catarina, defendendo projetos e pleitos da comunidade junto ao Governo do Estado e demais \u00f3rg\u00e3os competentes.<\/p>\n\n\n\n<p>Para o presidente da C\u00e2mara, Douglas Naibo, a concess\u00e3o do t\u00edtulo representa um gesto de gratid\u00e3o. \u201c<em>Esta Casa reconhece publicamente os relevantes servi\u00e7os prestados ao munic\u00edpio, valorizando aqueles que, mesmo n\u00e3o sendo naturais de Riqueza, contribuem efetivamente para o seu desenvolvimento<\/em>\u201d, destaca.<\/p>\n\n\n\n<div class=\"wp-block-group has-pale-cyan-blue-background-color has-background\"><div class=\"wp-block-group__inner-container is-layout-constrained wp-block-group-is-layout-constrained\">\n<p><strong>Trajet\u00f3ria constru\u00edda no Oeste catarinense por Mauro de Nadal<\/strong><\/p>\n\n\n\n<p>Natural de Caibi, onde nasceu em 17 de outubro de 1971, Mauro De Nadal mudou-se ainda crian\u00e7a para Cunha Por\u00e3, munic\u00edpio onde construiu sua base familiar, profissional e pol\u00edtica. Formado em Direito pela Unoesc de Chapec\u00f3 em 1996, tamb\u00e9m cursou a Escola de Magistratura e especializou-se em Gest\u00e3o P\u00fablica. Sua atua\u00e7\u00e3o pol\u00edtica iniciou na d\u00e9cada de 1990 como assessor jur\u00eddico da bancada do MDB na Assembleia Legislativa.<\/p>\n\n\n\n<p>Em 2000, foi eleito prefeito de Cunha Por\u00e3, exercendo dois mandatos consecutivos. Posteriormente, assumiu a Secretaria de Estado de Desenvolvimento Regional de Palmitos. Em 2011, passou a ocupar cadeira na Assembleia Legislativa do Estado de Santa Catarina, consolidando-se como uma das principais lideran\u00e7as do Oeste e Extremo Oeste.<\/p>\n\n\n\n<p>Reeleito em 2014, 2018 e 2022, presidiu a Comiss\u00e3o de Constitui\u00e7\u00e3o e Justi\u00e7a por tr\u00eas vezes, foi l\u00edder da bancada do MDB e integrou a Mesa Diretora da Casa. Em 2021 e novamente em 2023, assumiu a presid\u00eancia do Parlamento catarinense. Tamb\u00e9m exerceu interinamente o Governo do Estado em 2021 e 2024.<\/p>\n\n\n\n<p>Entre as principais bandeiras do deputado est\u00e3o a defesa das pessoas com Transtorno do Espectro Autista (TEA), a melhoria da infraestrutura regional e o fortalecimento da sa\u00fade p\u00fablica. Destacam-se a moderniza\u00e7\u00e3o do Porto Seco de Dion\u00edsio Cerqueira, a articula\u00e7\u00e3o para revitaliza\u00e7\u00e3o de rodovias e o elevado entre as BR-282 e BR-158, em Maravilha.<\/p>\n\n\n\n<p>Na \u00e1rea da sa\u00fade, atua pelo fortalecimento dos hospitais regionais e pela amplia\u00e7\u00e3o do Hospital Regional Terezinha Gaio Basso, al\u00e9m da implanta\u00e7\u00e3o de unidade do Hemosc em S\u00e3o Miguel do Oeste.<\/p>\n\n\n\n<p>Casado com Luciane De Nadal e pai de J\u00falia Maura e Rafaela, Mauro De Nadal \u00e9 reconhecido por manter di\u00e1logo constante com as lideran\u00e7as municipais e por acompanhar de perto as demandas locais.<\/p>\n<\/div><\/div>\n","protected":false},"excerpt":{"rendered":"<p>Riqueza &#8211; Na \u00faltima sess\u00e3o ordin\u00e1ria da C\u00e2mara de Vereadores de Riqueza, realizada na segunda-feira, 02, foi aprovada por unanimidade, a Resolu\u00e7\u00e3o n\u00ba 004\/2026, que concede o T\u00edtulo de Cidad\u00e3o Honor\u00e1rio ao deputado estadual Mauro De Nadal. A homenagem reconhece os relevantes servi\u00e7os prestados pelo parlamentar \u00e0 comunidade riquezense ao longo dos \u00faltimos anos. A<\/p>\n","protected":false},"author":1,"featured_media":8878,"comment_status":"open","ping_status":"open","sticky":false,"template":"","format":"standard","meta":{"footnotes":""},"categories":[41],"tags":[],"class_list":{"0":"post-8877","1":"post","2":"type-post","3":"status-publish","4":"format-standard","5":"has-post-thumbnail","7":"category-noticias"},"_links":{"self":[{"href":"https:\/\/noticiarioregional.com.br\/index.php?rest_route=\/wp\/v2\/posts\/8877","targetHints":{"allow":["GET"]}}],"collection":[{"href":"https:\/\/noticiarioregional.com.br\/index.php?rest_route=\/wp\/v2\/posts"}],"about":[{"href":"https:\/\/noticiarioregional.com.br\/index.php?rest_route=\/wp\/v2\/types\/post"}],"author":[{"embeddable":true,"href":"https:\/\/noticiarioregional.com.br\/index.php?rest_route=\/wp\/v2\/users\/1"}],"replies":[{"embeddable":true,"href":"https:\/\/noticiarioregional.com.br\/index.php?rest_route=%2Fwp%2Fv2%2Fcomments&post=8877"}],"version-history":[{"count":1,"href":"https:\/\/noticiarioregional.com.br\/index.php?rest_route=\/wp\/v2\/posts\/8877\/revisions"}],"predecessor-version":[{"id":8879,"href":"https:\/\/noticiarioregional.com.br\/index.php?rest_route=\/wp\/v2\/posts\/8877\/revisions\/8879"}],"wp:featuredmedia":[{"embeddable":true,"href":"https:\/\/noticiarioregional.com.br\/index.php?rest_route=\/wp\/v2\/media\/8878"}],"wp:attachment":[{"href":"https:\/\/noticiarioregional.com.br\/index.php?rest_route=%2Fwp%2Fv2%2Fmedia&parent=8877"}],"wp:term":[{"taxonomy":"category","embeddable":true,"href":"https:\/\/noticiarioregional.com.br\/index.php?rest_route=%2Fwp%2Fv2%2Fcategories&post=8877"},{"taxonomy":"post_tag","embeddable":true,"href":"https:\/\/noticiarioregional.com.br\/index.php?rest_route=%2Fwp%2Fv2%2Ftags&post=8877"}],"curies":[{"name":"wp","href":"https:\/\/api.w.org\/{rel}","templated":true}]}}