{"id":8880,"date":"2026-03-11T10:22:24","date_gmt":"2026-03-11T13:22:24","guid":{"rendered":"https:\/\/noticiarioregional.com.br\/?p=8880"},"modified":"2026-03-11T10:22:25","modified_gmt":"2026-03-11T13:22:25","slug":"novo-reservatorio-em-jaboticaba-reduz-em-menos-da-metade-custos-com-tratamento-de-agua","status":"publish","type":"post","link":"https:\/\/noticiarioregional.com.br\/?p=8880","title":{"rendered":"Novo reservat\u00f3rio em Jaboticaba reduz em menos da metade custos com tratamento de \u00e1gua"},"content":{"rendered":"\n<p><strong>S\u00e3o Jo\u00e3o do Oeste \u2013<\/strong> Ainda no final do ano passado o departamento de \u00c1gua do munic\u00edpio concluiu o investimento do novo reservat\u00f3rio, localizado ao lado da Esta\u00e7\u00e3o de Tratamento de \u00c1gua, na Linha Jaboticaba. O diretor do setor, Eg\u00eddio Simon, explica que o reservat\u00f3rio com geomembrana tem capacidade de armazenar 2,6 milh\u00f5es de litros de \u00e1gua, que \u00e9 captada do Rio Uruguai.<\/p>\n\n\n\n<p>Eg\u00eddio destaca que caso n\u00e3o seja poss\u00edvel captar \u00e1gua do rio, quando ela estiver muito turva por conta de fortes chuvas, o reservat\u00f3rio tem capacidade que garante o abastecimento da ETA por cinco dias, sem a necessidade de captar \u00e1gua do rio nesse per\u00edodo. O diretor comenta que a geomembrana \u00e9 uma manta, onde a \u00e1gua decanta por um per\u00edodo, o que faz com que as maiores impurezas fiquem no fundo. Isso j\u00e1 garantiu uma economia superior a 50% com produtos qu\u00edmicos, necess\u00e1rios para o tratamento dessa \u00e1gua.<\/p>\n\n\n\n<p>O diretor do departamento de \u00c1gua enfatiza que o reservat\u00f3rio representa um custo baixo para o munic\u00edpio, em torno de R$ 135 mil, incluindo nesse valor os servi\u00e7os de m\u00e1quina. Nesse montante tamb\u00e9m est\u00e1 inclu\u00edda a geomembrana que o setor pretende instalar em reservat\u00f3rio futuro na Linha Macuco, quando a ETA desta localidade estiver funcionando. \u201c<em>O investimento nesse reservat\u00f3rio tem como objetivo principal a garantia de \u00e1gua em caso de per\u00edodos longos de estiagem. Temos garantido em lei o fornecimento de \u00e1gua bruta aos mun\u00edcipes que precisarem, sendo que ser\u00e3o feitas as instala\u00e7\u00f5es de uma bomba separada para abastecimento de caminh\u00f5es no reservat\u00f3rio, quando houver a necessidade\u201d, <\/em>ressalta o diretor.<\/p>\n\n\n\n<p>A ETA de Jaboticaba abastece moradores desta comunidade, e tamb\u00e9m de Ervalzinho, Fortaleza, parte da cidade e quando necess\u00e1rio \u00e9 feito o recalque para Beato Roque e Cristo Rei. <em>&nbsp;<\/em>No local tamb\u00e9m foram feitos investimentos recentes em seguran\u00e7a para o trabalho dos operadores, pintura e o cercamento da \u00e1rea que est\u00e1 em andamento.<\/p>\n\n\n\n<p>Conforme o diretor, al\u00e9m deste investimento, est\u00e3o tendo sequ\u00eancia os demais trabalhos do setor. Eg\u00eddio cita que foram feitas altera\u00e7\u00f5es no leito de v\u00e1rios trechos de canaliza\u00e7\u00e3o e instalados novos canos para facilitar o abastecimento de \u00e1gua, bem como, a manuten\u00e7\u00e3o pelos servidores quando necess\u00e1rio. Estas altera\u00e7\u00f5es foram feitas entre Cristo Rei e Beato Roque, em um trecho de cerca de 700 metros na Linha Ervalzinho onde ser\u00e1 feito o asfaltamento, no trecho de cerca de um quil\u00f4metro na Linha Rauber, entre Jaboticaba e Ervalzinho, e em um trecho de 400 metros na sa\u00edda da cidade.<\/p>\n\n\n\n<p>Eg\u00eddio aproveita para esclarecer um questionamento feito na sess\u00e3o da C\u00e2mara de Vereadores, referente ao servi\u00e7o de leitura. Comenta que o trabalho est\u00e1 sendo feito por dois servidores, com o objetivo de trazer mais agilidade ao servi\u00e7o, que \u00e9 feito mensalmente a partir do dia 20. Dessa forma, o diretor destaca que o trabalho \u00e9 feito em menos tempo, o mun\u00edcipe recebe antes a sua fatura, e os servidores s\u00e3o liberados para exercer suas outras fun\u00e7\u00f5es.<\/p>\n","protected":false},"excerpt":{"rendered":"<p>S\u00e3o Jo\u00e3o do Oeste \u2013 Ainda no final do ano passado o departamento de \u00c1gua do munic\u00edpio concluiu o investimento do novo reservat\u00f3rio, localizado ao lado da Esta\u00e7\u00e3o de Tratamento de \u00c1gua, na Linha Jaboticaba. O diretor do setor, Eg\u00eddio Simon, explica que o reservat\u00f3rio com geomembrana tem capacidade de armazenar 2,6 milh\u00f5es de litros<\/p>\n","protected":false},"author":1,"featured_media":8881,"comment_status":"open","ping_status":"open","sticky":false,"template":"","format":"standard","meta":{"footnotes":""},"categories":[41],"tags":[],"class_list":{"0":"post-8880","1":"post","2":"type-post","3":"status-publish","4":"format-standard","5":"has-post-thumbnail","7":"category-noticias"},"_links":{"self":[{"href":"https:\/\/noticiarioregional.com.br\/index.php?rest_route=\/wp\/v2\/posts\/8880","targetHints":{"allow":["GET"]}}],"collection":[{"href":"https:\/\/noticiarioregional.com.br\/index.php?rest_route=\/wp\/v2\/posts"}],"about":[{"href":"https:\/\/noticiarioregional.com.br\/index.php?rest_route=\/wp\/v2\/types\/post"}],"author":[{"embeddable":true,"href":"https:\/\/noticiarioregional.com.br\/index.php?rest_route=\/wp\/v2\/users\/1"}],"replies":[{"embeddable":true,"href":"https:\/\/noticiarioregional.com.br\/index.php?rest_route=%2Fwp%2Fv2%2Fcomments&post=8880"}],"version-history":[{"count":1,"href":"https:\/\/noticiarioregional.com.br\/index.php?rest_route=\/wp\/v2\/posts\/8880\/revisions"}],"predecessor-version":[{"id":8882,"href":"https:\/\/noticiarioregional.com.br\/index.php?rest_route=\/wp\/v2\/posts\/8880\/revisions\/8882"}],"wp:featuredmedia":[{"embeddable":true,"href":"https:\/\/noticiarioregional.com.br\/index.php?rest_route=\/wp\/v2\/media\/8881"}],"wp:attachment":[{"href":"https:\/\/noticiarioregional.com.br\/index.php?rest_route=%2Fwp%2Fv2%2Fmedia&parent=8880"}],"wp:term":[{"taxonomy":"category","embeddable":true,"href":"https:\/\/noticiarioregional.com.br\/index.php?rest_route=%2Fwp%2Fv2%2Fcategories&post=8880"},{"taxonomy":"post_tag","embeddable":true,"href":"https:\/\/noticiarioregional.com.br\/index.php?rest_route=%2Fwp%2Fv2%2Ftags&post=8880"}],"curies":[{"name":"wp","href":"https:\/\/api.w.org\/{rel}","templated":true}]}}