{"id":8883,"date":"2026-03-11T10:23:56","date_gmt":"2026-03-11T13:23:56","guid":{"rendered":"https:\/\/noticiarioregional.com.br\/?p=8883"},"modified":"2026-03-11T10:23:57","modified_gmt":"2026-03-11T13:23:57","slug":"municipio-presta-contas-de-2025-com-crescimento-de-3718-das-receitas","status":"publish","type":"post","link":"https:\/\/noticiarioregional.com.br\/?p=8883","title":{"rendered":"Munic\u00edpio presta contas de 2025 com crescimento de 37,18% das receitas"},"content":{"rendered":"\n<p class=\"has-text-align-center has-large-font-size\"><em><strong>Arrecada\u00e7\u00e3o do munic\u00edpio foi R$ 20.447.423,19 superior ao previsto<\/strong><\/em><\/p>\n\n\n\n<p><strong>Ipor\u00e3 do Oeste &#8211;<\/strong> Na tarde de sexta-feira, 27, o Poder Executivo realizou a Audi\u00eancia P\u00fablica de Avalia\u00e7\u00e3o do Cumprimento das Metas Fiscais referentes ao 3\u00ba quadrimestre de 2025.<\/p>\n\n\n\n<p>Para o per\u00edodo, a previs\u00e3o inicial de arrecada\u00e7\u00e3o era de R$ 55 milh\u00f5es, por\u00e9m o munic\u00edpio registrou uma Receita Or\u00e7ament\u00e1ria de R$ 75.447.423,52, valor R$ 20.447.423,52 superior ao previsto, representando um acr\u00e9scimo aproximado de 37,18% em rela\u00e7\u00e3o \u00e0 estimativa inicial. No mesmo per\u00edodo, a Despesa executada totalizou R$ 69.930.520,19, resultando em um Super\u00e1vit Or\u00e7ament\u00e1rio de R$ 5.516.903,33 at\u00e9 o 3\u00ba quadrimestre de 2025.<\/p>\n\n\n\n<p>Na \u00e1rea da sa\u00fade, foram aplicados R$ 7.933.336,98, representando 16,57% da receita, percentual superior ao m\u00ednimo constitucional de 15%. J\u00e1 na educa\u00e7\u00e3o, o investimento foi de R$ 13.680.832,33, correspondendo a 29,78%, acima do m\u00ednimo exigido por lei, que \u00e9 de 25%.<\/p>\n\n\n\n<p>Com rela\u00e7\u00e3o ao FUNDEB, o munic\u00edpio aplicou 84,89% dos recursos na valoriza\u00e7\u00e3o dos profissionais da educa\u00e7\u00e3o b\u00e1sica, totalizando R$ 7.463.184,24, superando o m\u00ednimo de 70% estabelecido pela legisla\u00e7\u00e3o.<\/p>\n\n\n\n<p>Na ocasi\u00e3o, o secret\u00e1rio de Sa\u00fade e gestor do Fundo Municipal de Sa\u00fade, Oldair Schmitz, apresentou a Presta\u00e7\u00e3o de Contas do Terceiro Quadrimestre da Sa\u00fade de 2025, detalhando os investimentos, servi\u00e7os realizados e a aplica\u00e7\u00e3o dos recursos na \u00e1rea.<\/p>\n\n\n\n<p>De acordo com o prefeito Michel Barth,<em> \u201cos n\u00fameros demonstram equil\u00edbrio nas contas p\u00fablicas e refor\u00e7am o compromisso da Administra\u00e7\u00e3o Municipal com a responsabilidade fiscal, a transpar\u00eancia e a correta aplica\u00e7\u00e3o dos recursos em benef\u00edcio da popula\u00e7\u00e3o\u201d.<\/em><\/p>\n\n\n\n<p><\/p>\n","protected":false},"excerpt":{"rendered":"<p>Arrecada\u00e7\u00e3o do munic\u00edpio foi R$ 20.447.423,19 superior ao previsto Ipor\u00e3 do Oeste &#8211; Na tarde de sexta-feira, 27, o Poder Executivo realizou a Audi\u00eancia P\u00fablica de Avalia\u00e7\u00e3o do Cumprimento das Metas Fiscais referentes ao 3\u00ba quadrimestre de 2025. Para o per\u00edodo, a previs\u00e3o inicial de arrecada\u00e7\u00e3o era de R$ 55 milh\u00f5es, por\u00e9m o munic\u00edpio registrou<\/p>\n","protected":false},"author":1,"featured_media":8884,"comment_status":"open","ping_status":"open","sticky":false,"template":"","format":"standard","meta":{"footnotes":""},"categories":[41],"tags":[],"class_list":{"0":"post-8883","1":"post","2":"type-post","3":"status-publish","4":"format-standard","5":"has-post-thumbnail","7":"category-noticias"},"_links":{"self":[{"href":"https:\/\/noticiarioregional.com.br\/index.php?rest_route=\/wp\/v2\/posts\/8883","targetHints":{"allow":["GET"]}}],"collection":[{"href":"https:\/\/noticiarioregional.com.br\/index.php?rest_route=\/wp\/v2\/posts"}],"about":[{"href":"https:\/\/noticiarioregional.com.br\/index.php?rest_route=\/wp\/v2\/types\/post"}],"author":[{"embeddable":true,"href":"https:\/\/noticiarioregional.com.br\/index.php?rest_route=\/wp\/v2\/users\/1"}],"replies":[{"embeddable":true,"href":"https:\/\/noticiarioregional.com.br\/index.php?rest_route=%2Fwp%2Fv2%2Fcomments&post=8883"}],"version-history":[{"count":1,"href":"https:\/\/noticiarioregional.com.br\/index.php?rest_route=\/wp\/v2\/posts\/8883\/revisions"}],"predecessor-version":[{"id":8885,"href":"https:\/\/noticiarioregional.com.br\/index.php?rest_route=\/wp\/v2\/posts\/8883\/revisions\/8885"}],"wp:featuredmedia":[{"embeddable":true,"href":"https:\/\/noticiarioregional.com.br\/index.php?rest_route=\/wp\/v2\/media\/8884"}],"wp:attachment":[{"href":"https:\/\/noticiarioregional.com.br\/index.php?rest_route=%2Fwp%2Fv2%2Fmedia&parent=8883"}],"wp:term":[{"taxonomy":"category","embeddable":true,"href":"https:\/\/noticiarioregional.com.br\/index.php?rest_route=%2Fwp%2Fv2%2Fcategories&post=8883"},{"taxonomy":"post_tag","embeddable":true,"href":"https:\/\/noticiarioregional.com.br\/index.php?rest_route=%2Fwp%2Fv2%2Ftags&post=8883"}],"curies":[{"name":"wp","href":"https:\/\/api.w.org\/{rel}","templated":true}]}}