{"id":8890,"date":"2026-03-11T10:27:13","date_gmt":"2026-03-11T13:27:13","guid":{"rendered":"https:\/\/noticiarioregional.com.br\/?p=8890"},"modified":"2026-03-11T10:27:15","modified_gmt":"2026-03-11T13:27:15","slug":"conselho-tutelar-define-plano-de-acoes-para-atuacao-junto-a-comunidade","status":"publish","type":"post","link":"https:\/\/noticiarioregional.com.br\/?p=8890","title":{"rendered":"Conselho Tutelar define Plano de A\u00e7\u00f5es para atua\u00e7\u00e3o junto \u00e0 comunidade"},"content":{"rendered":"\n<p class=\"has-text-align-center\"><em><strong>Objetivo \u00e9 desmistificar a vis\u00e3o de \u00f3rg\u00e3o fiscalizador e punidor<\/strong><\/em><\/p>\n\n\n\n<p><strong>S\u00e3o Jo\u00e3o do Oeste \u2013<\/strong> O&nbsp;Conselho Tutelar foi criado no Brasil&nbsp;pela&nbsp;Lei&nbsp;Federal n\u00famero 8.069, de 13 de julho de 1990, do Estatuto da Crian\u00e7a e do Adolescente, com o objetivo de agilizar o atendimento a crian\u00e7as e adolescentes em situa\u00e7\u00e3o de vulnerabilidade ou risco social.<\/p>\n\n\n\n<p>A diretora de Assist\u00eancia Social, S\u00f4nia Spaniol Theisen, destaca que com a miss\u00e3o de reestruturar o Conselho Tutelar no munic\u00edpio, pois durante um per\u00edodo do ano passado havia apenas uma conselheira atuando, hoje com a equipe completa o setor aposta em profissionais preparados e competentes, que foquem no estudo cont\u00ednuo do ECA, que dominem a metodologia nos atendimentos, relat\u00f3rios e conhe\u00e7am a rede de apoio, formada pelos setores da sa\u00fade, educa\u00e7\u00e3o e assist\u00eancia social. E para isso, ressalta que as capacita\u00e7\u00f5es s\u00e3o fundamentais e ser\u00e3o frequentes.<\/p>\n\n\n\n<p>A elei\u00e7\u00e3o do Conselho Tutelar foi realizada dia 07 de dezembro de 2025, e o mandato dos eleitos iniciou j\u00e1 no dia 19 dezembro. Ocupam os cinco cargos Tarc\u00edsio Kipper, Vanessa Follmann Ternus, Omar Feix, Catarina Ida Barth e Jussara Rech Grasel. Os conselheiros t\u00eam uma carga hor\u00e1ria de 30 horas semanais, e se revezam para o atendimento de plant\u00e3o, do qual o telefone de contato \u00e9 o (49) 9919-4632.<\/p>\n\n\n\n<p>A equipe j\u00e1 participou de algumas capacita\u00e7\u00f5es e treinamentos, o que ir\u00e1 se intensificar, a exemplo da capacita\u00e7\u00e3o para uso do Sistema de Informa\u00e7\u00e3o para a Inf\u00e2ncia e Adolesc\u00eancia, SIPIA, um sistema de registro e tratamento de informa\u00e7\u00e3o com abrang\u00eancia nacional, criado para subsidiar a ado\u00e7\u00e3o de decis\u00f5es governamentais nas pol\u00edticas para crian\u00e7as e adolescentes, garantindo-lhes acesso \u00e0 cidadania. \u00c9 um sistema que facilita a comunica\u00e7\u00e3o da rede de apoio, e tamb\u00e9m a proximidade com o Minist\u00e9rio P\u00fablico, para acompanhamento e suporte ao Conselho Tutelar.<\/p>\n\n\n\n<p>Entre as demandas di\u00e1rias e atribui\u00e7\u00f5es dos conselheiros est\u00e3o as visitas para acompanhamento dos casos em atendimento, a visita aos com\u00e9rcios que vendem bebida alco\u00f3lica para orienta\u00e7\u00e3o referente a proibi\u00e7\u00e3o na venda para menores de 18 anos e as postagens no Instagram do Conselho Tutelar com orienta\u00e7\u00f5es gerais a popula\u00e7\u00e3o. No Plano de A\u00e7\u00f5es, discutido na \u00faltima semana, foram definidas as principais atividades do ano, que incluem visitas as escolas para explanar sobre as fun\u00e7\u00f5es do Conselho Tutelar e a campanha alusiva a 18 de maio.<\/p>\n\n\n\n<p>Das principais demandas para as quais o Conselho Tutelar \u00e9 acionado no munic\u00edpio, est\u00e3o os desentendimentos entre casais, pai e m\u00e3e, e que acabam afetando na conviv\u00eancia com as crian\u00e7as. E em fun\u00e7\u00e3o disso, o Conselho Tutelar planeja para o segundo semestre a realiza\u00e7\u00e3o do Dia da Fam\u00edlia, com a\u00e7\u00f5es para fortalecer os la\u00e7os e refor\u00e7ar a preven\u00e7\u00e3o de ocorr\u00eancias.<\/p>\n\n\n\n<p>Os conselheiros enfatizam que com esse trabalho junto a comunidade, o objetivo \u00e9 desmistificar a vis\u00e3o que muitas pessoas t\u00eam do \u00f3rg\u00e3o, de fiscaliza\u00e7\u00e3o e puni\u00e7\u00e3o. Mas sim, estar do lado dos pais e da fam\u00edlia para orientar, aconselhar e trazer informa\u00e7\u00f5es importantes.<\/p>\n\n\n\n<p>A partir deste m\u00eas de mar\u00e7o, os conselheiros participam de uma capacita\u00e7\u00e3o cont\u00ednua para operacionaliza\u00e7\u00e3o dos sistemas e o entendimento referente as atribui\u00e7\u00f5es. A diretora de Assist\u00eancia Social, ressalta que esta capacita\u00e7\u00e3o \u00e9 uma a\u00e7\u00e3o priorit\u00e1ria definida junto a administra\u00e7\u00e3o municipal e o Conselho Municipal dos Direitos das Crian\u00e7as e Adolescentes. <em>\u201c<\/em><em>Assim queremos realmente uma equipe que cumpra seu mandato, esteja comprometida e preparada para a nobre e importante fun\u00e7\u00e3o de conselheiro tutelar para assegurar uma inf\u00e2ncia digna e feliz para todas as crian\u00e7as do nosso munic\u00edpio, crian\u00e7as que estejam bem cuidadas, estudando e vivendo bem junto \u00e0s suas fam\u00edlias\u201d,<\/em> ressalta S\u00f4nia.<\/p>\n","protected":false},"excerpt":{"rendered":"<p>Objetivo \u00e9 desmistificar a vis\u00e3o de \u00f3rg\u00e3o fiscalizador e punidor S\u00e3o Jo\u00e3o do Oeste \u2013 O&nbsp;Conselho Tutelar foi criado no Brasil&nbsp;pela&nbsp;Lei&nbsp;Federal n\u00famero 8.069, de 13 de julho de 1990, do Estatuto da Crian\u00e7a e do Adolescente, com o objetivo de agilizar o atendimento a crian\u00e7as e adolescentes em situa\u00e7\u00e3o de vulnerabilidade ou risco social. A<\/p>\n","protected":false},"author":1,"featured_media":8891,"comment_status":"open","ping_status":"open","sticky":false,"template":"","format":"standard","meta":{"footnotes":""},"categories":[41],"tags":[],"class_list":{"0":"post-8890","1":"post","2":"type-post","3":"status-publish","4":"format-standard","5":"has-post-thumbnail","7":"category-noticias"},"_links":{"self":[{"href":"https:\/\/noticiarioregional.com.br\/index.php?rest_route=\/wp\/v2\/posts\/8890","targetHints":{"allow":["GET"]}}],"collection":[{"href":"https:\/\/noticiarioregional.com.br\/index.php?rest_route=\/wp\/v2\/posts"}],"about":[{"href":"https:\/\/noticiarioregional.com.br\/index.php?rest_route=\/wp\/v2\/types\/post"}],"author":[{"embeddable":true,"href":"https:\/\/noticiarioregional.com.br\/index.php?rest_route=\/wp\/v2\/users\/1"}],"replies":[{"embeddable":true,"href":"https:\/\/noticiarioregional.com.br\/index.php?rest_route=%2Fwp%2Fv2%2Fcomments&post=8890"}],"version-history":[{"count":1,"href":"https:\/\/noticiarioregional.com.br\/index.php?rest_route=\/wp\/v2\/posts\/8890\/revisions"}],"predecessor-version":[{"id":8892,"href":"https:\/\/noticiarioregional.com.br\/index.php?rest_route=\/wp\/v2\/posts\/8890\/revisions\/8892"}],"wp:featuredmedia":[{"embeddable":true,"href":"https:\/\/noticiarioregional.com.br\/index.php?rest_route=\/wp\/v2\/media\/8891"}],"wp:attachment":[{"href":"https:\/\/noticiarioregional.com.br\/index.php?rest_route=%2Fwp%2Fv2%2Fmedia&parent=8890"}],"wp:term":[{"taxonomy":"category","embeddable":true,"href":"https:\/\/noticiarioregional.com.br\/index.php?rest_route=%2Fwp%2Fv2%2Fcategories&post=8890"},{"taxonomy":"post_tag","embeddable":true,"href":"https:\/\/noticiarioregional.com.br\/index.php?rest_route=%2Fwp%2Fv2%2Ftags&post=8890"}],"curies":[{"name":"wp","href":"https:\/\/api.w.org\/{rel}","templated":true}]}}