{"id":8896,"date":"2026-03-11T10:31:35","date_gmt":"2026-03-11T13:31:35","guid":{"rendered":"https:\/\/noticiarioregional.com.br\/?p=8896"},"modified":"2026-03-11T10:31:37","modified_gmt":"2026-03-11T13:31:37","slug":"riqueza-realiza-recuperacao-nos-trechos-mais-criticos-do-asfalto-que-liga-cidade-a-cambucica","status":"publish","type":"post","link":"https:\/\/noticiarioregional.com.br\/?p=8896","title":{"rendered":"Riqueza realiza recupera\u00e7\u00e3o nos trechos mais cr\u00edticos do asfalto que liga cidade a Cambucica"},"content":{"rendered":"\n<p>A Administra\u00e7\u00e3o Municipal de Riqueza est\u00e1 realizando uma a\u00e7\u00e3o de recupera\u00e7\u00e3o asf\u00e1ltica na rodovia que liga a cidade ao Distrito de Cambucica. A iniciativa, concentra esfor\u00e7os nos trechos mais cr\u00edticos da via, com o objetivo de garantir mais seguran\u00e7a e durabilidade ao pavimento.<\/p>\n\n\n\n<p>De acordo com o vice-prefeito, Liandro Jaeszinski, o trabalho consiste na recupera\u00e7\u00e3o pontual dos locais que apresentaram problemas estruturais. \u201c<em>Na verdade, estamos recuperando os piores trechos, aqueles que apresentaram problema. \u00c9 praticamente um tapa-buraco, mas feito da forma correta. Onde o asfalto cedeu, n\u00f3s retiramos tudo, refizemos a base e estamos aplicando concreto novo<\/em>\u201d, explicou.<\/p>\n\n\n\n<p>O trecho em quest\u00e3o compreende uma extens\u00e3o aproximada entre 1,5 e 2 quil\u00f4metros. No entanto, nem toda essa \u00e1rea est\u00e1 recebendo interven\u00e7\u00e3o. A a\u00e7\u00e3o foca especificamente nos pontos mais comprometidos, sendo que o maior trecho cont\u00ednuo em obras possui cerca de 250 metros de comprimento. Segundo o vice-prefeito, a metragem exata s\u00f3 poder\u00e1 ser confirmada ap\u00f3s a conclus\u00e3o dos trabalhos e a medi\u00e7\u00e3o final da \u00e1rea recuperada.<\/p>\n\n\n\n<p>A obra integra a primeira etapa de um cronograma maior de recupera\u00e7\u00e3o vi\u00e1ria, que contempla os primeiros quatro quil\u00f4metros da rodovia no sentido cidade\u2013interior. A proposta da administra\u00e7\u00e3o \u00e9 avan\u00e7ar gradativamente, promovendo melhorias conforme a necessidade identificada.<\/p>\n\n\n\n<p>Durante a execu\u00e7\u00e3o dos servi\u00e7os, o trecho permanece totalmente interditado.&nbsp; A estimativa \u00e9 que continue interditado em torno de 15 dias ainda. O desvio pode ser realizado pela Linha Alta Riqueza.<\/p>\n\n\n\n<figure class=\"wp-block-image size-large\"><img fetchpriority=\"high\" decoding=\"async\" width=\"1024\" height=\"683\" src=\"http:\/\/noticiarioregional.com.br\/wp-content\/uploads\/2026\/03\/Durante-a-execucao-dos-servicos-o-trecho-permanece-totalmente-interditado-1024x683.jpg\" alt=\"\" class=\"wp-image-8898\" srcset=\"https:\/\/noticiarioregional.com.br\/wp-content\/uploads\/2026\/03\/Durante-a-execucao-dos-servicos-o-trecho-permanece-totalmente-interditado-1024x683.jpg 1024w, https:\/\/noticiarioregional.com.br\/wp-content\/uploads\/2026\/03\/Durante-a-execucao-dos-servicos-o-trecho-permanece-totalmente-interditado-300x200.jpg 300w, https:\/\/noticiarioregional.com.br\/wp-content\/uploads\/2026\/03\/Durante-a-execucao-dos-servicos-o-trecho-permanece-totalmente-interditado-768x512.jpg 768w, https:\/\/noticiarioregional.com.br\/wp-content\/uploads\/2026\/03\/Durante-a-execucao-dos-servicos-o-trecho-permanece-totalmente-interditado-1536x1024.jpg 1536w, https:\/\/noticiarioregional.com.br\/wp-content\/uploads\/2026\/03\/Durante-a-execucao-dos-servicos-o-trecho-permanece-totalmente-interditado-2048x1365.jpg 2048w, https:\/\/noticiarioregional.com.br\/wp-content\/uploads\/2026\/03\/Durante-a-execucao-dos-servicos-o-trecho-permanece-totalmente-interditado-150x100.jpg 150w, https:\/\/noticiarioregional.com.br\/wp-content\/uploads\/2026\/03\/Durante-a-execucao-dos-servicos-o-trecho-permanece-totalmente-interditado-450x300.jpg 450w, https:\/\/noticiarioregional.com.br\/wp-content\/uploads\/2026\/03\/Durante-a-execucao-dos-servicos-o-trecho-permanece-totalmente-interditado-1200x800.jpg 1200w\" sizes=\"(max-width: 1024px) 100vw, 1024px\" \/><figcaption class=\"wp-element-caption\">Durante a execu\u00e7\u00e3o dos servi\u00e7os, o trecho permanece totalmente interditado <\/figcaption><\/figure>\n\n\n\n<p>Para evitar o tr\u00e2nsito irregular durante o per\u00edodo de cura do concreto, a prefeitura posicionou no local um caminh\u00e3o equipado com sistema de monitoramento por c\u00e2mera. O objetivo \u00e9 identificar ve\u00edculos que desrespeitem a sinaliza\u00e7\u00e3o e utilizem a via antes da libera\u00e7\u00e3o oficial. \u201c<em>Qualquer dano que possa ocorrer por uso indevido antes da hora ser\u00e1 de responsabilidade de quem descumprir a interdi\u00e7\u00e3o, se houver preju\u00edzo ao er\u00e1rio p\u00fablico, vamos encaminhar \u00e0s autoridades competentes para que essa pessoa responda pelo dano<\/em>\u201d, refor\u00e7ou Jaeszinski.<\/p>\n\n\n\n<p>O vice-prefeito destacou que a medida pode gerar transtornos tempor\u00e1rios, especialmente para quem precisa utilizar a rodovia diariamente. No entanto, ele ressalta que o per\u00edodo de bloqueio \u00e9 fundamental para garantir a qualidade e a durabilidade da obra.<\/p>\n\n\n\n<p>Ele tamb\u00e9m pontuou que uma infraestrutura vi\u00e1ria bem conservada impacta diretamente na imagem do munic\u00edpio, tanto para moradores quanto para visitantes. \u201c<em>Quem vem a Riqueza leva consigo a imagem de um munic\u00edpio bem cuidado, com ruas conservadas. Isso \u00e9 resultado de gest\u00e3o, mas tamb\u00e9m de consci\u00eancia coletiva<\/em>.\u201d<\/p>\n","protected":false},"excerpt":{"rendered":"<p>A Administra\u00e7\u00e3o Municipal de Riqueza est\u00e1 realizando uma a\u00e7\u00e3o de recupera\u00e7\u00e3o asf\u00e1ltica na rodovia que liga a cidade ao Distrito de Cambucica. A iniciativa, concentra esfor\u00e7os nos trechos mais cr\u00edticos da via, com o objetivo de garantir mais seguran\u00e7a e durabilidade ao pavimento. De acordo com o vice-prefeito, Liandro Jaeszinski, o trabalho consiste na recupera\u00e7\u00e3o<\/p>\n","protected":false},"author":1,"featured_media":8897,"comment_status":"open","ping_status":"open","sticky":false,"template":"","format":"standard","meta":{"footnotes":""},"categories":[41],"tags":[],"class_list":{"0":"post-8896","1":"post","2":"type-post","3":"status-publish","4":"format-standard","5":"has-post-thumbnail","7":"category-noticias"},"_links":{"self":[{"href":"https:\/\/noticiarioregional.com.br\/index.php?rest_route=\/wp\/v2\/posts\/8896","targetHints":{"allow":["GET"]}}],"collection":[{"href":"https:\/\/noticiarioregional.com.br\/index.php?rest_route=\/wp\/v2\/posts"}],"about":[{"href":"https:\/\/noticiarioregional.com.br\/index.php?rest_route=\/wp\/v2\/types\/post"}],"author":[{"embeddable":true,"href":"https:\/\/noticiarioregional.com.br\/index.php?rest_route=\/wp\/v2\/users\/1"}],"replies":[{"embeddable":true,"href":"https:\/\/noticiarioregional.com.br\/index.php?rest_route=%2Fwp%2Fv2%2Fcomments&post=8896"}],"version-history":[{"count":1,"href":"https:\/\/noticiarioregional.com.br\/index.php?rest_route=\/wp\/v2\/posts\/8896\/revisions"}],"predecessor-version":[{"id":8899,"href":"https:\/\/noticiarioregional.com.br\/index.php?rest_route=\/wp\/v2\/posts\/8896\/revisions\/8899"}],"wp:featuredmedia":[{"embeddable":true,"href":"https:\/\/noticiarioregional.com.br\/index.php?rest_route=\/wp\/v2\/media\/8897"}],"wp:attachment":[{"href":"https:\/\/noticiarioregional.com.br\/index.php?rest_route=%2Fwp%2Fv2%2Fmedia&parent=8896"}],"wp:term":[{"taxonomy":"category","embeddable":true,"href":"https:\/\/noticiarioregional.com.br\/index.php?rest_route=%2Fwp%2Fv2%2Fcategories&post=8896"},{"taxonomy":"post_tag","embeddable":true,"href":"https:\/\/noticiarioregional.com.br\/index.php?rest_route=%2Fwp%2Fv2%2Ftags&post=8896"}],"curies":[{"name":"wp","href":"https:\/\/api.w.org\/{rel}","templated":true}]}}