{"id":8904,"date":"2026-03-11T10:35:13","date_gmt":"2026-03-11T13:35:13","guid":{"rendered":"https:\/\/noticiarioregional.com.br\/?p=8904"},"modified":"2026-03-11T10:35:15","modified_gmt":"2026-03-11T13:35:15","slug":"secretario-elenca-demandas-e-novidades-para-o-setor-cultural-e-empresarial-de-descanso","status":"publish","type":"post","link":"https:\/\/noticiarioregional.com.br\/?p=8904","title":{"rendered":"Secret\u00e1rio elenca demandas e novidades para o setor cultural e empresarial de Descanso"},"content":{"rendered":"\n<p class=\"has-text-align-center has-larger-font-size\"><strong><em>Administra\u00e7\u00e3o organiza programa\u00e7\u00e3o especial em comemora\u00e7\u00e3o<\/em> <em>aos 70 anos do munic\u00edpio<\/em><\/strong><\/p>\n\n\n\n<p><strong>Descanso <\/strong>\u2013 A frente da secretaria de Desenvolvimento Econ\u00f4mico e Turismo desde fevereiro de 2025, Jhoni Zort\u00e9a destaca que o desafio inicial da pasta foi a organiza\u00e7\u00e3o e a promo\u00e7\u00e3o da Expo Descanso, em dezembro do ano passado. Ressalta que como o evento estava h\u00e1 14 anos sem ser realizado, a comiss\u00e3o teve muito trabalho para buscar informa\u00e7\u00f5es e ideias, e o maior desafio foi definir e estruturar o local para sediar a feira.<\/p>\n\n\n\n<p>Jhoni ressalta que de forma paralela tiveram sequ\u00eancia as demais atribui\u00e7\u00f5es da pasta, como o Reurbi, voltado a regulariza\u00e7\u00e3o fundi\u00e1ria de lotes em que o morador possui apenas contrato e necessita da escritura. Esse trabalho no munic\u00edpio foi dividido em zonas, e est\u00e1 tendo continuidade em 2026.<\/p>\n\n\n\n<p>No turismo, o secret\u00e1rio cita que um dos apontamentos feitos para incentivar o setor no munic\u00edpio foi com rela\u00e7\u00e3o a gastronomia. Explica que o objetivo \u00e9 ofertar mais op\u00e7\u00f5es em lanches e refei\u00e7\u00f5es as pessoas que vem visitar o Morro do Cristo, as cachoeiras, as cabanas, \u00e1reas de lazer ou atividades voltadas a agricultura, para que permane\u00e7am por mais tempo no munic\u00edpio. Jhoni afirma que uma demonstra\u00e7\u00e3o de que mais op\u00e7\u00f5es gastron\u00f4micas contribuem para atrair o p\u00fablico ocorreu durante a Expo, em que empresas do setor tiveram resultados muito bons com a venda de alimentos.<\/p>\n\n\n\n<p>Para 2026, o secret\u00e1rio enfatiza que um dos maiores desafios da pasta ser\u00e1 a organiza\u00e7\u00e3o da programa\u00e7\u00e3o dos 70 anos de Descanso, que ser\u00e3o comemorados no dia 16 de dezembro. Comenta que ainda ser\u00e1 definida uma comiss\u00e3o com representantes do poder p\u00fablico e CDL\/ACID, que ir\u00e1 organizar os eventos, mas, a proposta \u00e9 a realiza\u00e7\u00e3o de um festival da can\u00e7\u00e3o e a festa das na\u00e7\u00f5es, com representa\u00e7\u00e3o de todas as etnias do munic\u00edpio e regi\u00e3o. Al\u00e9m disso, Jhoni comenta que a ideia \u00e9 promover uma feira, voltada ao com\u00e9rcio local, em que cada empresa participante ofere\u00e7a um prato t\u00edpico representando as diferentes culturas.<\/p>\n\n\n\n<p>Em rela\u00e7\u00e3o a \u00e1rea industrial o secret\u00e1rio enfatiza que todos os espa\u00e7os est\u00e3o preenchidos com empresas, e est\u00e1 sendo estudada pela administra\u00e7\u00e3o a possibilidade da aquisi\u00e7\u00e3o de uma nova \u00e1rea de terra para instala\u00e7\u00e3o de mais empreendimentos que j\u00e1 mostraram interesse.<\/p>\n","protected":false},"excerpt":{"rendered":"<p>Administra\u00e7\u00e3o organiza programa\u00e7\u00e3o especial em comemora\u00e7\u00e3o aos 70 anos do munic\u00edpio Descanso \u2013 A frente da secretaria de Desenvolvimento Econ\u00f4mico e Turismo desde fevereiro de 2025, Jhoni Zort\u00e9a destaca que o desafio inicial da pasta foi a organiza\u00e7\u00e3o e a promo\u00e7\u00e3o da Expo Descanso, em dezembro do ano passado. Ressalta que como o evento estava<\/p>\n","protected":false},"author":1,"featured_media":8905,"comment_status":"open","ping_status":"open","sticky":false,"template":"","format":"standard","meta":{"footnotes":""},"categories":[41],"tags":[],"class_list":{"0":"post-8904","1":"post","2":"type-post","3":"status-publish","4":"format-standard","5":"has-post-thumbnail","7":"category-noticias"},"_links":{"self":[{"href":"https:\/\/noticiarioregional.com.br\/index.php?rest_route=\/wp\/v2\/posts\/8904","targetHints":{"allow":["GET"]}}],"collection":[{"href":"https:\/\/noticiarioregional.com.br\/index.php?rest_route=\/wp\/v2\/posts"}],"about":[{"href":"https:\/\/noticiarioregional.com.br\/index.php?rest_route=\/wp\/v2\/types\/post"}],"author":[{"embeddable":true,"href":"https:\/\/noticiarioregional.com.br\/index.php?rest_route=\/wp\/v2\/users\/1"}],"replies":[{"embeddable":true,"href":"https:\/\/noticiarioregional.com.br\/index.php?rest_route=%2Fwp%2Fv2%2Fcomments&post=8904"}],"version-history":[{"count":1,"href":"https:\/\/noticiarioregional.com.br\/index.php?rest_route=\/wp\/v2\/posts\/8904\/revisions"}],"predecessor-version":[{"id":8906,"href":"https:\/\/noticiarioregional.com.br\/index.php?rest_route=\/wp\/v2\/posts\/8904\/revisions\/8906"}],"wp:featuredmedia":[{"embeddable":true,"href":"https:\/\/noticiarioregional.com.br\/index.php?rest_route=\/wp\/v2\/media\/8905"}],"wp:attachment":[{"href":"https:\/\/noticiarioregional.com.br\/index.php?rest_route=%2Fwp%2Fv2%2Fmedia&parent=8904"}],"wp:term":[{"taxonomy":"category","embeddable":true,"href":"https:\/\/noticiarioregional.com.br\/index.php?rest_route=%2Fwp%2Fv2%2Fcategories&post=8904"},{"taxonomy":"post_tag","embeddable":true,"href":"https:\/\/noticiarioregional.com.br\/index.php?rest_route=%2Fwp%2Fv2%2Ftags&post=8904"}],"curies":[{"name":"wp","href":"https:\/\/api.w.org\/{rel}","templated":true}]}}