{"id":8907,"date":"2026-03-11T10:40:55","date_gmt":"2026-03-11T13:40:55","guid":{"rendered":"https:\/\/noticiarioregional.com.br\/?p=8907"},"modified":"2026-03-11T10:40:56","modified_gmt":"2026-03-11T13:40:56","slug":"santa-catarina-acende-alerta-para-aumento-de-casos-de-dengue-e-chikungunya","status":"publish","type":"post","link":"https:\/\/noticiarioregional.com.br\/?p=8907","title":{"rendered":"Santa Catarina acende alerta para aumento de casos de Dengue e Chikungunya"},"content":{"rendered":"\n<p class=\"has-text-align-center has-larger-font-size\"><em><strong>Monda\u00ed intensifica a\u00e7\u00f5es de preven\u00e7\u00e3o<\/strong><\/em><\/p>\n\n\n\n<p><strong>Monda\u00ed &#8211;<\/strong> O Estado de Santa Catarina vive um momento de aten\u00e7\u00e3o redobrada no enfrentamento a dengue e a chikungunya.&nbsp; As informa\u00e7\u00f5es s\u00e3o da enfermeira epidemiol\u00f3gica de Monda\u00ed, Carlise Krein, que refor\u00e7a a import\u00e2ncia da mobiliza\u00e7\u00e3o conjunta entre poder p\u00fablico e comunidade para conter o avan\u00e7o das doen\u00e7as. Segundo ela, o cen\u00e1rio exige vigil\u00e2ncia permanente, especialmente diante da introdu\u00e7\u00e3o e dispers\u00e3o do sorotipo DENV3, recentemente identificado no Estado. A circula\u00e7\u00e3o do DENV3 representa uma mudan\u00e7a significativa no padr\u00e3o epidemiol\u00f3gico. Nos \u00faltimos anos, predominavam os sorotipos DENV1 e DENV2. Com a introdu\u00e7\u00e3o do novo sorotipo, a popula\u00e7\u00e3o pode estar mais suscet\u00edvel, o que favorece o aumento do n\u00famero de casos das doen\u00e7as.<\/p>\n\n\n\n<p>Nas \u00faltimas semanas, o Estado j\u00e1 apresenta aumento m\u00e9dio de casos prov\u00e1veis de dengue e chikungunya, conforme dados atualizados diariamente no painel oficial de monitoramento. A tend\u00eancia \u00e9 de crescimento nas pr\u00f3ximas semanas, exigindo intensifica\u00e7\u00e3o imediata das a\u00e7\u00f5es de controle vetorial, vigil\u00e2ncia epidemiol\u00f3gica e organiza\u00e7\u00e3o da assist\u00eancia aos pacientes.<\/p>\n\n\n\n<div class=\"wp-block-group has-pale-cyan-blue-background-color has-background\"><div class=\"wp-block-group__inner-container is-layout-constrained wp-block-group-is-layout-constrained\">\n<p><strong>Monda\u00ed intensifica a\u00e7\u00f5es de preven\u00e7\u00e3o<\/strong><\/p>\n\n\n\n<p>No munic\u00edpio de Monda\u00ed, as a\u00e7\u00f5es j\u00e1 est\u00e3o sendo refor\u00e7adas. No final de janeiro, a DIVE\/SC emitiu alerta sobre o potencial aumento de casos em todo o Estado, o que levou a Secretaria Municipal de Sa\u00fade a ampliar o monitoramento e as orienta\u00e7\u00f5es \u00e0 popula\u00e7\u00e3o.<\/p>\n\n\n\n<p>Equipes de sa\u00fade est\u00e3o atuando no controle vetorial, com visitas domiciliares, orienta\u00e7\u00e3o direta aos moradores e identifica\u00e7\u00e3o de poss\u00edveis focos do mosquito. A estrat\u00e9gia inclui tamb\u00e9m campanhas educativas para conscientizar sobre a import\u00e2ncia da elimina\u00e7\u00e3o de recipientes que acumulam \u00e1gua, como pneus, vasos de plantas, calhas entupidas e caixas d\u2019\u00e1gua destampadas.<\/p>\n\n\n\n<p>A preocupa\u00e7\u00e3o tamb\u00e9m se estende \u00e0 chikungunya, que vem registrando n\u00fameros elevados em munic\u00edpios catarinenses, inclusive na regi\u00e3o Oeste. A an\u00e1lise de dados dos \u00faltimos anos demonstrou que o aumento de casos de dengue no munic\u00edpio de Monda\u00ed, ocorre no final do m\u00eas de mar\u00e7o e se estende at\u00e9 o in\u00edcio do m\u00eas de junho. Dessa forma, a aten\u00e7\u00e3o da popula\u00e7\u00e3o em rela\u00e7\u00e3o aos criadouros de mosquito deve ser redobrada nesse per\u00edodo. Al\u00e9m disso, o uso de repelentes tamb\u00e9m oferece prote\u00e7\u00e3o contra a doen\u00e7a.<\/p>\n\n\n\n<p>Carlise explica que a dengue n\u00e3o deve ser subestimada. Embora muitos casos apresentem sintomas leves, a doen\u00e7a pode evoluir para formas graves, com risco de hemorragias, choque e at\u00e9 \u00f3bito. Entre os principais sintomas est\u00e3o febre alta, dor de cabe\u00e7a, dor atr\u00e1s dos olhos, dores musculares e articulares, n\u00e1useas e manchas vermelhas na pele.<\/p>\n\n\n\n<p>A orienta\u00e7\u00e3o \u00e9 que, diante de sintomas suspeitos, o paciente procure imediatamente a unidade de sa\u00fade e evite a automedica\u00e7\u00e3o, especialmente com medicamentos que contenham \u00e1cido acetilsalic\u00edlico.<\/p>\n<\/div><\/div>\n\n\n\n<div class=\"wp-block-group has-light-green-cyan-background-color has-background\"><div class=\"wp-block-group__inner-container is-layout-constrained wp-block-group-is-layout-constrained\">\n<p><strong>Vacina dispon\u00edvel para adolescentes<\/strong><\/p>\n\n\n\n<p>Uma importante ferramenta de preven\u00e7\u00e3o est\u00e1 dispon\u00edvel: a vacina contra a dengue \u00e9 ofertada para adolescentes de 10 a 14 anos nas unidades de sa\u00fade. A imuniza\u00e7\u00e3o \u00e9 considerada estrat\u00e9gica por atingir uma faixa et\u00e1ria com maior n\u00famero de hospitaliza\u00e7\u00f5es nos \u00faltimos anos.<\/p>\n\n\n\n<p>Carlise refor\u00e7a que a vacina\u00e7\u00e3o, aliada ao combate aos criadouros do mosquito e ao atendimento precoce dos casos suspeitos, forma o trip\u00e9 fundamental para reduzir o impacto da doen\u00e7a no munic\u00edpio. \u201c<em>Cada morador tem papel decisivo nesse enfrentamento. Eliminar \u00e1gua parada \u00e9 uma atitude simples, mas que protege toda a comunidade<\/em>\u201d, conclui a enfermeira epidemiol\u00f3gica.<\/p>\n<\/div><\/div>\n","protected":false},"excerpt":{"rendered":"<p>Monda\u00ed intensifica a\u00e7\u00f5es de preven\u00e7\u00e3o Monda\u00ed &#8211; O Estado de Santa Catarina vive um momento de aten\u00e7\u00e3o redobrada no enfrentamento a dengue e a chikungunya.&nbsp; As informa\u00e7\u00f5es s\u00e3o da enfermeira epidemiol\u00f3gica de Monda\u00ed, Carlise Krein, que refor\u00e7a a import\u00e2ncia da mobiliza\u00e7\u00e3o conjunta entre poder p\u00fablico e comunidade para conter o avan\u00e7o das doen\u00e7as. Segundo ela,<\/p>\n","protected":false},"author":1,"featured_media":8908,"comment_status":"open","ping_status":"open","sticky":false,"template":"","format":"standard","meta":{"footnotes":""},"categories":[41],"tags":[],"class_list":{"0":"post-8907","1":"post","2":"type-post","3":"status-publish","4":"format-standard","5":"has-post-thumbnail","7":"category-noticias"},"_links":{"self":[{"href":"https:\/\/noticiarioregional.com.br\/index.php?rest_route=\/wp\/v2\/posts\/8907","targetHints":{"allow":["GET"]}}],"collection":[{"href":"https:\/\/noticiarioregional.com.br\/index.php?rest_route=\/wp\/v2\/posts"}],"about":[{"href":"https:\/\/noticiarioregional.com.br\/index.php?rest_route=\/wp\/v2\/types\/post"}],"author":[{"embeddable":true,"href":"https:\/\/noticiarioregional.com.br\/index.php?rest_route=\/wp\/v2\/users\/1"}],"replies":[{"embeddable":true,"href":"https:\/\/noticiarioregional.com.br\/index.php?rest_route=%2Fwp%2Fv2%2Fcomments&post=8907"}],"version-history":[{"count":1,"href":"https:\/\/noticiarioregional.com.br\/index.php?rest_route=\/wp\/v2\/posts\/8907\/revisions"}],"predecessor-version":[{"id":8909,"href":"https:\/\/noticiarioregional.com.br\/index.php?rest_route=\/wp\/v2\/posts\/8907\/revisions\/8909"}],"wp:featuredmedia":[{"embeddable":true,"href":"https:\/\/noticiarioregional.com.br\/index.php?rest_route=\/wp\/v2\/media\/8908"}],"wp:attachment":[{"href":"https:\/\/noticiarioregional.com.br\/index.php?rest_route=%2Fwp%2Fv2%2Fmedia&parent=8907"}],"wp:term":[{"taxonomy":"category","embeddable":true,"href":"https:\/\/noticiarioregional.com.br\/index.php?rest_route=%2Fwp%2Fv2%2Fcategories&post=8907"},{"taxonomy":"post_tag","embeddable":true,"href":"https:\/\/noticiarioregional.com.br\/index.php?rest_route=%2Fwp%2Fv2%2Ftags&post=8907"}],"curies":[{"name":"wp","href":"https:\/\/api.w.org\/{rel}","templated":true}]}}