{"id":8945,"date":"2026-03-18T08:50:10","date_gmt":"2026-03-18T11:50:10","guid":{"rendered":"https:\/\/noticiarioregional.com.br\/?p=8945"},"modified":"2026-03-18T08:50:12","modified_gmt":"2026-03-18T11:50:12","slug":"em-sessao-solene-legislativo-de-sao-joao-do-oeste-inaugura-galeria-lilas","status":"publish","type":"post","link":"https:\/\/noticiarioregional.com.br\/?p=8945","title":{"rendered":"Em sess\u00e3o solene, Legislativo de S\u00e3o Jo\u00e3o do Oeste inaugura Galeria Lil\u00e1s"},"content":{"rendered":"\n<p class=\"has-text-align-center has-large-font-size\"><strong><em>Evento foi marcado por depoimentos e homenagens as mulheres<\/em><\/strong><\/p>\n\n\n\n<p><strong>S\u00e3o Jo\u00e3o do Oeste \u2013<\/strong> A noite da segunda-feira, 09, foi marcada por depoimentos e homenagens, enaltecendo a import\u00e2ncia e a valoriza\u00e7\u00e3o da mulher, tanto na pol\u00edtica como nas fam\u00edlias, na comunidade e nas v\u00e1rias profiss\u00f5es. Um dia ap\u00f3s o Dia Internacional da Mulher, a C\u00e2mara de Vereadores realizou sess\u00e3o solene de inaugura\u00e7\u00e3o da Galeria Lil\u00e1s, com fotos de todas as mulheres que j\u00e1 ocuparam o cargo de vereadora no Legislativo. O requerimento para implanta\u00e7\u00e3o da galeria foi apresentado pela vereadora Lisete Modesta Follmann Ternus, do PSDB.<\/p>\n\n\n\n<figure class=\"wp-block-image size-large\"><img fetchpriority=\"high\" decoding=\"async\" width=\"1024\" height=\"683\" src=\"http:\/\/noticiarioregional.com.br\/wp-content\/uploads\/2026\/03\/Prefeito-Sergio-Theisen-deixou-sua-mensagem-as-mulheres-1024x683.jpg\" alt=\"\" class=\"wp-image-8946\" srcset=\"https:\/\/noticiarioregional.com.br\/wp-content\/uploads\/2026\/03\/Prefeito-Sergio-Theisen-deixou-sua-mensagem-as-mulheres-1024x683.jpg 1024w, https:\/\/noticiarioregional.com.br\/wp-content\/uploads\/2026\/03\/Prefeito-Sergio-Theisen-deixou-sua-mensagem-as-mulheres-300x200.jpg 300w, https:\/\/noticiarioregional.com.br\/wp-content\/uploads\/2026\/03\/Prefeito-Sergio-Theisen-deixou-sua-mensagem-as-mulheres-768x512.jpg 768w, https:\/\/noticiarioregional.com.br\/wp-content\/uploads\/2026\/03\/Prefeito-Sergio-Theisen-deixou-sua-mensagem-as-mulheres-1536x1024.jpg 1536w, https:\/\/noticiarioregional.com.br\/wp-content\/uploads\/2026\/03\/Prefeito-Sergio-Theisen-deixou-sua-mensagem-as-mulheres-2048x1365.jpg 2048w, https:\/\/noticiarioregional.com.br\/wp-content\/uploads\/2026\/03\/Prefeito-Sergio-Theisen-deixou-sua-mensagem-as-mulheres-150x100.jpg 150w, https:\/\/noticiarioregional.com.br\/wp-content\/uploads\/2026\/03\/Prefeito-Sergio-Theisen-deixou-sua-mensagem-as-mulheres-450x300.jpg 450w, https:\/\/noticiarioregional.com.br\/wp-content\/uploads\/2026\/03\/Prefeito-Sergio-Theisen-deixou-sua-mensagem-as-mulheres-1200x800.jpg 1200w\" sizes=\"(max-width: 1024px) 100vw, 1024px\" \/><figcaption class=\"wp-element-caption\">Prefeito S\u00e9rgio Theisen deixou sua mensagem \u00e0s mulheres<\/figcaption><\/figure>\n\n\n\n<p>O ato contou com a presen\u00e7a dos vereadores, prefeito S\u00e9rgio Theisen, vice-prefeito Orlando Royer, acompanhados de suas esposas, demais autoridades municipais, p\u00e1roco Hugo Mentges e as pr\u00f3prias mulheres homenageadas atrav\u00e9s da Galeria Lil\u00e1s. At\u00e9 o momento, j\u00e1 assumiram cargos de vereadora no Legislativo Ilse Schneiders &#8211; 1\u00aa Legislatura; Jacinta Gabriel &#8211; 4 e 6\u00aa Legislaturas; Maria Lourdes Trebien &#8211; 6\u00aa Legislatura; Salete Kloch Kuhn &#8211; 7\u00aa Legislatura; Hertha Flach &#8211; 7\u00aa Legislatura; Celi Maria Rohr &#8211; 8\u00aa Legislatura; Aurea Werlang &#8211; 8\u00aa Legislatura e Lisete Modesta Ternus &#8211; 9\u00aa Legislatura. Na noite apenas n\u00e3o estiveram presentes as ex-vereadores Ilse e Jacinta. Conforme outras mulheres assumirem os cargos, tamb\u00e9m ter\u00e3o suas fotos registradas na galeria.<\/p>\n\n\n\n<figure class=\"wp-block-image size-large\"><img decoding=\"async\" width=\"1024\" height=\"683\" src=\"http:\/\/noticiarioregional.com.br\/wp-content\/uploads\/2026\/03\/Vereadora-Lisete-Modesta-Follmann-Ternus-autora-do-projeto-da-Galeria-Lilas-1024x683.jpg\" alt=\"\" class=\"wp-image-8948\" srcset=\"https:\/\/noticiarioregional.com.br\/wp-content\/uploads\/2026\/03\/Vereadora-Lisete-Modesta-Follmann-Ternus-autora-do-projeto-da-Galeria-Lilas-1024x683.jpg 1024w, https:\/\/noticiarioregional.com.br\/wp-content\/uploads\/2026\/03\/Vereadora-Lisete-Modesta-Follmann-Ternus-autora-do-projeto-da-Galeria-Lilas-300x200.jpg 300w, https:\/\/noticiarioregional.com.br\/wp-content\/uploads\/2026\/03\/Vereadora-Lisete-Modesta-Follmann-Ternus-autora-do-projeto-da-Galeria-Lilas-768x512.jpg 768w, https:\/\/noticiarioregional.com.br\/wp-content\/uploads\/2026\/03\/Vereadora-Lisete-Modesta-Follmann-Ternus-autora-do-projeto-da-Galeria-Lilas-1536x1024.jpg 1536w, https:\/\/noticiarioregional.com.br\/wp-content\/uploads\/2026\/03\/Vereadora-Lisete-Modesta-Follmann-Ternus-autora-do-projeto-da-Galeria-Lilas-2048x1365.jpg 2048w, https:\/\/noticiarioregional.com.br\/wp-content\/uploads\/2026\/03\/Vereadora-Lisete-Modesta-Follmann-Ternus-autora-do-projeto-da-Galeria-Lilas-150x100.jpg 150w, https:\/\/noticiarioregional.com.br\/wp-content\/uploads\/2026\/03\/Vereadora-Lisete-Modesta-Follmann-Ternus-autora-do-projeto-da-Galeria-Lilas-450x300.jpg 450w, https:\/\/noticiarioregional.com.br\/wp-content\/uploads\/2026\/03\/Vereadora-Lisete-Modesta-Follmann-Ternus-autora-do-projeto-da-Galeria-Lilas-1200x800.jpg 1200w\" sizes=\"(max-width: 1024px) 100vw, 1024px\" \/><figcaption class=\"wp-element-caption\">Vereadora Lisete Modesta Follmann Ternus, autora do projeto da Galeria Lil\u00e1s<\/figcaption><\/figure>\n\n\n\n<p>Em suas falas, as ex-vereadoras enalteceram as mudan\u00e7as e avan\u00e7os na maneira de legislar ao longo dos anos, principalmente no que diz respeito a busca e conquista de recursos atrav\u00e9s de emendas para investimentos diversos, o contato com parlamentares que deixou de ser apenas pessoalmente, mas tem se intensificado pelo telefone e redes sociais. De forma unanime, as mulheres que usaram a tribuna enfatizaram a necessidade de incentivar o p\u00fablico feminino a ocupar cargos pol\u00edticos, assim como j\u00e1 acontece na sociedade em diferentes profiss\u00f5es, destacando a atua\u00e7\u00e3o volunt\u00e1ria.<\/p>\n\n\n\n<figure class=\"wp-block-image size-large\"><img decoding=\"async\" width=\"1024\" height=\"683\" src=\"http:\/\/noticiarioregional.com.br\/wp-content\/uploads\/2026\/03\/Publico-prestigiou-em-grande-numero-a-sessao-solene-1024x683.jpg\" alt=\"\" class=\"wp-image-8947\" srcset=\"https:\/\/noticiarioregional.com.br\/wp-content\/uploads\/2026\/03\/Publico-prestigiou-em-grande-numero-a-sessao-solene-1024x683.jpg 1024w, https:\/\/noticiarioregional.com.br\/wp-content\/uploads\/2026\/03\/Publico-prestigiou-em-grande-numero-a-sessao-solene-300x200.jpg 300w, https:\/\/noticiarioregional.com.br\/wp-content\/uploads\/2026\/03\/Publico-prestigiou-em-grande-numero-a-sessao-solene-768x512.jpg 768w, https:\/\/noticiarioregional.com.br\/wp-content\/uploads\/2026\/03\/Publico-prestigiou-em-grande-numero-a-sessao-solene-1536x1024.jpg 1536w, https:\/\/noticiarioregional.com.br\/wp-content\/uploads\/2026\/03\/Publico-prestigiou-em-grande-numero-a-sessao-solene-2048x1365.jpg 2048w, https:\/\/noticiarioregional.com.br\/wp-content\/uploads\/2026\/03\/Publico-prestigiou-em-grande-numero-a-sessao-solene-150x100.jpg 150w, https:\/\/noticiarioregional.com.br\/wp-content\/uploads\/2026\/03\/Publico-prestigiou-em-grande-numero-a-sessao-solene-450x300.jpg 450w, https:\/\/noticiarioregional.com.br\/wp-content\/uploads\/2026\/03\/Publico-prestigiou-em-grande-numero-a-sessao-solene-1200x800.jpg 1200w\" sizes=\"(max-width: 1024px) 100vw, 1024px\" \/><figcaption class=\"wp-element-caption\">P\u00fablico prestigiou em grande n\u00famero a sess\u00e3o solene<\/figcaption><\/figure>\n\n\n\n<p>A vereadora autora do requerimento enaltece que a iniciativa da implanta\u00e7\u00e3o da Galeria Lil\u00e1s se justifica pela necessidade de&nbsp;valorizar, reconhecer e preservar a mem\u00f3ria da participa\u00e7\u00e3o feminina na pol\u00edtica local, destacando a contribui\u00e7\u00e3o das mulheres na constru\u00e7\u00e3o das leis, pol\u00edticas p\u00fablicas e decis\u00f5es que impactam diretamente a sociedade. Destaca que apesar dos avan\u00e7os conquistados, a presen\u00e7a feminina nos espa\u00e7os de poder ainda \u00e9 marcada por desafios e desigualdades hist\u00f3ricas, o que torna essencial o fortalecimento de a\u00e7\u00f5es simb\u00f3licas e educativas que promovam a equidade de g\u00eanero.<\/p>\n","protected":false},"excerpt":{"rendered":"<p>Evento foi marcado por depoimentos e homenagens as mulheres S\u00e3o Jo\u00e3o do Oeste \u2013 A noite da segunda-feira, 09, foi marcada por depoimentos e homenagens, enaltecendo a import\u00e2ncia e a valoriza\u00e7\u00e3o da mulher, tanto na pol\u00edtica como nas fam\u00edlias, na comunidade e nas v\u00e1rias profiss\u00f5es. Um dia ap\u00f3s o Dia Internacional da Mulher, a C\u00e2mara<\/p>\n","protected":false},"author":1,"featured_media":8949,"comment_status":"open","ping_status":"open","sticky":false,"template":"","format":"standard","meta":{"footnotes":""},"categories":[41],"tags":[],"class_list":{"0":"post-8945","1":"post","2":"type-post","3":"status-publish","4":"format-standard","5":"has-post-thumbnail","7":"category-noticias"},"_links":{"self":[{"href":"https:\/\/noticiarioregional.com.br\/index.php?rest_route=\/wp\/v2\/posts\/8945","targetHints":{"allow":["GET"]}}],"collection":[{"href":"https:\/\/noticiarioregional.com.br\/index.php?rest_route=\/wp\/v2\/posts"}],"about":[{"href":"https:\/\/noticiarioregional.com.br\/index.php?rest_route=\/wp\/v2\/types\/post"}],"author":[{"embeddable":true,"href":"https:\/\/noticiarioregional.com.br\/index.php?rest_route=\/wp\/v2\/users\/1"}],"replies":[{"embeddable":true,"href":"https:\/\/noticiarioregional.com.br\/index.php?rest_route=%2Fwp%2Fv2%2Fcomments&post=8945"}],"version-history":[{"count":1,"href":"https:\/\/noticiarioregional.com.br\/index.php?rest_route=\/wp\/v2\/posts\/8945\/revisions"}],"predecessor-version":[{"id":8950,"href":"https:\/\/noticiarioregional.com.br\/index.php?rest_route=\/wp\/v2\/posts\/8945\/revisions\/8950"}],"wp:featuredmedia":[{"embeddable":true,"href":"https:\/\/noticiarioregional.com.br\/index.php?rest_route=\/wp\/v2\/media\/8949"}],"wp:attachment":[{"href":"https:\/\/noticiarioregional.com.br\/index.php?rest_route=%2Fwp%2Fv2%2Fmedia&parent=8945"}],"wp:term":[{"taxonomy":"category","embeddable":true,"href":"https:\/\/noticiarioregional.com.br\/index.php?rest_route=%2Fwp%2Fv2%2Fcategories&post=8945"},{"taxonomy":"post_tag","embeddable":true,"href":"https:\/\/noticiarioregional.com.br\/index.php?rest_route=%2Fwp%2Fv2%2Ftags&post=8945"}],"curies":[{"name":"wp","href":"https:\/\/api.w.org\/{rel}","templated":true}]}}