{"id":8951,"date":"2026-03-18T08:53:19","date_gmt":"2026-03-18T11:53:19","guid":{"rendered":"https:\/\/noticiarioregional.com.br\/?p=8951"},"modified":"2026-03-18T08:53:20","modified_gmt":"2026-03-18T11:53:20","slug":"ipora-do-oeste-encaminha-tramites-burocraticos-do-casa-catarina","status":"publish","type":"post","link":"https:\/\/noticiarioregional.com.br\/?p=8951","title":{"rendered":"Ipor\u00e3 do Oeste encaminha tr\u00e2mites burocr\u00e1ticos do Casa Catarina"},"content":{"rendered":"\n<p class=\"has-text-align-center has-large-font-size\"><em><strong>Programa \u00e9 executado por etapas atrav\u00e9s da parceria estado e munic\u00edpio<\/strong><\/em><\/p>\n\n\n\n<p><strong>Ipor\u00e3 do Oeste \u2013<\/strong> A exemplo de outros munic\u00edpios da regi\u00e3o, ainda no ano passado Ipor\u00e3 do Oeste fez a ades\u00e3o e foi contemplada com 12 casas pelo programa estadual Casa Catarina. A secret\u00e1ria de Desenvolvimento Social, Izabel Sch\u00e4fer, ressalta que com o objetivo de retomar os investimentos na habita\u00e7\u00e3o social, o munic\u00edpio aderiu ao programa para oportunizar moradias a fam\u00edlias que tem esta necessidade.<\/p>\n\n\n\n<p>Conforme a secret\u00e1ria, o programa ser\u00e1 executado atrav\u00e9s da parceria dos dois governos. O estado fornece os recursos para a constru\u00e7\u00e3o, e o munic\u00edpio cede o terreno para as obras. A contrapartida das fam\u00edlias ser\u00e1 somente com a mob\u00edlia do im\u00f3vel. Izabel comenta que o programa \u00e9 executado em etapas. No momento est\u00e3o sendo finalizadas as quest\u00f5es referentes ao local onde as casas ser\u00e3o constru\u00eddas, com a medi\u00e7\u00e3o sendo feita pelo agrimensor. Todas estas informa\u00e7\u00f5es precisam ser enviadas ao \u00f3rg\u00e3o respons\u00e1vel no estado, e posteriormente ser\u00e1 encaminhada a licita\u00e7\u00e3o para definir a empresa que ir\u00e1 executar as obras.<\/p>\n\n\n\n<p>Izabel explica que a etapa posterior ser\u00e1 o per\u00edodo de inscri\u00e7\u00f5es, o que ser\u00e1 amplamente divulgado. A secret\u00e1ria cita que se enquadram nos crit\u00e9rios do programa fam\u00edlias com renda de at\u00e9 tr\u00eas sal\u00e1rios-m\u00ednimos, mas entre estas, haver\u00e1 cotas que ser\u00e3o especificadas, como por exemplo, para pessoas idosas, pai ou m\u00e3e solo, pessoas com defici\u00eancia ou benefici\u00e1rios dos programas sociais. Lembra que j\u00e1 est\u00e1 sendo formada uma comiss\u00e3o que ser\u00e1 respons\u00e1vel por avaliar e definir as 12 fam\u00edlias contempladas, com base em uma an\u00e1lise criteriosa dos inscritos. Cada casa tem um valor estimado de R$ 114 mil. A resid\u00eancia ser\u00e1 dividida em sala e cozinha conjugada, dois quartos, banheiro, \u00e1rea de servi\u00e7o e varanda. Izabel refor\u00e7a que todos os crit\u00e9rios de quem se enquadra no programa ser\u00e3o detalhados no per\u00edodo de inscri\u00e7\u00f5es, sendo que haver\u00e1 um prazo de dois meses para as fam\u00edlias se inscreverem.<\/p>\n","protected":false},"excerpt":{"rendered":"<p>Programa \u00e9 executado por etapas atrav\u00e9s da parceria estado e munic\u00edpio Ipor\u00e3 do Oeste \u2013 A exemplo de outros munic\u00edpios da regi\u00e3o, ainda no ano passado Ipor\u00e3 do Oeste fez a ades\u00e3o e foi contemplada com 12 casas pelo programa estadual Casa Catarina. A secret\u00e1ria de Desenvolvimento Social, Izabel Sch\u00e4fer, ressalta que com o objetivo<\/p>\n","protected":false},"author":1,"featured_media":8952,"comment_status":"open","ping_status":"open","sticky":false,"template":"","format":"standard","meta":{"footnotes":""},"categories":[41],"tags":[],"class_list":{"0":"post-8951","1":"post","2":"type-post","3":"status-publish","4":"format-standard","5":"has-post-thumbnail","7":"category-noticias"},"_links":{"self":[{"href":"https:\/\/noticiarioregional.com.br\/index.php?rest_route=\/wp\/v2\/posts\/8951","targetHints":{"allow":["GET"]}}],"collection":[{"href":"https:\/\/noticiarioregional.com.br\/index.php?rest_route=\/wp\/v2\/posts"}],"about":[{"href":"https:\/\/noticiarioregional.com.br\/index.php?rest_route=\/wp\/v2\/types\/post"}],"author":[{"embeddable":true,"href":"https:\/\/noticiarioregional.com.br\/index.php?rest_route=\/wp\/v2\/users\/1"}],"replies":[{"embeddable":true,"href":"https:\/\/noticiarioregional.com.br\/index.php?rest_route=%2Fwp%2Fv2%2Fcomments&post=8951"}],"version-history":[{"count":1,"href":"https:\/\/noticiarioregional.com.br\/index.php?rest_route=\/wp\/v2\/posts\/8951\/revisions"}],"predecessor-version":[{"id":8953,"href":"https:\/\/noticiarioregional.com.br\/index.php?rest_route=\/wp\/v2\/posts\/8951\/revisions\/8953"}],"wp:featuredmedia":[{"embeddable":true,"href":"https:\/\/noticiarioregional.com.br\/index.php?rest_route=\/wp\/v2\/media\/8952"}],"wp:attachment":[{"href":"https:\/\/noticiarioregional.com.br\/index.php?rest_route=%2Fwp%2Fv2%2Fmedia&parent=8951"}],"wp:term":[{"taxonomy":"category","embeddable":true,"href":"https:\/\/noticiarioregional.com.br\/index.php?rest_route=%2Fwp%2Fv2%2Fcategories&post=8951"},{"taxonomy":"post_tag","embeddable":true,"href":"https:\/\/noticiarioregional.com.br\/index.php?rest_route=%2Fwp%2Fv2%2Ftags&post=8951"}],"curies":[{"name":"wp","href":"https:\/\/api.w.org\/{rel}","templated":true}]}}