{"id":8999,"date":"2026-03-18T09:38:16","date_gmt":"2026-03-18T12:38:16","guid":{"rendered":"https:\/\/noticiarioregional.com.br\/?p=8999"},"modified":"2026-03-18T09:38:17","modified_gmt":"2026-03-18T12:38:17","slug":"faturas-de-agua-alertam-sobre-inicio-da-cobranca-para-limpeza-de-fossas","status":"publish","type":"post","link":"https:\/\/noticiarioregional.com.br\/?p=8999","title":{"rendered":"Faturas de \u00e1gua alertam sobre in\u00edcio da cobran\u00e7a para limpeza de fossas"},"content":{"rendered":"\n<p class=\"has-text-align-center has-large-font-size\"><em><strong>Casan come\u00e7ou a emitir os comunicados a partir deste m\u00eas<\/strong><\/em><\/p>\n\n\n\n<p><strong>Ipor\u00e3 do Oeste \u2013<\/strong> A partir do m\u00eas de mar\u00e7o os contribuintes est\u00e3o recebendo um aviso nas faturas de \u00e1gua emitidas pela Companhia Catarinense de \u00c1guas e Saneamento, Casan, referente as novas etapas do Programa Esgotamento Sobre Rodas. Pelo programa, \u00e9 realizada a coleta e o tratamento do lodo de sistemas individuais, como fossas e sumidouros.<\/p>\n\n\n\n<p>Conforme o engenheiro qu\u00edmico da Casan, Alexandre Trevisan, neste m\u00eas os comunicados est\u00e3o sendo enviados para clientes da Casan em Bandeirante, Barra Bonita, Belmonte, Ipor\u00e3 do Oeste, Monda\u00ed e Para\u00edso, todos munic\u00edpios localizados no Extremo Oeste, al\u00e9m de cidades no Planalto Norte, como os munic\u00edpios de Major Vieira e Bela Vista do Toldo.<\/p>\n\n\n\n<p>O engenheiro lembra que a informa\u00e7\u00e3o impressa na fatura de \u00e1gua varia conforme a situa\u00e7\u00e3o de cada im\u00f3vel. Nas resid\u00eancias que j\u00e1 foram vistoriadas e consideradas aptas, a mensagem alerta sobre a necessidade de agendar a coleta do lodo. Somente ap\u00f3s a execu\u00e7\u00e3o da limpeza o morador receber\u00e1 o aviso sobre o in\u00edcio do pagamento do servi\u00e7o. A taxa ser\u00e1&nbsp;<a href=\"https:\/\/progresso89.com.br\/noticia\/4734\/cobranca-pelo-programa-de-coleta-de-esgoto-da-casan-sera-mensal-em-descanso.html\">cobrada mensalmente<\/a>, ao valor de&nbsp;R$ 31,84 a tarifa residencial,&nbsp;R$ 35,02 a tarifa comercial, industrial e p\u00fablica, e R$ 15,92 a tarifa social. O pagamento regular da taxa garante ao im\u00f3vel uma coleta de lodo por ano.<\/p>\n\n\n\n<p>Alexandre explica que a Casan, atrav\u00e9s de empresa terceirizada, j\u00e1 realizou mais de seis mil vistorias, sendo que este servi\u00e7o est\u00e1 tendo sequ\u00eancia. A vistoria \u00e9 o primeiro passo do programa. O engenheiro enfatiza que \u00e9 nesse momento que \u00e9 verificado se o im\u00f3vel tem condi\u00e7\u00f5es de receber a coleta ou n\u00e3o. Os im\u00f3veis aptos podem fazer o agendamento da coleta, os n\u00e3o aptos precisam se adequar as normas do munic\u00edpio. Lembra que existe um prazo regulat\u00f3rio para esses agendamentos e adequa\u00e7\u00f5es e, caso estes n\u00e3o sejam realizados, o usu\u00e1rio est\u00e1 sujeito a cobran\u00e7a da tarifa, pois esse \u00e9 um servi\u00e7o p\u00fablico obrigat\u00f3rio e homologado pela ag\u00eancia reguladora.<\/p>\n\n\n\n<p>A fatura de \u00e1gua deste m\u00eas tamb\u00e9m alerta os contribuintes que ainda n\u00e3o agendaram a vistoria.&nbsp; O engenheiro enfatiza que esta \u00e9 a oportunidade para agendar o servi\u00e7o pelas pessoas que n\u00e3o foram localizadas em casa, quando da visita dos profissionais. Ao mesmo tempo, tamb\u00e9m inicia o agendamento da coleta do lodo nos im\u00f3veis j\u00e1 vistoriados e aptos.<\/p>\n\n\n\n<figure class=\"wp-block-image size-large\"><img fetchpriority=\"high\" decoding=\"async\" width=\"1024\" height=\"97\" src=\"http:\/\/noticiarioregional.com.br\/wp-content\/uploads\/2026\/03\/A-informacao-impressa-na-fatura-de-agua-varia-conforme-a-situacao-de-cada-imovel-1-1024x97.jpg\" alt=\"\" class=\"wp-image-9002\" srcset=\"https:\/\/noticiarioregional.com.br\/wp-content\/uploads\/2026\/03\/A-informacao-impressa-na-fatura-de-agua-varia-conforme-a-situacao-de-cada-imovel-1-1024x97.jpg 1024w, https:\/\/noticiarioregional.com.br\/wp-content\/uploads\/2026\/03\/A-informacao-impressa-na-fatura-de-agua-varia-conforme-a-situacao-de-cada-imovel-1-300x28.jpg 300w, https:\/\/noticiarioregional.com.br\/wp-content\/uploads\/2026\/03\/A-informacao-impressa-na-fatura-de-agua-varia-conforme-a-situacao-de-cada-imovel-1-768x72.jpg 768w, https:\/\/noticiarioregional.com.br\/wp-content\/uploads\/2026\/03\/A-informacao-impressa-na-fatura-de-agua-varia-conforme-a-situacao-de-cada-imovel-1-150x14.jpg 150w, https:\/\/noticiarioregional.com.br\/wp-content\/uploads\/2026\/03\/A-informacao-impressa-na-fatura-de-agua-varia-conforme-a-situacao-de-cada-imovel-1-450x42.jpg 450w, https:\/\/noticiarioregional.com.br\/wp-content\/uploads\/2026\/03\/A-informacao-impressa-na-fatura-de-agua-varia-conforme-a-situacao-de-cada-imovel-1-1200x113.jpg 1200w, https:\/\/noticiarioregional.com.br\/wp-content\/uploads\/2026\/03\/A-informacao-impressa-na-fatura-de-agua-varia-conforme-a-situacao-de-cada-imovel-1.jpg 1315w\" sizes=\"(max-width: 1024px) 100vw, 1024px\" \/><figcaption class=\"wp-element-caption\">A informa\u00e7\u00e3o impressa na fatura de \u00e1gua varia conforme a situa\u00e7\u00e3o de cada im\u00f3vel <\/figcaption><\/figure>\n\n\n\n<p><em>\u201cA cobran\u00e7a da taxa inicia no m\u00eas subsequente a realiza\u00e7\u00e3o da coleta. Agora \u00e9 importante ter aten\u00e7\u00e3o aos prazos para os agendamentos, pois caso esses prazos n\u00e3o sejam observados pelos clientes, a cobran\u00e7a poder\u00e1 iniciar mesmo assim. Por isso, refor\u00e7amos para que todos realizem o agendamento dos servi\u00e7os junto a Casan da sua cidade\u201d,<\/em> esclarece o engenheiro.<\/p>\n\n\n\n<p>Em rela\u00e7\u00e3o a coleta do lodo, Alexandre explica que esse servi\u00e7o ser\u00e1 realizado por empresas contratadas diretamente pela Casan. No Extremo Oeste o destino preferencial \u00e9 a Unidade de Gerenciamento de Lodo, UGL, localizada na Linha Campinas, Descanso, mas caso a empresa contratada possua uma esta\u00e7\u00e3o de tratamento licenciada, pode optar por destinar na sua pr\u00f3pria unidade. Descanso foi o munic\u00edpio piloto do programa, em que durante um ano foram realizadas cerca de 285 coletas sem custo aos moradores, nesta fase de testes.<\/p>\n\n\n\n<p>O engenheiro qu\u00edmico da Casan refor\u00e7a a orienta\u00e7\u00e3o de que a popula\u00e7\u00e3o fique atenta aos comunicados das faturas, e que procurem as ag\u00eancias da Casan de suas cidades para agendar as visitas ou esclarecer d\u00favidas. Em Ipor\u00e3 do Oeste o atendimento no escrit\u00f3rio da Casan \u00e9 somente na parte da tarde.<\/p>\n\n\n\n<p>O Programa Esgotamento Sobre Rodas objetiva beneficiar 140 cidades catarinenses com at\u00e9 15 mil habitantes. A Companhia pretende avan\u00e7ar na coleta e tratamento de esgoto, atendendo ao Marco Legal do Saneamento em munic\u00edpios onde a constru\u00e7\u00e3o de grandes redes \u00e9 invi\u00e1vel.<\/p>\n","protected":false},"excerpt":{"rendered":"<p>Casan come\u00e7ou a emitir os comunicados a partir deste m\u00eas Ipor\u00e3 do Oeste \u2013 A partir do m\u00eas de mar\u00e7o os contribuintes est\u00e3o recebendo um aviso nas faturas de \u00e1gua emitidas pela Companhia Catarinense de \u00c1guas e Saneamento, Casan, referente as novas etapas do Programa Esgotamento Sobre Rodas. Pelo programa, \u00e9 realizada a coleta e<\/p>\n","protected":false},"author":1,"featured_media":9000,"comment_status":"open","ping_status":"open","sticky":false,"template":"","format":"standard","meta":{"footnotes":""},"categories":[42,41],"tags":[],"class_list":{"0":"post-8999","1":"post","2":"type-post","3":"status-publish","4":"format-standard","5":"has-post-thumbnail","7":"category-destaque","8":"category-noticias"},"_links":{"self":[{"href":"https:\/\/noticiarioregional.com.br\/index.php?rest_route=\/wp\/v2\/posts\/8999","targetHints":{"allow":["GET"]}}],"collection":[{"href":"https:\/\/noticiarioregional.com.br\/index.php?rest_route=\/wp\/v2\/posts"}],"about":[{"href":"https:\/\/noticiarioregional.com.br\/index.php?rest_route=\/wp\/v2\/types\/post"}],"author":[{"embeddable":true,"href":"https:\/\/noticiarioregional.com.br\/index.php?rest_route=\/wp\/v2\/users\/1"}],"replies":[{"embeddable":true,"href":"https:\/\/noticiarioregional.com.br\/index.php?rest_route=%2Fwp%2Fv2%2Fcomments&post=8999"}],"version-history":[{"count":1,"href":"https:\/\/noticiarioregional.com.br\/index.php?rest_route=\/wp\/v2\/posts\/8999\/revisions"}],"predecessor-version":[{"id":9003,"href":"https:\/\/noticiarioregional.com.br\/index.php?rest_route=\/wp\/v2\/posts\/8999\/revisions\/9003"}],"wp:featuredmedia":[{"embeddable":true,"href":"https:\/\/noticiarioregional.com.br\/index.php?rest_route=\/wp\/v2\/media\/9000"}],"wp:attachment":[{"href":"https:\/\/noticiarioregional.com.br\/index.php?rest_route=%2Fwp%2Fv2%2Fmedia&parent=8999"}],"wp:term":[{"taxonomy":"category","embeddable":true,"href":"https:\/\/noticiarioregional.com.br\/index.php?rest_route=%2Fwp%2Fv2%2Fcategories&post=8999"},{"taxonomy":"post_tag","embeddable":true,"href":"https:\/\/noticiarioregional.com.br\/index.php?rest_route=%2Fwp%2Fv2%2Ftags&post=8999"}],"curies":[{"name":"wp","href":"https:\/\/api.w.org\/{rel}","templated":true}]}}