{"id":9117,"date":"2026-04-13T09:35:18","date_gmt":"2026-04-13T12:35:18","guid":{"rendered":"https:\/\/noticiarioregional.com.br\/?p=9117"},"modified":"2026-04-13T09:35:20","modified_gmt":"2026-04-13T12:35:20","slug":"paroquia-de-sao-joao-do-oeste-retoma-encontros-da-catequese","status":"publish","type":"post","link":"https:\/\/noticiarioregional.com.br\/?p=9117","title":{"rendered":"Par\u00f3quia de S\u00e3o Jo\u00e3o do Oeste retoma encontros da catequese"},"content":{"rendered":"\n<p class=\"has-text-align-center has-large-font-size\"><em><ins>Atualmente na par\u00f3quia s\u00e3o 59 catequistas, e <\/ins>em torno de 480 catequizandos<\/em><\/p>\n\n\n\n<p><strong>S\u00e3o Jo\u00e3o do Oeste \u2013<\/strong> No m\u00eas de mar\u00e7o a par\u00f3quia S\u00e3o Jo\u00e3o Berchmans retomou os encontros com os grupos de catequese na matriz e nas 14 comunidades da par\u00f3quia. Esse trabalho teve in\u00edcio j\u00e1 no ano passado, com o planejamento. A agente de pastoral, e tamb\u00e9m catequista, Marlise Herschaft, destaca que no final de cada ano, \u00e9 feito o planejamento para o ano seguinte. Em novembro foi realizado um encontro com a presen\u00e7a dos coordenadores da catequese de cada comunidade, em que j\u00e1 foram definidas as datas das celebra\u00e7\u00f5es de Inicia\u00e7\u00e3o a Vida Eucar\u00edstica, a Primeira Comunh\u00e3o, e tamb\u00e9m do Crisma.<\/p>\n\n\n\n<p>Marlise cita que em janeiro e fevereiro foram realizadas as forma\u00e7\u00f5es dos catequistas novos e para o grupo todo abordando a tem\u00e1tica da Campanha da Fraternidade. Tamb\u00e9m foi o per\u00edodo para as reinscri\u00e7\u00f5es e novas inscri\u00e7\u00f5es da catequese. Os encontros efetivamente iniciaram em mar\u00e7o, contemplando crian\u00e7as com idade a partir dos 09 anos, at\u00e9 por volta dos 14 anos. Atrav\u00e9s da Pastoral da Catequese, a agente pastoral lembra que tamb\u00e9m \u00e9 feito o convite e repassadas as orienta\u00e7\u00f5es aos pais, que s\u00e3o os primeiros catequistas dos seus filhos, orientando sobre o funcionamento dos encontros e esclarecendo poss\u00edveis d\u00favidas.<\/p>\n\n\n\n<p>Marlise enfatiza que o envolvimento da fam\u00edlia \u00e9 muito importante, sendo que ao longo da caminhada s\u00e3o realizadas celebra\u00e7\u00f5es mensais nas comunidades voltadas a catequese, com as entregas da B\u00edblia, do menino Jesus, do livrinho de ora\u00e7\u00f5es, do ter\u00e7o, das bem-aventuran\u00e7as, do cord\u00e3o, da cruz, das ora\u00e7\u00f5es do Creio e Pai Nosso e dos mandamentos.<\/p>\n\n\n\n<figure class=\"wp-block-image size-large\"><img fetchpriority=\"high\" decoding=\"async\" width=\"1024\" height=\"683\" src=\"http:\/\/noticiarioregional.com.br\/wp-content\/uploads\/2026\/04\/Agente-de-pastoral-e-catequista-Marlise-Herschaft-1024x683.jpg\" alt=\"\" class=\"wp-image-9119\" srcset=\"https:\/\/noticiarioregional.com.br\/wp-content\/uploads\/2026\/04\/Agente-de-pastoral-e-catequista-Marlise-Herschaft-1024x683.jpg 1024w, https:\/\/noticiarioregional.com.br\/wp-content\/uploads\/2026\/04\/Agente-de-pastoral-e-catequista-Marlise-Herschaft-300x200.jpg 300w, https:\/\/noticiarioregional.com.br\/wp-content\/uploads\/2026\/04\/Agente-de-pastoral-e-catequista-Marlise-Herschaft-768x512.jpg 768w, https:\/\/noticiarioregional.com.br\/wp-content\/uploads\/2026\/04\/Agente-de-pastoral-e-catequista-Marlise-Herschaft-1536x1024.jpg 1536w, https:\/\/noticiarioregional.com.br\/wp-content\/uploads\/2026\/04\/Agente-de-pastoral-e-catequista-Marlise-Herschaft-2048x1365.jpg 2048w, https:\/\/noticiarioregional.com.br\/wp-content\/uploads\/2026\/04\/Agente-de-pastoral-e-catequista-Marlise-Herschaft-150x100.jpg 150w, https:\/\/noticiarioregional.com.br\/wp-content\/uploads\/2026\/04\/Agente-de-pastoral-e-catequista-Marlise-Herschaft-450x300.jpg 450w, https:\/\/noticiarioregional.com.br\/wp-content\/uploads\/2026\/04\/Agente-de-pastoral-e-catequista-Marlise-Herschaft-1200x800.jpg 1200w\" sizes=\"(max-width: 1024px) 100vw, 1024px\" \/><figcaption class=\"wp-element-caption\">Agente de pastoral e catequista Marlise Herschaft<\/figcaption><\/figure>\n\n\n\n<p>Para a agente de pastoral, o trabalho realizado atrav\u00e9s da catequese n\u00e3o termina ap\u00f3s a finaliza\u00e7\u00e3o dos encontros, pois \u00e9 uma forma\u00e7\u00e3o cont\u00ednua. Comenta que os catequizandos s\u00e3o convidados para participar das atividades da igreja e da vida comunit\u00e1ria, e depois de crismados, \u00e9 feito o convite para integrarem o Grupo de Jovens em forma\u00e7\u00e3o na par\u00f3quia.<\/p>\n\n\n\n<p>Al\u00e9m dos encontros da catequese, Marlise cita que s\u00e3o promovidos retiros com os jovens. Para a manh\u00e3 do dia 09 de maio est\u00e1 sendo organizado um retiro com a irm\u00e3 Paula da Arquidiocese de Chapec\u00f3, reunindo todos os crismandos da par\u00f3quia. Tamb\u00e9m para o m\u00eas de maio, est\u00e1 prevista uma forma\u00e7\u00e3o para os catequistas, e demais lideran\u00e7as da par\u00f3quia, com o bispo Dom Odelir. <ins>Atualmente na par\u00f3quia s\u00e3o 59 catequistas, e <\/ins>em torno de 480 catequizandos.<\/p>\n\n\n\n<p><em>\u201cQueremos enfatizar a disponibilidade de nossos catequistas no seu trabalho volunt\u00e1rio. Al\u00e9m de estar trabalhando o encontro presencial semanalmente, precisam preparar o encontro que tamb\u00e9m leva em torno de 45 minutos. Tem tamb\u00e9m os encontros de forma\u00e7\u00e3o que demandam de tempo para participar, al\u00e9m de leituras a serem feitas. Somos gratos por este trabalho e como nosso P\u00e1roco Padre Hugo sempre fala: A catequese \u00e9 a alma das comunidades e que bom que temos pessoas dispon\u00edveis para ajudar a conduzir crian\u00e7as e jovens no caminho do bem\u201d,<\/em> enfatiza Marlise.<\/p>\n","protected":false},"excerpt":{"rendered":"<p>Atualmente na par\u00f3quia s\u00e3o 59 catequistas, e em torno de 480 catequizandos S\u00e3o Jo\u00e3o do Oeste \u2013 No m\u00eas de mar\u00e7o a par\u00f3quia S\u00e3o Jo\u00e3o Berchmans retomou os encontros com os grupos de catequese na matriz e nas 14 comunidades da par\u00f3quia. Esse trabalho teve in\u00edcio j\u00e1 no ano passado, com o planejamento. A agente<\/p>\n","protected":false},"author":1,"featured_media":9118,"comment_status":"open","ping_status":"open","sticky":false,"template":"","format":"standard","meta":{"footnotes":""},"categories":[41],"tags":[],"class_list":{"0":"post-9117","1":"post","2":"type-post","3":"status-publish","4":"format-standard","5":"has-post-thumbnail","7":"category-noticias"},"_links":{"self":[{"href":"https:\/\/noticiarioregional.com.br\/index.php?rest_route=\/wp\/v2\/posts\/9117","targetHints":{"allow":["GET"]}}],"collection":[{"href":"https:\/\/noticiarioregional.com.br\/index.php?rest_route=\/wp\/v2\/posts"}],"about":[{"href":"https:\/\/noticiarioregional.com.br\/index.php?rest_route=\/wp\/v2\/types\/post"}],"author":[{"embeddable":true,"href":"https:\/\/noticiarioregional.com.br\/index.php?rest_route=\/wp\/v2\/users\/1"}],"replies":[{"embeddable":true,"href":"https:\/\/noticiarioregional.com.br\/index.php?rest_route=%2Fwp%2Fv2%2Fcomments&post=9117"}],"version-history":[{"count":1,"href":"https:\/\/noticiarioregional.com.br\/index.php?rest_route=\/wp\/v2\/posts\/9117\/revisions"}],"predecessor-version":[{"id":9120,"href":"https:\/\/noticiarioregional.com.br\/index.php?rest_route=\/wp\/v2\/posts\/9117\/revisions\/9120"}],"wp:featuredmedia":[{"embeddable":true,"href":"https:\/\/noticiarioregional.com.br\/index.php?rest_route=\/wp\/v2\/media\/9118"}],"wp:attachment":[{"href":"https:\/\/noticiarioregional.com.br\/index.php?rest_route=%2Fwp%2Fv2%2Fmedia&parent=9117"}],"wp:term":[{"taxonomy":"category","embeddable":true,"href":"https:\/\/noticiarioregional.com.br\/index.php?rest_route=%2Fwp%2Fv2%2Fcategories&post=9117"},{"taxonomy":"post_tag","embeddable":true,"href":"https:\/\/noticiarioregional.com.br\/index.php?rest_route=%2Fwp%2Fv2%2Ftags&post=9117"}],"curies":[{"name":"wp","href":"https:\/\/api.w.org\/{rel}","templated":true}]}}