{"id":9121,"date":"2026-04-13T09:36:24","date_gmt":"2026-04-13T12:36:24","guid":{"rendered":"https:\/\/noticiarioregional.com.br\/?p=9121"},"modified":"2026-04-13T09:36:25","modified_gmt":"2026-04-13T12:36:25","slug":"associacao-promove-encontro-para-orientar-produtores-sobre-a-biosseguridade-na-suinocultura","status":"publish","type":"post","link":"https:\/\/noticiarioregional.com.br\/?p=9121","title":{"rendered":"Associa\u00e7\u00e3o promove encontro para orientar produtores sobre a biosseguridade na suinocultura"},"content":{"rendered":"\n<p><strong>Ipor\u00e3 do Oeste \u2013<\/strong> A Associa\u00e7\u00e3o dos Criadores de Su\u00ednos organiza para o dia 17 de abril, um encontro que ter\u00e1 na pauta uma palestra sobre as novas regras da biosseguridade na suinocultura. O local ser\u00e1 o Sal\u00e3o Vogt, com in\u00edcio \u00e0s 19h30. O presidente da Associa\u00e7\u00e3o, e suinocultor Tiago Kroetz, explica que a palestra ser\u00e1 ministrada pelos colaboradores do ICASA, Thamara Ven\u00e2ncio de Almeida e Luis Felipe Bortolini. Comenta que ser\u00e1 uma oportunidade importante para que os produtores esclare\u00e7am suas d\u00favidas sobre a portaria de setembro de 2025, j\u00e1 em vigor, que estabelece novas medidas de biosseguridade para granjas de su\u00ednos, com regras obrigat\u00f3rias em todo o estado.<\/p>\n\n\n\n<p>Entre as obriga\u00e7\u00f5es definidas pela portaria est\u00e3o o controle de acesso de pessoas e ve\u00edculos, o uso de roupas e cal\u00e7ados exclusivos, barreiras f\u00edsicas para evitar o contato com outros animais, al\u00e9m de procedimentos de limpeza, como desinfe\u00e7\u00e3o, controle de pragas e monitoramento da \u00e1gua. Entre estas, algumas medidas j\u00e1 devem ser adotadas imediatamente, principalmente as de organiza\u00e7\u00e3o e controle sanit\u00e1rio.<\/p>\n\n\n\n<p>O presidente da Associa\u00e7\u00e3o destaca que a segunda palestra da noite ser\u00e1 com profissionais da Epagri, que ir\u00e3o explicar sobre as pol\u00edticas p\u00fablicas dispon\u00edveis aos produtores. O governo do estado lan\u00e7ou uma linha de cr\u00e9dito no valor de R$ 70 mil, em que ao final das obras, o produtor devolve de 60% a 80% desse total, conforme o montante que for contratado.<\/p>\n\n\n\n<p>Tiago lembra que ao final das palestras, ser\u00e1 servida janta aos presentes. O evento \u00e9 aberto ao p\u00fablico local. Para melhor organiza\u00e7\u00e3o, pede que os interessados em participar, tanto das palestras como das jantas, confirmem presen\u00e7a pelo (49) 99163-9305.<\/p>\n","protected":false},"excerpt":{"rendered":"<p>Ipor\u00e3 do Oeste \u2013 A Associa\u00e7\u00e3o dos Criadores de Su\u00ednos organiza para o dia 17 de abril, um encontro que ter\u00e1 na pauta uma palestra sobre as novas regras da biosseguridade na suinocultura. O local ser\u00e1 o Sal\u00e3o Vogt, com in\u00edcio \u00e0s 19h30. O presidente da Associa\u00e7\u00e3o, e suinocultor Tiago Kroetz, explica que a palestra<\/p>\n","protected":false},"author":1,"featured_media":9122,"comment_status":"open","ping_status":"open","sticky":false,"template":"","format":"standard","meta":{"footnotes":""},"categories":[41],"tags":[],"class_list":{"0":"post-9121","1":"post","2":"type-post","3":"status-publish","4":"format-standard","5":"has-post-thumbnail","7":"category-noticias"},"_links":{"self":[{"href":"https:\/\/noticiarioregional.com.br\/index.php?rest_route=\/wp\/v2\/posts\/9121","targetHints":{"allow":["GET"]}}],"collection":[{"href":"https:\/\/noticiarioregional.com.br\/index.php?rest_route=\/wp\/v2\/posts"}],"about":[{"href":"https:\/\/noticiarioregional.com.br\/index.php?rest_route=\/wp\/v2\/types\/post"}],"author":[{"embeddable":true,"href":"https:\/\/noticiarioregional.com.br\/index.php?rest_route=\/wp\/v2\/users\/1"}],"replies":[{"embeddable":true,"href":"https:\/\/noticiarioregional.com.br\/index.php?rest_route=%2Fwp%2Fv2%2Fcomments&post=9121"}],"version-history":[{"count":1,"href":"https:\/\/noticiarioregional.com.br\/index.php?rest_route=\/wp\/v2\/posts\/9121\/revisions"}],"predecessor-version":[{"id":9123,"href":"https:\/\/noticiarioregional.com.br\/index.php?rest_route=\/wp\/v2\/posts\/9121\/revisions\/9123"}],"wp:featuredmedia":[{"embeddable":true,"href":"https:\/\/noticiarioregional.com.br\/index.php?rest_route=\/wp\/v2\/media\/9122"}],"wp:attachment":[{"href":"https:\/\/noticiarioregional.com.br\/index.php?rest_route=%2Fwp%2Fv2%2Fmedia&parent=9121"}],"wp:term":[{"taxonomy":"category","embeddable":true,"href":"https:\/\/noticiarioregional.com.br\/index.php?rest_route=%2Fwp%2Fv2%2Fcategories&post=9121"},{"taxonomy":"post_tag","embeddable":true,"href":"https:\/\/noticiarioregional.com.br\/index.php?rest_route=%2Fwp%2Fv2%2Ftags&post=9121"}],"curies":[{"name":"wp","href":"https:\/\/api.w.org\/{rel}","templated":true}]}}