{"id":9135,"date":"2026-04-13T09:54:26","date_gmt":"2026-04-13T12:54:26","guid":{"rendered":"https:\/\/noticiarioregional.com.br\/?p=9135"},"modified":"2026-04-13T09:54:27","modified_gmt":"2026-04-13T12:54:27","slug":"revitalizacao-da-praca-central-de-caibi-deve-ser-concluida-ainda-no-1o-semestre","status":"publish","type":"post","link":"https:\/\/noticiarioregional.com.br\/?p=9135","title":{"rendered":"Revitaliza\u00e7\u00e3o da Pra\u00e7a Central de Caibi deve ser conclu\u00edda ainda no 1\u00ba semestre"},"content":{"rendered":"\n<p>A Administra\u00e7\u00e3o Municipal de Caibi deu in\u00edcio, na \u00faltima semana, a obra de revitaliza\u00e7\u00e3o da pra\u00e7a central do munic\u00edpio. O projeto, que representa um investimento expressivo em infraestrutura e valoriza\u00e7\u00e3o do espa\u00e7o p\u00fablico, contempla melhorias estruturais e est\u00e9ticas que prometem transformar um dos principais pontos de conviv\u00eancia da cidade. As informa\u00e7\u00f5es foram repassadas pelo secret\u00e1rio de Planejamento, Miguel Piccoli.<\/p>\n\n\n\n<p>De acordo com o secret\u00e1rio, os trabalhos est\u00e3o sendo executados em duas frentes, por meio de licita\u00e7\u00f5es distintas, que atuar\u00e3o de forma simult\u00e2nea para garantir maior agilidade na execu\u00e7\u00e3o do projeto.<\/p>\n\n\n\n<p>A primeira etapa envolve a substitui\u00e7\u00e3o das duas coberturas laterais da pra\u00e7a, servi\u00e7o que ser\u00e1 realizado com recursos destinados pelo deputado Altair Silva, no valor de R$ 111 mil. Conforme explicou Miguel Piccoli, essa licita\u00e7\u00e3o contempla a troca completa das duas estruturas de cobertura, visando oferecer mais seguran\u00e7a, durabilidade e melhor aspecto visual ao espa\u00e7o.<\/p>\n\n\n\n<figure class=\"wp-block-image size-full\"><img fetchpriority=\"high\" decoding=\"async\" width=\"668\" height=\"380\" src=\"http:\/\/noticiarioregional.com.br\/wp-content\/uploads\/2026\/04\/Projeto-de-como-ira-ficar-a-praca-apos-a-revitalizacao-.jpg\" alt=\"\" class=\"wp-image-9137\" srcset=\"https:\/\/noticiarioregional.com.br\/wp-content\/uploads\/2026\/04\/Projeto-de-como-ira-ficar-a-praca-apos-a-revitalizacao-.jpg 668w, https:\/\/noticiarioregional.com.br\/wp-content\/uploads\/2026\/04\/Projeto-de-como-ira-ficar-a-praca-apos-a-revitalizacao--300x171.jpg 300w, https:\/\/noticiarioregional.com.br\/wp-content\/uploads\/2026\/04\/Projeto-de-como-ira-ficar-a-praca-apos-a-revitalizacao--150x85.jpg 150w, https:\/\/noticiarioregional.com.br\/wp-content\/uploads\/2026\/04\/Projeto-de-como-ira-ficar-a-praca-apos-a-revitalizacao--450x256.jpg 450w\" sizes=\"(max-width: 668px) 100vw, 668px\" \/><figcaption class=\"wp-element-caption\">Projeto de como ir\u00e1 ficar a pra\u00e7a ap\u00f3s a revitaliza\u00e7\u00e3o<\/figcaption><\/figure>\n\n\n\n<p>J\u00e1 a segunda etapa, de maior abrang\u00eancia, ser\u00e1 realizada com um investimento total de R$ 792 mil, sendo R$ 800 mil provenientes de recursos viabilizados pelo senador Esperidi\u00e3o Amin, por meio do Governo do Estado. Nesta fase, a revitaliza\u00e7\u00e3o contempla a reconstru\u00e7\u00e3o completa da arquibancada, a reforma de todo o piso, a repintura integral da estrutura da pra\u00e7a e ainda a constru\u00e7\u00e3o de uma nova \u00e1rea lateral destinada \u00e0 pra\u00e7a de alimenta\u00e7\u00e3o. Essa segunda etapa ser\u00e1 executada pela empresa Caibi Empreendimentos.<\/p>\n\n\n\n<p>A expectativa da Administra\u00e7\u00e3o Municipal \u00e9 concluir a revitaliza\u00e7\u00e3o at\u00e9 o final do primeiro semestre.&nbsp; A empresa respons\u00e1vel pela primeira etapa, sediada em Pato Branco, j\u00e1 iniciou os trabalhos e, neste momento, realiza a retirada das estruturas antigas, etapa fundamental para a sequ\u00eancia das melhorias. Com a conclus\u00e3o da obra, a pra\u00e7a central dever\u00e1 ganhar um novo visual, al\u00e9m de oferecer mais conforto e funcionalidade para a popula\u00e7\u00e3o. O espa\u00e7o, que \u00e9 tradicionalmente utilizado para eventos, encontros familiares e momentos de lazer, passar\u00e1 a contar com uma estrutura modernizada, mais segura e adequada para receber a comunidade.<\/p>\n","protected":false},"excerpt":{"rendered":"<p>A Administra\u00e7\u00e3o Municipal de Caibi deu in\u00edcio, na \u00faltima semana, a obra de revitaliza\u00e7\u00e3o da pra\u00e7a central do munic\u00edpio. O projeto, que representa um investimento expressivo em infraestrutura e valoriza\u00e7\u00e3o do espa\u00e7o p\u00fablico, contempla melhorias estruturais e est\u00e9ticas que prometem transformar um dos principais pontos de conviv\u00eancia da cidade. As informa\u00e7\u00f5es foram repassadas pelo secret\u00e1rio<\/p>\n","protected":false},"author":1,"featured_media":9136,"comment_status":"open","ping_status":"open","sticky":false,"template":"","format":"standard","meta":{"footnotes":""},"categories":[41],"tags":[],"class_list":{"0":"post-9135","1":"post","2":"type-post","3":"status-publish","4":"format-standard","5":"has-post-thumbnail","7":"category-noticias"},"_links":{"self":[{"href":"https:\/\/noticiarioregional.com.br\/index.php?rest_route=\/wp\/v2\/posts\/9135","targetHints":{"allow":["GET"]}}],"collection":[{"href":"https:\/\/noticiarioregional.com.br\/index.php?rest_route=\/wp\/v2\/posts"}],"about":[{"href":"https:\/\/noticiarioregional.com.br\/index.php?rest_route=\/wp\/v2\/types\/post"}],"author":[{"embeddable":true,"href":"https:\/\/noticiarioregional.com.br\/index.php?rest_route=\/wp\/v2\/users\/1"}],"replies":[{"embeddable":true,"href":"https:\/\/noticiarioregional.com.br\/index.php?rest_route=%2Fwp%2Fv2%2Fcomments&post=9135"}],"version-history":[{"count":1,"href":"https:\/\/noticiarioregional.com.br\/index.php?rest_route=\/wp\/v2\/posts\/9135\/revisions"}],"predecessor-version":[{"id":9138,"href":"https:\/\/noticiarioregional.com.br\/index.php?rest_route=\/wp\/v2\/posts\/9135\/revisions\/9138"}],"wp:featuredmedia":[{"embeddable":true,"href":"https:\/\/noticiarioregional.com.br\/index.php?rest_route=\/wp\/v2\/media\/9136"}],"wp:attachment":[{"href":"https:\/\/noticiarioregional.com.br\/index.php?rest_route=%2Fwp%2Fv2%2Fmedia&parent=9135"}],"wp:term":[{"taxonomy":"category","embeddable":true,"href":"https:\/\/noticiarioregional.com.br\/index.php?rest_route=%2Fwp%2Fv2%2Fcategories&post=9135"},{"taxonomy":"post_tag","embeddable":true,"href":"https:\/\/noticiarioregional.com.br\/index.php?rest_route=%2Fwp%2Fv2%2Ftags&post=9135"}],"curies":[{"name":"wp","href":"https:\/\/api.w.org\/{rel}","templated":true}]}}