{"id":9151,"date":"2026-04-20T11:18:05","date_gmt":"2026-04-20T14:18:05","guid":{"rendered":"https:\/\/noticiarioregional.com.br\/?p=9151"},"modified":"2026-04-20T11:18:46","modified_gmt":"2026-04-20T14:18:46","slug":"ipora-do-oeste-ultrapassa-r-1-bilhao-em-movimento-economico","status":"publish","type":"post","link":"https:\/\/noticiarioregional.com.br\/?p=9151","title":{"rendered":"Ipor\u00e3 do Oeste ultrapassa R$ 1 bilh\u00e3o em movimento econ\u00f4mico"},"content":{"rendered":"\n<p class=\"has-text-align-center has-large-font-size\"><strong>ECONOMIA FORTE<\/strong><\/p>\n\n\n\n<p class=\"has-text-align-center has-regular-font-size\"><em>Setor agropecu\u00e1rio puxa economia municipal e se consolida como a segunda maior for\u00e7a entre os munic\u00edpios do Extremo Oeste Catarinense<\/em><\/p>\n\n\n\n<p>O munic\u00edpio alcan\u00e7ou um marco hist\u00f3rico em 2025: mais de R$ 1 bilh\u00e3o em movimento econ\u00f4mico total. De acordo com dados provis\u00f3rios, o valor chegou a R$ 1.041.492.296,52, representando um crescimento de 14,26% em rela\u00e7\u00e3o a 2024, quando o munic\u00edpio registrou R$ 911,4 milh\u00f5es. O resultado demonstra a for\u00e7a da economia local e o avan\u00e7o cont\u00ednuo do munic\u00edpio, que segue entre os principais da regi\u00e3o, ocupando a 5\u00aa coloca\u00e7\u00e3o no ranking da AMEOSC, entre 19 os munic\u00edpios.<\/p>\n\n\n\n<p>Grande parte desse crescimento \u00e9 impulsionada pela agropecu\u00e1ria, que sozinha movimentou R$ 859,9 milh\u00f5es em 2025, com aumento de 17,41%. O setor mant\u00e9m Ipor\u00e3 do Oeste na 2\u00aa posi\u00e7\u00e3o regional, com destaque para suinocultura, pecu\u00e1ria leiteira e avicultura.<\/p>\n\n\n\n<p>Al\u00e9m do crescimento no movimento econ\u00f4mico, o munic\u00edpio tamb\u00e9m registra aumento no retorno estimado, que passou de R$ 13,6 milh\u00f5es para R$ 15,6 milh\u00f5es, refletindo diretamente na capacidade de investimento p\u00fablico.<\/p>\n\n\n\n<p>Os n\u00fameros de 2025 ainda s\u00e3o provis\u00f3rios e podem sofrer altera\u00e7\u00f5es, mas j\u00e1 confirmam um cen\u00e1rio positivo e um novo patamar econ\u00f4mico para o munic\u00edpio.<\/p>\n\n\n\n<p class=\"has-text-align-center has-large-font-size\">O que diz o prefeito<\/p>\n\n\n\n<p>Para o prefeito de Ipor\u00e3 do Oeste, Michel Barth, o resultado representa a for\u00e7a de trabalho e o esp\u00edrito empreendedor das pessoas que vivem aqui. <em>\u201cObrigado a cada agricultor, empres\u00e1rio e trabalhador de Ipor\u00e3 do Oeste! Chegar a R$ 1 bilh\u00e3o em movimento econ\u00f4mico \u00e9 uma conquista de cada m\u00e3o que planta, produz e empreende aqui. Mostramos para toda Santa Catarina que tamanho de popula\u00e7\u00e3o n\u00e3o define o tamanho da nossa grandeza. Somos pequenos em n\u00famero, mas bilion\u00e1rios em trabalho e dedica\u00e7\u00e3o.<\/em><\/p>\n\n\n\n<p><em>Superar a marca de R$ 1 bilh\u00e3o em movimento econ\u00f4mico \u00e9 o reflexo da for\u00e7a do povo de Ipor\u00e3 do Oeste. Esse resultado volta para o cidad\u00e3o em forma de mais sa\u00fade, estradas melhores e educa\u00e7\u00e3o de qualidade. \u00c9 o desenvolvimento que se sente no dia a dia. Parab\u00e9ns a todos n\u00f3s por esse marco hist\u00f3rico!\u201d, <\/em>disse o prefeito Michel \u00e0 reportagem do Notici\u00e1rio Regional.<\/p>\n\n\n\n<p><\/p>\n","protected":false},"excerpt":{"rendered":"<p>ECONOMIA FORTE Setor agropecu\u00e1rio puxa economia municipal e se consolida como a segunda maior for\u00e7a entre os munic\u00edpios do Extremo Oeste Catarinense O munic\u00edpio alcan\u00e7ou um marco hist\u00f3rico em 2025: mais de R$ 1 bilh\u00e3o em movimento econ\u00f4mico total. De acordo com dados provis\u00f3rios, o valor chegou a R$ 1.041.492.296,52, representando um crescimento de 14,26%<\/p>\n","protected":false},"author":1,"featured_media":9152,"comment_status":"open","ping_status":"open","sticky":false,"template":"","format":"standard","meta":{"footnotes":""},"categories":[41],"tags":[],"class_list":{"0":"post-9151","1":"post","2":"type-post","3":"status-publish","4":"format-standard","5":"has-post-thumbnail","7":"category-noticias"},"_links":{"self":[{"href":"https:\/\/noticiarioregional.com.br\/index.php?rest_route=\/wp\/v2\/posts\/9151","targetHints":{"allow":["GET"]}}],"collection":[{"href":"https:\/\/noticiarioregional.com.br\/index.php?rest_route=\/wp\/v2\/posts"}],"about":[{"href":"https:\/\/noticiarioregional.com.br\/index.php?rest_route=\/wp\/v2\/types\/post"}],"author":[{"embeddable":true,"href":"https:\/\/noticiarioregional.com.br\/index.php?rest_route=\/wp\/v2\/users\/1"}],"replies":[{"embeddable":true,"href":"https:\/\/noticiarioregional.com.br\/index.php?rest_route=%2Fwp%2Fv2%2Fcomments&post=9151"}],"version-history":[{"count":1,"href":"https:\/\/noticiarioregional.com.br\/index.php?rest_route=\/wp\/v2\/posts\/9151\/revisions"}],"predecessor-version":[{"id":9153,"href":"https:\/\/noticiarioregional.com.br\/index.php?rest_route=\/wp\/v2\/posts\/9151\/revisions\/9153"}],"wp:featuredmedia":[{"embeddable":true,"href":"https:\/\/noticiarioregional.com.br\/index.php?rest_route=\/wp\/v2\/media\/9152"}],"wp:attachment":[{"href":"https:\/\/noticiarioregional.com.br\/index.php?rest_route=%2Fwp%2Fv2%2Fmedia&parent=9151"}],"wp:term":[{"taxonomy":"category","embeddable":true,"href":"https:\/\/noticiarioregional.com.br\/index.php?rest_route=%2Fwp%2Fv2%2Fcategories&post=9151"},{"taxonomy":"post_tag","embeddable":true,"href":"https:\/\/noticiarioregional.com.br\/index.php?rest_route=%2Fwp%2Fv2%2Ftags&post=9151"}],"curies":[{"name":"wp","href":"https:\/\/api.w.org\/{rel}","templated":true}]}}