{"id":9172,"date":"2026-04-27T08:36:04","date_gmt":"2026-04-27T11:36:04","guid":{"rendered":"https:\/\/noticiarioregional.com.br\/?p=9172"},"modified":"2026-04-27T08:36:06","modified_gmt":"2026-04-27T11:36:06","slug":"administracao-de-mondai-investe-r-189-milhao-na-primeira-etapa-do-loteamento-industrial-e-projeta-expansao-para-32-lotes","status":"publish","type":"post","link":"https:\/\/noticiarioregional.com.br\/?p=9172","title":{"rendered":"Administra\u00e7\u00e3o de Monda\u00ed investe R$ 1,89 milh\u00e3o na primeira etapa do Loteamento Industrial e projeta expans\u00e3o para 32 lotes"},"content":{"rendered":"\n<p>A Administra\u00e7\u00e3o Municipal de Monda\u00ed segue avan\u00e7ando com um importante projeto voltado ao desenvolvimento econ\u00f4mico e \u00e0 expans\u00e3o da infraestrutura urbana: os investimentos no Loteamento Industrial, localizado no Bairro F\u00e1tima, em frente ao Bairro Colibri, nas proximidades da Linha F\u00e1tima. Conforme informa\u00e7\u00f5es do secret\u00e1rio de Administra\u00e7\u00e3o, Juliano de Oliveira, a primeira etapa das obras est\u00e1 em ritmo intenso desde o in\u00edcio de fevereiro e representa um investimento de R$ 1,89 milh\u00e3o.<\/p>\n\n\n\n<p>De acordo com o secret\u00e1rio, nesta fase inicial os trabalhos concentram-se na estrutura\u00e7\u00e3o completa da base do loteamento, contemplando a abertura das ruas, instala\u00e7\u00e3o da tubula\u00e7\u00e3o e da rede h\u00eddrica, al\u00e9m da prepara\u00e7\u00e3o do solo para a futura pavimenta\u00e7\u00e3o asf\u00e1ltica.<\/p>\n\n\n\n<p>A prepara\u00e7\u00e3o das vias envolve um processo t\u00e9cnico complexo, com diversas camadas de base e acabamento. Segundo ele, ser\u00e1 feita uma base robusta com material britado e camadas intermedi\u00e1rias, garantindo resist\u00eancia e durabilidade ao pavimento que ser\u00e1 conclu\u00eddo na pr\u00f3xima etapa.<\/p>\n\n\n\n<p>O secret\u00e1rio ressaltou que a obra exige aten\u00e7\u00e3o especial devido \u00e0s caracter\u00edsticas distintas do terreno. Em alguns pontos, o solo apresentou maior firmeza, enquanto em outros h\u00e1 \u00e1reas de banhado e trechos mais inst\u00e1veis, o que demanda refor\u00e7o estrutural. A expectativa da Administra\u00e7\u00e3o \u00e9 de que esta primeira fase seja conclu\u00edda ainda neste ano, com previs\u00e3o de avan\u00e7os significativos nos pr\u00f3ximos dois a tr\u00eas meses.<\/p>\n\n\n\n<p>Ap\u00f3s a finaliza\u00e7\u00e3o da etapa atual, o munic\u00edpio dar\u00e1 sequ\u00eancia ao projeto com uma nova licita\u00e7\u00e3o para a segunda e \u00faltima fase das obras. Essa etapa ser\u00e1 respons\u00e1vel pela aplica\u00e7\u00e3o da camada final de asfalto e pela implanta\u00e7\u00e3o da rede el\u00e9trica, deixando o loteamento totalmente pronto para uso pelas empresas.<\/p>\n\n\n\n<p>Segundo Juliano, a Administra\u00e7\u00e3o j\u00e1 trabalha no levantamento de custos para a continuidade dos investimentos, a fim de garantir a conclus\u00e3o integral da \u00e1rea industrial. \u201c<em>A pr\u00f3xima etapa ser\u00e1 a finaliza\u00e7\u00e3o do asfalto e tamb\u00e9m toda a parte el\u00e9trica, levando luz para os lotes. Estamos trabalhando nisso para, posteriormente, deixar tudo pronto para que as empresas possam come\u00e7ar a utilizar os espa\u00e7os<\/em>\u201d, afirmou.<\/p>\n\n\n\n<p>O novo loteamento industrial contar\u00e1 com uma previs\u00e3o de 32 lotes, por\u00e9m o modelo adotado pela Administra\u00e7\u00e3o ser\u00e1 flex\u00edvel, permitindo a personaliza\u00e7\u00e3o dos espa\u00e7os conforme a necessidade de cada empresa.<\/p>\n\n\n\n<p>Embora a base inicial considere lotes em torno de 2 mil metros quadrados, o munic\u00edpio pretende adaptar as \u00e1reas de acordo com o porte e o potencial de crescimento dos empreendimentos. \u201c<em>N\u00e3o ser\u00e1 uma metragem fixa. Vamos avaliar o potencial e a necessidade de cada empresa. Se uma empresa precisar de uma \u00e1rea maior, como 10 mil metros, por exemplo, vamos organizar isso de forma planejada, preservando espa\u00e7o para futuras amplia\u00e7\u00f5es<\/em>\u201d, explicou o secret\u00e1rio. A estrat\u00e9gia busca evitar limita\u00e7\u00f5es futuras para os empreendedores, permitindo que as empresas cres\u00e7am dentro do pr\u00f3prio loteamento sem a necessidade de mudan\u00e7as posteriores.<\/p>\n\n\n\n<p>Um dos principais focos da Administra\u00e7\u00e3o Municipal \u00e9 transferir para o novo loteamento as empresas que atualmente operam dentro da \u00e1rea urbana de Monda\u00ed. A medida visa liberar espa\u00e7os na cidade, que hoje enfrenta dificuldades relacionadas \u00e0 falta de \u00e1reas dispon\u00edveis para expans\u00e3o, al\u00e9m do d\u00e9ficit habitacional e da escassez de im\u00f3veis para loca\u00e7\u00e3o.<\/p>\n\n\n\n<p>Outro fator considerado \u00e9 a quest\u00e3o da m\u00e3o de obra. Conforme o secret\u00e1rio, ao transferir empresas locais para o loteamento industrial, elas j\u00e1 levam consigo seus colaboradores, evitando a necessidade imediata de atrair grande contingente de trabalhadores de fora. \u201c<em>Hoje tamb\u00e9m temos um d\u00e9ficit de m\u00e3o de obra. Por isso, a prioridade \u00e9 fortalecer as empresas que j\u00e1 est\u00e3o aqui, aproveitando a estrutura humana que elas j\u00e1 possuem<\/em>\u201d, pontuou.<\/p>\n","protected":false},"excerpt":{"rendered":"<p>A Administra\u00e7\u00e3o Municipal de Monda\u00ed segue avan\u00e7ando com um importante projeto voltado ao desenvolvimento econ\u00f4mico e \u00e0 expans\u00e3o da infraestrutura urbana: os investimentos no Loteamento Industrial, localizado no Bairro F\u00e1tima, em frente ao Bairro Colibri, nas proximidades da Linha F\u00e1tima. Conforme informa\u00e7\u00f5es do secret\u00e1rio de Administra\u00e7\u00e3o, Juliano de Oliveira, a primeira etapa das obras est\u00e1<\/p>\n","protected":false},"author":1,"featured_media":9173,"comment_status":"open","ping_status":"open","sticky":false,"template":"","format":"standard","meta":{"footnotes":""},"categories":[41],"tags":[],"class_list":{"0":"post-9172","1":"post","2":"type-post","3":"status-publish","4":"format-standard","5":"has-post-thumbnail","7":"category-noticias"},"_links":{"self":[{"href":"https:\/\/noticiarioregional.com.br\/index.php?rest_route=\/wp\/v2\/posts\/9172","targetHints":{"allow":["GET"]}}],"collection":[{"href":"https:\/\/noticiarioregional.com.br\/index.php?rest_route=\/wp\/v2\/posts"}],"about":[{"href":"https:\/\/noticiarioregional.com.br\/index.php?rest_route=\/wp\/v2\/types\/post"}],"author":[{"embeddable":true,"href":"https:\/\/noticiarioregional.com.br\/index.php?rest_route=\/wp\/v2\/users\/1"}],"replies":[{"embeddable":true,"href":"https:\/\/noticiarioregional.com.br\/index.php?rest_route=%2Fwp%2Fv2%2Fcomments&post=9172"}],"version-history":[{"count":1,"href":"https:\/\/noticiarioregional.com.br\/index.php?rest_route=\/wp\/v2\/posts\/9172\/revisions"}],"predecessor-version":[{"id":9174,"href":"https:\/\/noticiarioregional.com.br\/index.php?rest_route=\/wp\/v2\/posts\/9172\/revisions\/9174"}],"wp:featuredmedia":[{"embeddable":true,"href":"https:\/\/noticiarioregional.com.br\/index.php?rest_route=\/wp\/v2\/media\/9173"}],"wp:attachment":[{"href":"https:\/\/noticiarioregional.com.br\/index.php?rest_route=%2Fwp%2Fv2%2Fmedia&parent=9172"}],"wp:term":[{"taxonomy":"category","embeddable":true,"href":"https:\/\/noticiarioregional.com.br\/index.php?rest_route=%2Fwp%2Fv2%2Fcategories&post=9172"},{"taxonomy":"post_tag","embeddable":true,"href":"https:\/\/noticiarioregional.com.br\/index.php?rest_route=%2Fwp%2Fv2%2Ftags&post=9172"}],"curies":[{"name":"wp","href":"https:\/\/api.w.org\/{rel}","templated":true}]}}