{"id":9175,"date":"2026-04-27T08:38:09","date_gmt":"2026-04-27T11:38:09","guid":{"rendered":"https:\/\/noticiarioregional.com.br\/?p=9175"},"modified":"2026-04-27T08:38:11","modified_gmt":"2026-04-27T11:38:11","slug":"ipora-do-oeste-corta-pela-metade-numero-de-familias-beneficiadas","status":"publish","type":"post","link":"https:\/\/noticiarioregional.com.br\/?p=9175","title":{"rendered":"Ipor\u00e3 do Oeste corta pela metade n\u00famero de fam\u00edlias beneficiadas"},"content":{"rendered":"\n<p class=\"has-text-align-center has-larger-font-size\"><strong>Bolsa Fam\u00edlia<\/strong><\/p>\n\n\n\n<p><strong>Ipor\u00e3 do Oeste \u2013<\/strong> Em janeiro de 2025 o munic\u00edpio estava com 264 fam\u00edlias benefici\u00e1rias do programa Bolsa Fam\u00edlia. Em abril de 2026, esse n\u00famero reduziu para 116 fam\u00edlias benefici\u00e1rias. A gestora do Cadastro \u00danico e do programa Bolsa Fam\u00edlia, Mar\u00edlia Rech, explica que essa diminui\u00e7\u00e3o foi influenciada por v\u00e1rios fatores. Um destes fatores \u00e9 que desde o in\u00edcio do ano passado o setor passou a ter duas profissionais. Atualmente a respons\u00e1vel pelo Cadastro \u00danico \u00e9 a agente administrativo Fabiane Heiser.<\/p>\n\n\n\n<p>Com o refor\u00e7o na equipe, foi poss\u00edvel intensificar as visitas mensais as fam\u00edlias benefici\u00e1rias. Nestas visitas, \u00e9 feita a atualiza\u00e7\u00e3o do cadastro e averiguada a situa\u00e7\u00e3o das fam\u00edlias. Outro fator que contribuiu para a redu\u00e7\u00e3o dos n\u00fameros foi que a partir de agosto de 2025 o sistema do Cadastro \u00danico, que at\u00e9 ent\u00e3o era fornecido pela Caixa Econ\u00f4mica Federal, passou a ser fornecido pelo Governo Federal. Com isso, todos os sistemas, como banc\u00e1rios, de previd\u00eancia social e trabalhista, ficam interligados e \u00e9 poss\u00edvel fazer o cruzamento de dados. Mar\u00edlia acrescenta que a n\u00edvel municipal os sistemas tamb\u00e9m passaram a ser sincronizados, como o da sa\u00fade e o da educa\u00e7\u00e3o.<\/p>\n\n\n\n<p>Conforme a gestora, o Cadastro \u00danico \u00e9 autodeclarat\u00f3rio, ou seja, a pr\u00f3pria fam\u00edlia declara as informa\u00e7\u00f5es.&nbsp; No entanto, no caso de den\u00fancias, em comprova\u00e7\u00f5es feitas nas visitas ou agora com o cruzamento de dados dos sistemas, as diverg\u00eancias s\u00e3o informadas no sistema, e ele pr\u00f3prio acusa o bloqueio ou cancelamento do benef\u00edcio. Mar\u00edlia ressalta que aliada a atua\u00e7\u00e3o efetiva dos profissionais junto as fam\u00edlias benefici\u00e1rias e a consulta de dados dos sistemas, est\u00e1 tamb\u00e9m o incentivo a profissionaliza\u00e7\u00e3o e a busca de empregos pelos benefici\u00e1rios. No CRAS \u00e9 mantido um mural, onde constam diversas vagas de emprego no munic\u00edpio, e quando os benefici\u00e1rios vem ao setor, estas vagas s\u00e3o indicadas pelos profissionais.<\/p>\n\n\n\n<p>A gestora lembra que tem direito ao Bolsa Fam\u00edlia quem tem renda per capita, ou seja, por pessoa da fam\u00edlia, de R$ 218<ins>,00<\/ins> mensais. O benef\u00edcio m\u00ednimo \u00e9 de R$ 600,00, e a partir disso s\u00e3o avaliados crit\u00e9rios espec\u00edficos de cada fam\u00edlia, a exemplo da idade das crian\u00e7as e a frequ\u00eancia escolar. Os benefici\u00e1rios precisam cumprir as condicionalidades de frequ\u00eancia escolar de no m\u00ednimo 75%, comparecer ao Dia D onde \u00e9 feito o acompanhamento do Cadastro \u00danico, a pesagem, atualiza\u00e7\u00e3o da caderneta vacinal e medi\u00e7\u00e3o de todos os membros da fam\u00edlia, e ainda, a condicionalidade de manter o cadastro atualizado.<\/p>\n","protected":false},"excerpt":{"rendered":"<p>Bolsa Fam\u00edlia Ipor\u00e3 do Oeste \u2013 Em janeiro de 2025 o munic\u00edpio estava com 264 fam\u00edlias benefici\u00e1rias do programa Bolsa Fam\u00edlia. Em abril de 2026, esse n\u00famero reduziu para 116 fam\u00edlias benefici\u00e1rias. A gestora do Cadastro \u00danico e do programa Bolsa Fam\u00edlia, Mar\u00edlia Rech, explica que essa diminui\u00e7\u00e3o foi influenciada por v\u00e1rios fatores. Um destes<\/p>\n","protected":false},"author":1,"featured_media":9176,"comment_status":"open","ping_status":"open","sticky":false,"template":"","format":"standard","meta":{"footnotes":""},"categories":[41],"tags":[],"class_list":{"0":"post-9175","1":"post","2":"type-post","3":"status-publish","4":"format-standard","5":"has-post-thumbnail","7":"category-noticias"},"_links":{"self":[{"href":"https:\/\/noticiarioregional.com.br\/index.php?rest_route=\/wp\/v2\/posts\/9175","targetHints":{"allow":["GET"]}}],"collection":[{"href":"https:\/\/noticiarioregional.com.br\/index.php?rest_route=\/wp\/v2\/posts"}],"about":[{"href":"https:\/\/noticiarioregional.com.br\/index.php?rest_route=\/wp\/v2\/types\/post"}],"author":[{"embeddable":true,"href":"https:\/\/noticiarioregional.com.br\/index.php?rest_route=\/wp\/v2\/users\/1"}],"replies":[{"embeddable":true,"href":"https:\/\/noticiarioregional.com.br\/index.php?rest_route=%2Fwp%2Fv2%2Fcomments&post=9175"}],"version-history":[{"count":1,"href":"https:\/\/noticiarioregional.com.br\/index.php?rest_route=\/wp\/v2\/posts\/9175\/revisions"}],"predecessor-version":[{"id":9177,"href":"https:\/\/noticiarioregional.com.br\/index.php?rest_route=\/wp\/v2\/posts\/9175\/revisions\/9177"}],"wp:featuredmedia":[{"embeddable":true,"href":"https:\/\/noticiarioregional.com.br\/index.php?rest_route=\/wp\/v2\/media\/9176"}],"wp:attachment":[{"href":"https:\/\/noticiarioregional.com.br\/index.php?rest_route=%2Fwp%2Fv2%2Fmedia&parent=9175"}],"wp:term":[{"taxonomy":"category","embeddable":true,"href":"https:\/\/noticiarioregional.com.br\/index.php?rest_route=%2Fwp%2Fv2%2Fcategories&post=9175"},{"taxonomy":"post_tag","embeddable":true,"href":"https:\/\/noticiarioregional.com.br\/index.php?rest_route=%2Fwp%2Fv2%2Ftags&post=9175"}],"curies":[{"name":"wp","href":"https:\/\/api.w.org\/{rel}","templated":true}]}}