{"id":9178,"date":"2026-04-27T08:39:38","date_gmt":"2026-04-27T11:39:38","guid":{"rendered":"https:\/\/noticiarioregional.com.br\/?p=9178"},"modified":"2026-04-27T08:39:39","modified_gmt":"2026-04-27T11:39:39","slug":"viveiro-de-sao-joao-do-oeste-dispoe-de-mais-de-300-variedades-de-plantas","status":"publish","type":"post","link":"https:\/\/noticiarioregional.com.br\/?p=9178","title":{"rendered":"Viveiro de S\u00e3o Jo\u00e3o do Oeste disp\u00f5e de mais de 300 variedades de plantas"},"content":{"rendered":"\n<p class=\"has-text-align-center has-large-font-size\"><em>S\u00e3o v\u00e1rias esp\u00e9cies de flores, plantas ornamentais, ch\u00e1s e temperos<\/em><\/p>\n\n\n\n<p><strong>S\u00e3o Jo\u00e3o do Oeste \u2013<\/strong> O viveirista, In\u00e1cio Schuh, trabalha no viveiro desde a sua implanta\u00e7\u00e3o, inicialmente na comunidade de Beato Roque, em 1993. Exerce a fun\u00e7\u00e3o h\u00e1 33 anos, e acompanhou todas as mudan\u00e7as e avan\u00e7os deste espa\u00e7o, que em 1999 foi transferido para a cidade. No in\u00edcio, In\u00e1cio recorda que o viveiro surgiu e se manteve pela demanda que havia na \u00e9poca por mudas para reflorestamento de uva japonesa, pinus e eucalipto. Em certos per\u00edodos a produ\u00e7\u00e3o no viveiro chegou em 300 a 500 mil mudas de eucalipto por ano. Havia inclusive incentivos governamentais para o reflorestamento na \u00e9poca, principalmente para toras e madeira em metro.<\/p>\n\n\n\n<p>Ao longo dos anos o foco de produ\u00e7\u00e3o de plantas no viveiro foi alterando. In\u00e1cio recorda que no in\u00edcio dos anos 2000, a procura por mudas de reflorestamento reduziu, e o viveiro teve que buscar alternativas para se manter. Com isso, incrementou a produ\u00e7\u00e3o de mudas de \u00e1rvores nativas, flores e plantas ornamentais. Entre as esp\u00e9cies de frut\u00edferas nativas s\u00e3o produzidas mudas de pitanga, cereja, uvaia, guabij\u00fa, sete-capotes e ing\u00e1, e entre outras esp\u00e9cies de \u00e1rvores est\u00e3o gr\u00e1pia, canaf\u00edstula, canjerana, cedro, louro, marmeleiro, timba\u00fava e guajuvira. S\u00e3o cerca de 70 esp\u00e9cies somente das \u00e1rvores nativas, em que a coleta de sementes \u00e9 feita pelo pr\u00f3prio viveirista em v\u00e1rios pontos do munic\u00edpio e diferentes \u00e9pocas do ano. Ap\u00f3s a coleta \u00e9 feito o beneficiamento das sementes, com a correta secagem e manejo para garantir a germina\u00e7\u00e3o.&nbsp;&nbsp;<\/p>\n\n\n\n<p>Atualmente, a produ\u00e7\u00e3o de mudas de reflorestamento \u00e9 somente da esp\u00e9cie eucalipto, que s\u00e3o destinadas a produtores do munic\u00edpio, mediante pedido que \u00e9 feito na secretaria de Agricultura. O mun\u00edcipe tamb\u00e9m tem direito a mudas nativas, na quantidade de 100 ao ano por fam\u00edlia. A produ\u00e7\u00e3o de flores e plantas ornamentais \u00e9 destinada praticamente toda para as demandas do setor de Urbanismo no paisagismo dos locais p\u00fablicos, comunidades e escolas que fazem a solicita\u00e7\u00e3o. As poucas sobras s\u00e3o destinadas aos mun\u00edcipes em geral.<\/p>\n\n\n\n<p>Entre todas as variedades, In\u00e1cio cita que s\u00e3o mais de 300 entre \u00e1rvores, flores, plantas ornamentais, ch\u00e1s e temperos. Comenta que hoje o trabalho \u00e9 inverso ao da \u00e9poca da cria\u00e7\u00e3o do viveiro. Inicialmente foi preciso incrementar novas variedades para manter o viveiro em funcionamento, e atualmente a grande demanda faz com que alguns servi\u00e7os precisem ser reduzidos.<\/p>\n\n\n\n<figure class=\"wp-block-image size-large\"><img fetchpriority=\"high\" decoding=\"async\" width=\"1024\" height=\"683\" src=\"https:\/\/noticiarioregional.com.br\/wp-content\/uploads\/2026\/04\/Viveirista-mostra-plantas-ja-cultivadas-ha-mais-tempo-destinadas-para-eventos-do-municipio-como-a-Expo-e-Semana-Alema-1024x683.jpg\" alt=\"\" class=\"wp-image-9180\" srcset=\"https:\/\/noticiarioregional.com.br\/wp-content\/uploads\/2026\/04\/Viveirista-mostra-plantas-ja-cultivadas-ha-mais-tempo-destinadas-para-eventos-do-municipio-como-a-Expo-e-Semana-Alema-1024x683.jpg 1024w, https:\/\/noticiarioregional.com.br\/wp-content\/uploads\/2026\/04\/Viveirista-mostra-plantas-ja-cultivadas-ha-mais-tempo-destinadas-para-eventos-do-municipio-como-a-Expo-e-Semana-Alema-300x200.jpg 300w, https:\/\/noticiarioregional.com.br\/wp-content\/uploads\/2026\/04\/Viveirista-mostra-plantas-ja-cultivadas-ha-mais-tempo-destinadas-para-eventos-do-municipio-como-a-Expo-e-Semana-Alema-768x512.jpg 768w, https:\/\/noticiarioregional.com.br\/wp-content\/uploads\/2026\/04\/Viveirista-mostra-plantas-ja-cultivadas-ha-mais-tempo-destinadas-para-eventos-do-municipio-como-a-Expo-e-Semana-Alema-1536x1024.jpg 1536w, https:\/\/noticiarioregional.com.br\/wp-content\/uploads\/2026\/04\/Viveirista-mostra-plantas-ja-cultivadas-ha-mais-tempo-destinadas-para-eventos-do-municipio-como-a-Expo-e-Semana-Alema-2048x1365.jpg 2048w, https:\/\/noticiarioregional.com.br\/wp-content\/uploads\/2026\/04\/Viveirista-mostra-plantas-ja-cultivadas-ha-mais-tempo-destinadas-para-eventos-do-municipio-como-a-Expo-e-Semana-Alema-150x100.jpg 150w, https:\/\/noticiarioregional.com.br\/wp-content\/uploads\/2026\/04\/Viveirista-mostra-plantas-ja-cultivadas-ha-mais-tempo-destinadas-para-eventos-do-municipio-como-a-Expo-e-Semana-Alema-450x300.jpg 450w, https:\/\/noticiarioregional.com.br\/wp-content\/uploads\/2026\/04\/Viveirista-mostra-plantas-ja-cultivadas-ha-mais-tempo-destinadas-para-eventos-do-municipio-como-a-Expo-e-Semana-Alema-1200x800.jpg 1200w\" sizes=\"(max-width: 1024px) 100vw, 1024px\" \/><figcaption class=\"wp-element-caption\"><strong><em>Viveirista mostra plantas j\u00e1 cultivadas h\u00e1 mais tempo destinadas para eventos do munic\u00edpio, como a Expo e Semana Alem\u00e3<\/em><\/strong><\/figcaption><\/figure>\n\n\n\n<p>No viveiro, In\u00e1cio possui o aux\u00edlio da servidora Alexandra Kuffel. No local \u00e9 desenvolvido desde 2005 o programa Cidad\u00e3o Mirim, voltado a forma\u00e7\u00e3o de cuidadores ecol\u00f3gicos. O p\u00fablico-alvo s\u00e3o adolescentes de 13 a 18 anos, encaminhados pela equipe t\u00e9cnica da prote\u00e7\u00e3o social especial. Atrav\u00e9s da parceria do Setor Social, as escolas e a secretaria de Agricultura, os jovens se dedicam a 8h semanais, divididos em dois per\u00edodos no contraturno escolar, no aux\u00edlio aos trabalhos <del>no<\/del><ins>do<\/ins> viveiro municipal. <ins>Como contrapartida, a fam\u00edlia de cada jovem recebe uma cesta b\u00e1sica mensal.<\/ins><\/p>\n","protected":false},"excerpt":{"rendered":"<p>S\u00e3o v\u00e1rias esp\u00e9cies de flores, plantas ornamentais, ch\u00e1s e temperos S\u00e3o Jo\u00e3o do Oeste \u2013 O viveirista, In\u00e1cio Schuh, trabalha no viveiro desde a sua implanta\u00e7\u00e3o, inicialmente na comunidade de Beato Roque, em 1993. Exerce a fun\u00e7\u00e3o h\u00e1 33 anos, e acompanhou todas as mudan\u00e7as e avan\u00e7os deste espa\u00e7o, que em 1999 foi transferido para<\/p>\n","protected":false},"author":1,"featured_media":9179,"comment_status":"open","ping_status":"open","sticky":false,"template":"","format":"standard","meta":{"footnotes":""},"categories":[41],"tags":[],"class_list":{"0":"post-9178","1":"post","2":"type-post","3":"status-publish","4":"format-standard","5":"has-post-thumbnail","7":"category-noticias"},"_links":{"self":[{"href":"https:\/\/noticiarioregional.com.br\/index.php?rest_route=\/wp\/v2\/posts\/9178","targetHints":{"allow":["GET"]}}],"collection":[{"href":"https:\/\/noticiarioregional.com.br\/index.php?rest_route=\/wp\/v2\/posts"}],"about":[{"href":"https:\/\/noticiarioregional.com.br\/index.php?rest_route=\/wp\/v2\/types\/post"}],"author":[{"embeddable":true,"href":"https:\/\/noticiarioregional.com.br\/index.php?rest_route=\/wp\/v2\/users\/1"}],"replies":[{"embeddable":true,"href":"https:\/\/noticiarioregional.com.br\/index.php?rest_route=%2Fwp%2Fv2%2Fcomments&post=9178"}],"version-history":[{"count":1,"href":"https:\/\/noticiarioregional.com.br\/index.php?rest_route=\/wp\/v2\/posts\/9178\/revisions"}],"predecessor-version":[{"id":9181,"href":"https:\/\/noticiarioregional.com.br\/index.php?rest_route=\/wp\/v2\/posts\/9178\/revisions\/9181"}],"wp:featuredmedia":[{"embeddable":true,"href":"https:\/\/noticiarioregional.com.br\/index.php?rest_route=\/wp\/v2\/media\/9179"}],"wp:attachment":[{"href":"https:\/\/noticiarioregional.com.br\/index.php?rest_route=%2Fwp%2Fv2%2Fmedia&parent=9178"}],"wp:term":[{"taxonomy":"category","embeddable":true,"href":"https:\/\/noticiarioregional.com.br\/index.php?rest_route=%2Fwp%2Fv2%2Fcategories&post=9178"},{"taxonomy":"post_tag","embeddable":true,"href":"https:\/\/noticiarioregional.com.br\/index.php?rest_route=%2Fwp%2Fv2%2Ftags&post=9178"}],"curies":[{"name":"wp","href":"https:\/\/api.w.org\/{rel}","templated":true}]}}