{"id":9182,"date":"2026-04-27T08:42:55","date_gmt":"2026-04-27T11:42:55","guid":{"rendered":"https:\/\/noticiarioregional.com.br\/?p=9182"},"modified":"2026-04-27T08:42:56","modified_gmt":"2026-04-27T11:42:56","slug":"zoz-soethe-celebra-37-anos-de-historia","status":"publish","type":"post","link":"https:\/\/noticiarioregional.com.br\/?p=9182","title":{"rendered":"Zoz Soethe celebra 37 anos de hist\u00f3ria"},"content":{"rendered":"\n<p class=\"has-text-align-center has-large-font-size\"><strong><em>Trajet\u00f3ria \u00e9 marcada por inova\u00e7\u00e3o e crescimento<\/em> <em>no setor de produtos personalizados<\/em><\/strong><\/p>\n\n\n\n<p><strong>Ipor\u00e3 do Oeste \u2013<\/strong> No dia 1\u00ba de abril, a empresa Zoz Soethe Produtos Personalizados comemorou os seus 37 anos de hist\u00f3ria. A data foi celebrada com uma confraterniza\u00e7\u00e3o que reuniu colaboradores, dire\u00e7\u00e3o e os fundadores, em um encontro repleto de significado e reconhecimento pela hist\u00f3ria constru\u00edda ao longo de quase quatro d\u00e9cadas.<\/p>\n\n\n\n<p>Fundada em 1989 por Paula e Alvino Soethe, na garagem da pr\u00f3pria resid\u00eancia da fam\u00edlia em Ipor\u00e3 do Oeste, a empresa nasceu do sonho de empreender e construir um neg\u00f3cio pr\u00f3prio. Na \u00e9poca, o casal havia se estabelecido no munic\u00edpio em busca de novas oportunidades e iniciou suas atividades com a aquisi\u00e7\u00e3o de uma pequena ind\u00fastria de cal\u00e7ados.<\/p>\n\n\n\n<p>O come\u00e7o foi simples e desafiador. A empresa contava apenas com o trabalho dos fundadores e de um funcion\u00e1rio. Enquanto Alvino se dedicava \u00e0 \u00e1rea comercial, vendas e administra\u00e7\u00e3o, Paula liderava a produ\u00e7\u00e3o e as compras, destacando-se tamb\u00e9m pela habilidade na costura e no relacionamento com pessoas. Assim surgia a Zoz Soethe Ind\u00fastria de Cal\u00e7ados, conciliando a rotina empresarial com a vida familiar, em uma casa onde tamb\u00e9m cresciam os quatro filhos do casal.<\/p>\n\n\n\n<figure class=\"wp-block-image size-large\"><img fetchpriority=\"high\" decoding=\"async\" width=\"768\" height=\"1024\" src=\"http:\/\/noticiarioregional.com.br\/wp-content\/uploads\/2026\/04\/Filhas-Katia-Barbara-e-Miteli-com-os-pais-e-fundadores-da-empresa-Alvino-e-Paula-Soethe-768x1024.jpeg\" alt=\"\" class=\"wp-image-9184\" srcset=\"https:\/\/noticiarioregional.com.br\/wp-content\/uploads\/2026\/04\/Filhas-Katia-Barbara-e-Miteli-com-os-pais-e-fundadores-da-empresa-Alvino-e-Paula-Soethe-768x1024.jpeg 768w, https:\/\/noticiarioregional.com.br\/wp-content\/uploads\/2026\/04\/Filhas-Katia-Barbara-e-Miteli-com-os-pais-e-fundadores-da-empresa-Alvino-e-Paula-Soethe-225x300.jpeg 225w, https:\/\/noticiarioregional.com.br\/wp-content\/uploads\/2026\/04\/Filhas-Katia-Barbara-e-Miteli-com-os-pais-e-fundadores-da-empresa-Alvino-e-Paula-Soethe-1152x1536.jpeg 1152w, https:\/\/noticiarioregional.com.br\/wp-content\/uploads\/2026\/04\/Filhas-Katia-Barbara-e-Miteli-com-os-pais-e-fundadores-da-empresa-Alvino-e-Paula-Soethe-150x200.jpeg 150w, https:\/\/noticiarioregional.com.br\/wp-content\/uploads\/2026\/04\/Filhas-Katia-Barbara-e-Miteli-com-os-pais-e-fundadores-da-empresa-Alvino-e-Paula-Soethe-450x600.jpeg 450w, https:\/\/noticiarioregional.com.br\/wp-content\/uploads\/2026\/04\/Filhas-Katia-Barbara-e-Miteli-com-os-pais-e-fundadores-da-empresa-Alvino-e-Paula-Soethe-1200x1600.jpeg 1200w, https:\/\/noticiarioregional.com.br\/wp-content\/uploads\/2026\/04\/Filhas-Katia-Barbara-e-Miteli-com-os-pais-e-fundadores-da-empresa-Alvino-e-Paula-Soethe.jpeg 1536w\" sizes=\"(max-width: 768px) 100vw, 768px\" \/><figcaption class=\"wp-element-caption\">Filhas K\u00e1tia, B\u00e1rbara e Mit\u00e9li com os pais e fundadores da empresa, Alvino e Paula Soethe<\/figcaption><\/figure>\n\n\n\n<p>Com o passar dos anos, o neg\u00f3cio foi crescendo, novos colaboradores foram integrados \u00e0 equipe e a necessidade de amplia\u00e7\u00e3o da estrutura levou \u00e0 constru\u00e7\u00e3o do primeiro barrac\u00e3o ao lado da resid\u00eancia da fam\u00edlia, espa\u00e7o que se tornaria a sede da empresa pelos 35 anos seguintes.<\/p>\n\n\n\n<p>Durante muitos anos, a produ\u00e7\u00e3o de cal\u00e7ados foi a principal atividade da empresa. No entanto, em 2002, a crise no setor cal\u00e7adista exigiu uma reinven\u00e7\u00e3o. Foi nesse momento que Paula Soethe, com vis\u00e3o empreendedora e criatividade, iniciou o desenvolvimento de uma nova linha de produtos: malas e bolsas. Aproveitando os maquin\u00e1rios j\u00e1 existentes, a empresa passou a diversificar sua produ\u00e7\u00e3o, enquanto a equipe comercial levava as novidades ao mercado, que rapidamente respondeu de forma positiva.<\/p>\n\n\n\n<p>A nova linha cresceu e passou a incluir mochilas, pastas, estojos e sacolas, consolidando um novo nicho de atua\u00e7\u00e3o e levando, gradualmente, \u00e0 descontinua\u00e7\u00e3o da produ\u00e7\u00e3o de cal\u00e7ados. Essa mudan\u00e7a marcou o in\u00edcio de uma nova fase de expans\u00e3o, com investimentos em m\u00e1quinas, processos, capacita\u00e7\u00e3o de equipe e amplia\u00e7\u00e3o do portf\u00f3lio, que passou a atender \u00e1reas como sa\u00fade, educa\u00e7\u00e3o, brindes promocionais e produtos sustent\u00e1veis. Com a evolu\u00e7\u00e3o das plataformas digitais e dos meios de comunica\u00e7\u00e3o, a empresa tamb\u00e9m ampliou sua atua\u00e7\u00e3o geogr\u00e1fica, passando a atender clientes em todo o Brasil.<\/p>\n\n\n\n<p>A hist\u00f3ria da Zoz Soethe tamb\u00e9m \u00e9 marcada pela participa\u00e7\u00e3o da fam\u00edlia. Desde a inf\u00e2ncia, os filhos dos fundadores acompanharam o crescimento da empresa. Em 2013, ap\u00f3s anos de dedica\u00e7\u00e3o, Paula e Alvino decidiram transferir o comando do neg\u00f3cio para os filhos. K\u00e1tia, Jason e Mit\u00e9li assumiram a dire\u00e7\u00e3o por um per\u00edodo de cinco anos, focando na organiza\u00e7\u00e3o e reestrutura\u00e7\u00e3o da empresa. Em 2018, Jason optou por seguir outros empreendimentos e deixou a sociedade. Foi ent\u00e3o que B\u00e1rbara passou a integrar o quadro societ\u00e1rio. Desde ent\u00e3o, a empresa \u00e9 dirigida pelas irm\u00e3s K\u00e1tia, B\u00e1rbara e Mit\u00e9li, que atuam de forma complementar: K\u00e1tia na \u00e1rea financeira e de recursos humanos, B\u00e1rbara na \u00e1rea comercial e de compras, e Mit\u00e9li na produ\u00e7\u00e3o e desenvolvimento.<\/p>\n\n\n\n<p>Sob a lideran\u00e7a das tr\u00eas diretoras, a empresa passou por um novo direcionamento estrat\u00e9gico, deixando de ter foco exclusivo em bolsas e mochilas para se tornar uma ind\u00fastria especializada em produtos personalizados, incluindo tamb\u00e9m itens de revenda em seu portf\u00f3lio.<\/p>\n\n\n\n<p>Outro marco importante foi a inaugura\u00e7\u00e3o da nova sede da empresa, em 1\u00ba de abril de 2025. O novo espa\u00e7o, localizado na \u00e1rea industrial Tr\u00eas Pinheiros na Linha Cabeceira do Taquarussu, foi planejado para acompanhar o crescimento da organiza\u00e7\u00e3o e proporcionar uma estrutura moderna e adequada \u00e0s necessidades atuais da produ\u00e7\u00e3o e gest\u00e3o. Um ano ap\u00f3s a mudan\u00e7a, os resultados j\u00e1 demonstram a import\u00e2ncia estrat\u00e9gica desse investimento, refletindo em crescimento, melhorias internas e maior organiza\u00e7\u00e3o operacional.<\/p>\n\n\n\n<figure class=\"wp-block-image size-large\"><img decoding=\"async\" width=\"1024\" height=\"576\" src=\"http:\/\/noticiarioregional.com.br\/wp-content\/uploads\/2026\/04\/Aniversario-foi-celebrado-com-uma-confraternizacao-que-reuniu-colaboradores-direcao-e-os-fundadores-1024x576.jpeg\" alt=\"\" class=\"wp-image-9183\" srcset=\"https:\/\/noticiarioregional.com.br\/wp-content\/uploads\/2026\/04\/Aniversario-foi-celebrado-com-uma-confraternizacao-que-reuniu-colaboradores-direcao-e-os-fundadores-1024x576.jpeg 1024w, https:\/\/noticiarioregional.com.br\/wp-content\/uploads\/2026\/04\/Aniversario-foi-celebrado-com-uma-confraternizacao-que-reuniu-colaboradores-direcao-e-os-fundadores-300x169.jpeg 300w, https:\/\/noticiarioregional.com.br\/wp-content\/uploads\/2026\/04\/Aniversario-foi-celebrado-com-uma-confraternizacao-que-reuniu-colaboradores-direcao-e-os-fundadores-768x432.jpeg 768w, https:\/\/noticiarioregional.com.br\/wp-content\/uploads\/2026\/04\/Aniversario-foi-celebrado-com-uma-confraternizacao-que-reuniu-colaboradores-direcao-e-os-fundadores-1536x864.jpeg 1536w, https:\/\/noticiarioregional.com.br\/wp-content\/uploads\/2026\/04\/Aniversario-foi-celebrado-com-uma-confraternizacao-que-reuniu-colaboradores-direcao-e-os-fundadores-2048x1152.jpeg 2048w, https:\/\/noticiarioregional.com.br\/wp-content\/uploads\/2026\/04\/Aniversario-foi-celebrado-com-uma-confraternizacao-que-reuniu-colaboradores-direcao-e-os-fundadores-150x84.jpeg 150w, https:\/\/noticiarioregional.com.br\/wp-content\/uploads\/2026\/04\/Aniversario-foi-celebrado-com-uma-confraternizacao-que-reuniu-colaboradores-direcao-e-os-fundadores-450x253.jpeg 450w, https:\/\/noticiarioregional.com.br\/wp-content\/uploads\/2026\/04\/Aniversario-foi-celebrado-com-uma-confraternizacao-que-reuniu-colaboradores-direcao-e-os-fundadores-1200x675.jpeg 1200w\" sizes=\"(max-width: 1024px) 100vw, 1024px\" \/><figcaption class=\"wp-element-caption\">Anivers\u00e1rio foi celebrado com uma confraterniza\u00e7\u00e3o que reuniu colaboradores, dire\u00e7\u00e3o e os fundadores<\/figcaption><\/figure>\n\n\n\n<p>Atualmente, a Zoz Soethe se posiciona como uma ind\u00fastria especializada na cria\u00e7\u00e3o de produtos e brindes personalizados para o mercado corporativo em todo o pa\u00eds. A empresa desenvolve solu\u00e7\u00f5es voltadas para \u00e1reas como marketing, recursos humanos, eventos e setor comercial, com o objetivo de transformar ideias em produtos que fortalecem marcas, engajam equipes e encantam clientes.<\/p>\n","protected":false},"excerpt":{"rendered":"<p>Trajet\u00f3ria \u00e9 marcada por inova\u00e7\u00e3o e crescimento no setor de produtos personalizados Ipor\u00e3 do Oeste \u2013 No dia 1\u00ba de abril, a empresa Zoz Soethe Produtos Personalizados comemorou os seus 37 anos de hist\u00f3ria. A data foi celebrada com uma confraterniza\u00e7\u00e3o que reuniu colaboradores, dire\u00e7\u00e3o e os fundadores, em um encontro repleto de significado e<\/p>\n","protected":false},"author":1,"featured_media":9185,"comment_status":"open","ping_status":"open","sticky":false,"template":"","format":"standard","meta":{"footnotes":""},"categories":[41],"tags":[],"class_list":{"0":"post-9182","1":"post","2":"type-post","3":"status-publish","4":"format-standard","5":"has-post-thumbnail","7":"category-noticias"},"_links":{"self":[{"href":"https:\/\/noticiarioregional.com.br\/index.php?rest_route=\/wp\/v2\/posts\/9182","targetHints":{"allow":["GET"]}}],"collection":[{"href":"https:\/\/noticiarioregional.com.br\/index.php?rest_route=\/wp\/v2\/posts"}],"about":[{"href":"https:\/\/noticiarioregional.com.br\/index.php?rest_route=\/wp\/v2\/types\/post"}],"author":[{"embeddable":true,"href":"https:\/\/noticiarioregional.com.br\/index.php?rest_route=\/wp\/v2\/users\/1"}],"replies":[{"embeddable":true,"href":"https:\/\/noticiarioregional.com.br\/index.php?rest_route=%2Fwp%2Fv2%2Fcomments&post=9182"}],"version-history":[{"count":1,"href":"https:\/\/noticiarioregional.com.br\/index.php?rest_route=\/wp\/v2\/posts\/9182\/revisions"}],"predecessor-version":[{"id":9186,"href":"https:\/\/noticiarioregional.com.br\/index.php?rest_route=\/wp\/v2\/posts\/9182\/revisions\/9186"}],"wp:featuredmedia":[{"embeddable":true,"href":"https:\/\/noticiarioregional.com.br\/index.php?rest_route=\/wp\/v2\/media\/9185"}],"wp:attachment":[{"href":"https:\/\/noticiarioregional.com.br\/index.php?rest_route=%2Fwp%2Fv2%2Fmedia&parent=9182"}],"wp:term":[{"taxonomy":"category","embeddable":true,"href":"https:\/\/noticiarioregional.com.br\/index.php?rest_route=%2Fwp%2Fv2%2Fcategories&post=9182"},{"taxonomy":"post_tag","embeddable":true,"href":"https:\/\/noticiarioregional.com.br\/index.php?rest_route=%2Fwp%2Fv2%2Ftags&post=9182"}],"curies":[{"name":"wp","href":"https:\/\/api.w.org\/{rel}","templated":true}]}}