{"id":9187,"date":"2026-04-27T08:46:17","date_gmt":"2026-04-27T11:46:17","guid":{"rendered":"https:\/\/noticiarioregional.com.br\/?p=9187"},"modified":"2026-04-27T08:46:18","modified_gmt":"2026-04-27T11:46:18","slug":"comeca-a-colheita-de-nozes-na-regiao","status":"publish","type":"post","link":"https:\/\/noticiarioregional.com.br\/?p=9187","title":{"rendered":"Come\u00e7a a colheita de Nozes na regi\u00e3o"},"content":{"rendered":"\n<p class=\"has-text-align-center has-large-font-size\"><em><strong>Produtor de Caibi estima colher 2.300kgs,\u00a0superando a safra anterior<\/strong><\/em><\/p>\n\n\n\n<p><strong>Caibi &#8211;<\/strong> A produ\u00e7\u00e3o de nozes deste ano est\u00e1 trazendo excelentes perspectivas para o agricultor Francisco Provensi, morador da Linha S\u00e3o Jos\u00e9. Com uma planta\u00e7\u00e3o consolidada ao longo de quase duas d\u00e9cadas, o produtor comemora uma safra que, segundo ele, deve superar as expectativas, tanto em volume quanto em qualidade.<\/p>\n\n\n\n<p>Francisco conta que as primeiras mudas foram plantadas h\u00e1 17 anos, e hoje o pomar soma 234 p\u00e9s de nozes, a maioria j\u00e1 em plena fase produtiva. Mesmo as \u00e1rvores menores, que em anos anteriores ainda n\u00e3o apresentavam produ\u00e7\u00e3o significativa, neste ciclo surpreenderam positivamente.<\/p>\n\n\n\n<p>A estimativa \u00e9 colher mais de 10 quilos por p\u00e9, \u00edndice considerado bastante expressivo para a cultura. Se a previs\u00e3o se confirmar, a safra deve representar um dos melhores resultados j\u00e1 registrados na propriedade. Com esse desempenho, a produ\u00e7\u00e3o total pode ultrapassar facilmente a marca de 2,3 toneladas de nozes.<\/p>\n\n\n\n<figure class=\"wp-block-image size-large\"><img fetchpriority=\"high\" decoding=\"async\" width=\"1024\" height=\"683\" src=\"http:\/\/noticiarioregional.com.br\/wp-content\/uploads\/2026\/04\/Safra-de-2026-deve-superar-a-do-ano-anterior-1024x683.jpg\" alt=\"\" class=\"wp-image-9189\" srcset=\"https:\/\/noticiarioregional.com.br\/wp-content\/uploads\/2026\/04\/Safra-de-2026-deve-superar-a-do-ano-anterior-1024x683.jpg 1024w, https:\/\/noticiarioregional.com.br\/wp-content\/uploads\/2026\/04\/Safra-de-2026-deve-superar-a-do-ano-anterior-300x200.jpg 300w, https:\/\/noticiarioregional.com.br\/wp-content\/uploads\/2026\/04\/Safra-de-2026-deve-superar-a-do-ano-anterior-768x512.jpg 768w, https:\/\/noticiarioregional.com.br\/wp-content\/uploads\/2026\/04\/Safra-de-2026-deve-superar-a-do-ano-anterior-1536x1024.jpg 1536w, https:\/\/noticiarioregional.com.br\/wp-content\/uploads\/2026\/04\/Safra-de-2026-deve-superar-a-do-ano-anterior-2048x1365.jpg 2048w, https:\/\/noticiarioregional.com.br\/wp-content\/uploads\/2026\/04\/Safra-de-2026-deve-superar-a-do-ano-anterior-150x100.jpg 150w, https:\/\/noticiarioregional.com.br\/wp-content\/uploads\/2026\/04\/Safra-de-2026-deve-superar-a-do-ano-anterior-450x300.jpg 450w, https:\/\/noticiarioregional.com.br\/wp-content\/uploads\/2026\/04\/Safra-de-2026-deve-superar-a-do-ano-anterior-1200x800.jpg 1200w\" sizes=\"(max-width: 1024px) 100vw, 1024px\" \/><figcaption class=\"wp-element-caption\">Safra de 2026 deve superar a do ano anterior<\/figcaption><\/figure>\n\n\n\n<p>Outro fator que demonstra o bom momento da safra \u00e9 a procura antecipada pelo produto. Francisco relata que, mesmo antes do in\u00edcio oficial da colheita, j\u00e1 recebeu contatos de interessados.<\/p>\n\n\n\n<p>Segundo Francisco, uma das variedades cultivadas na propriedade \u00e9 mais precoce e j\u00e1 est\u00e1 sendo colhida. De acordo com ele, outras s\u00e3o mais tardias, com diferen\u00e7a de aproximadamente 15 a 20 dias no ciclo de matura\u00e7\u00e3o.<\/p>\n\n\n\n<p>Al\u00e9m da quantidade, a qualidade interna da noz tamb\u00e9m tem se mostrado acima do esperado. O produtor realiza testes frequentes para avaliar o rendimento entre casca e am\u00eandoa, um indicador importante para a comercializa\u00e7\u00e3o.<\/p>\n\n\n\n<p>Em uma das \u00faltimas pesagens, Francisco verificou um rendimento bastante satisfat\u00f3rio. \u201c<em>Pesei dois quilos para fazer o teste. Essa variedade boa fica entre 40% e 48%. Se chegar a 48% ou 49%, \u00e9 muito bom<\/em>\u201d, explica. Esse percentual representa a propor\u00e7\u00e3o da parte aproveit\u00e1vel da noz ap\u00f3s a retirada da casca, um aspecto essencial para definir o valor do produto no mercado.<\/p>\n\n\n\n<p>Parte da produ\u00e7\u00e3o \u00e9 vendida com casca, enquanto outra parcela \u00e9 comercializada j\u00e1 descascada, agregando valor ao produto. Segundo o agricultor, a procura pela noz beneficiada \u00e9 constante, especialmente por clientes que utilizam o alimento na produ\u00e7\u00e3o de bolos e outras receitas.<\/p>\n\n\n\n<p>O trabalho de descasque, no entanto, exige dedica\u00e7\u00e3o extra, o que tamb\u00e9m reflete no pre\u00e7o final. A mecaniza\u00e7\u00e3o tem sido uma importante aliada no processo produtivo. O equipamento adquirido anteriormente para auxiliar na colheita, o sistema que realiza a vibra\u00e7\u00e3o do tronco para desprender os frutos, segue em uso e contribui para otimizar o trabalho no pomar. A tecnologia tem garantido mais agilidade e efici\u00eancia, especialmente diante do grande n\u00famero de \u00e1rvores.<\/p>\n\n\n\n<figure class=\"wp-block-image size-large\"><img decoding=\"async\" width=\"1024\" height=\"683\" src=\"http:\/\/noticiarioregional.com.br\/wp-content\/uploads\/2026\/04\/Sao-quase-duas-decadas-dedicadas-a-atividade-1024x683.jpg\" alt=\"\" class=\"wp-image-9190\" srcset=\"https:\/\/noticiarioregional.com.br\/wp-content\/uploads\/2026\/04\/Sao-quase-duas-decadas-dedicadas-a-atividade-1024x683.jpg 1024w, https:\/\/noticiarioregional.com.br\/wp-content\/uploads\/2026\/04\/Sao-quase-duas-decadas-dedicadas-a-atividade-300x200.jpg 300w, https:\/\/noticiarioregional.com.br\/wp-content\/uploads\/2026\/04\/Sao-quase-duas-decadas-dedicadas-a-atividade-768x512.jpg 768w, https:\/\/noticiarioregional.com.br\/wp-content\/uploads\/2026\/04\/Sao-quase-duas-decadas-dedicadas-a-atividade-1536x1024.jpg 1536w, https:\/\/noticiarioregional.com.br\/wp-content\/uploads\/2026\/04\/Sao-quase-duas-decadas-dedicadas-a-atividade-2048x1365.jpg 2048w, https:\/\/noticiarioregional.com.br\/wp-content\/uploads\/2026\/04\/Sao-quase-duas-decadas-dedicadas-a-atividade-150x100.jpg 150w, https:\/\/noticiarioregional.com.br\/wp-content\/uploads\/2026\/04\/Sao-quase-duas-decadas-dedicadas-a-atividade-450x300.jpg 450w, https:\/\/noticiarioregional.com.br\/wp-content\/uploads\/2026\/04\/Sao-quase-duas-decadas-dedicadas-a-atividade-1200x800.jpg 1200w\" sizes=\"(max-width: 1024px) 100vw, 1024px\" \/><figcaption class=\"wp-element-caption\">S\u00e3o quase duas d\u00e9cadas dedicadas \u00e0 atividade<\/figcaption><\/figure>\n\n\n\n<p>Mesmo sendo uma cultura considerada resistente, o cultivo das nozes tamb\u00e9m exige cuidados t\u00e9cnicos ao longo do ano. Francisco explica que algumas variedades podem ser mais suscet\u00edveis a problemas fitossanit\u00e1rios, exigindo monitoramento e tratamentos preventivos. Entre os manejos realizados est\u00e3o aplica\u00e7\u00f5es espec\u00edficas iniciadas ainda no per\u00edodo da florada, visando proteger a produ\u00e7\u00e3o e garantir o pleno desenvolvimento dos frutos.<\/p>\n\n\n\n<p>Ap\u00f3s a colheita, as \u00e1rvores entram no per\u00edodo de repouso vegetativo, perdendo as folhas durante cerca de dois a tr\u00eas meses, antes de retomarem o ciclo produtivo. Para Francisco, a boa safra deste ano representa n\u00e3o apenas um resultado positivo, mas tamb\u00e9m a recompensa por anos de persist\u00eancia no campo. O produtor relembra que j\u00e1 enfrentou perdas significativas em outras safras, especialmente em per\u00edodos marcados por intemp\u00e9ries clim\u00e1ticas, mas nunca pensou em desistir. \u201c<em>Na agricultura \u00e9 assim, um ano pode ser dif\u00edcil, mas tem que seguir em frente<\/em>\u201d, destaca.<\/p>\n","protected":false},"excerpt":{"rendered":"<p>Produtor de Caibi estima colher 2.300kgs,\u00a0superando a safra anterior Caibi &#8211; A produ\u00e7\u00e3o de nozes deste ano est\u00e1 trazendo excelentes perspectivas para o agricultor Francisco Provensi, morador da Linha S\u00e3o Jos\u00e9. Com uma planta\u00e7\u00e3o consolidada ao longo de quase duas d\u00e9cadas, o produtor comemora uma safra que, segundo ele, deve superar as expectativas, tanto em<\/p>\n","protected":false},"author":1,"featured_media":9188,"comment_status":"open","ping_status":"open","sticky":false,"template":"","format":"standard","meta":{"footnotes":""},"categories":[41],"tags":[],"class_list":{"0":"post-9187","1":"post","2":"type-post","3":"status-publish","4":"format-standard","5":"has-post-thumbnail","7":"category-noticias"},"_links":{"self":[{"href":"https:\/\/noticiarioregional.com.br\/index.php?rest_route=\/wp\/v2\/posts\/9187","targetHints":{"allow":["GET"]}}],"collection":[{"href":"https:\/\/noticiarioregional.com.br\/index.php?rest_route=\/wp\/v2\/posts"}],"about":[{"href":"https:\/\/noticiarioregional.com.br\/index.php?rest_route=\/wp\/v2\/types\/post"}],"author":[{"embeddable":true,"href":"https:\/\/noticiarioregional.com.br\/index.php?rest_route=\/wp\/v2\/users\/1"}],"replies":[{"embeddable":true,"href":"https:\/\/noticiarioregional.com.br\/index.php?rest_route=%2Fwp%2Fv2%2Fcomments&post=9187"}],"version-history":[{"count":1,"href":"https:\/\/noticiarioregional.com.br\/index.php?rest_route=\/wp\/v2\/posts\/9187\/revisions"}],"predecessor-version":[{"id":9191,"href":"https:\/\/noticiarioregional.com.br\/index.php?rest_route=\/wp\/v2\/posts\/9187\/revisions\/9191"}],"wp:featuredmedia":[{"embeddable":true,"href":"https:\/\/noticiarioregional.com.br\/index.php?rest_route=\/wp\/v2\/media\/9188"}],"wp:attachment":[{"href":"https:\/\/noticiarioregional.com.br\/index.php?rest_route=%2Fwp%2Fv2%2Fmedia&parent=9187"}],"wp:term":[{"taxonomy":"category","embeddable":true,"href":"https:\/\/noticiarioregional.com.br\/index.php?rest_route=%2Fwp%2Fv2%2Fcategories&post=9187"},{"taxonomy":"post_tag","embeddable":true,"href":"https:\/\/noticiarioregional.com.br\/index.php?rest_route=%2Fwp%2Fv2%2Ftags&post=9187"}],"curies":[{"name":"wp","href":"https:\/\/api.w.org\/{rel}","templated":true}]}}