{"id":9192,"date":"2026-04-27T08:51:17","date_gmt":"2026-04-27T11:51:17","guid":{"rendered":"https:\/\/noticiarioregional.com.br\/?p=9192"},"modified":"2026-04-27T08:51:18","modified_gmt":"2026-04-27T11:51:18","slug":"um-resgate-historico-dos-100-anos-da-vinda-de-pedro-e-ana-veit-para-a-regiao","status":"publish","type":"post","link":"https:\/\/noticiarioregional.com.br\/?p=9192","title":{"rendered":"Um resgate hist\u00f3rico dos 100 anos da vinda de Pedro e Ana Veit para a regi\u00e3o"},"content":{"rendered":"\n<p class=\"has-text-align-center has-large-font-size\"><strong>Centen\u00e1rio de Porto Novo<\/strong><\/p>\n\n\n\n<p><strong>S\u00e3o Jo\u00e3o do Oeste \u2013<\/strong> Em 2026 a regi\u00e3o de Porto Novo, composta pelos munic\u00edpios de Itapiranga, Tun\u00e1polis e S\u00e3o Jo\u00e3o do Oeste, comemora o centen\u00e1rio da sua coloniza\u00e7\u00e3o. S\u00e3o 100 anos da chegada das primeiras fam\u00edlias, que habitaram terras nestas tr\u00eas localidades, a ali iniciaram uma nova vida. Fam\u00edlias que vieram de outras cidades e estados, e enfrentaram muitos desafios para sobreviverem em uma \u00e9poca sem recursos, e em que tudo era mato.<\/p>\n\n\n\n<p>Uma destas fam\u00edlias pioneiras de Porto Novo, \u00e9 a de Pedro Veit e Ana Neis. O casal chegou \u00e0 regi\u00e3o em abril de 1926, completando neste ano, os 100 anos desde a sua vinda. Para contar esta hist\u00f3ria, e deix\u00e1-la registrada, o genro de Pedro e Ana, seu Egon Schneider, de 84 anos, morador de S\u00e3o Jo\u00e3o do Oeste, escreveu os fatos hist\u00f3ricos e os compartilhou com o jornal. Ele \u00e9 casado com a dona Herta Veit Schneider, hoje com 81 anos, que est\u00e1 entre os 11 filhos de Pedro e Ana.<\/p>\n\n\n\n<p>Segundo Egon, o interesse de registrar a hist\u00f3ria da fam\u00edlia de sua esposa se deu pelo fato da comemora\u00e7\u00e3o do centen\u00e1rio, e tamb\u00e9m para que estas informa\u00e7\u00f5es n\u00e3o se percam com o tempo. Seu Egon conta que todas as anota\u00e7\u00f5es que fez foram com base em relatos do pr\u00f3prio casal, quando ainda vivo. Por um per\u00edodo Egon e Herta foram os cuidadores do seu Pedro, momentos em que compartilharam muitas hist\u00f3rias da coloniza\u00e7\u00e3o.<\/p>\n\n\n\n<figure class=\"wp-block-image size-large\"><img fetchpriority=\"high\" decoding=\"async\" width=\"1024\" height=\"683\" src=\"http:\/\/noticiarioregional.com.br\/wp-content\/uploads\/2026\/04\/Egon-fez-todas-as-anotacoes-da-historia-em-um-caderno-escrito-a-mao-1024x683.jpg\" alt=\"\" class=\"wp-image-9195\" srcset=\"https:\/\/noticiarioregional.com.br\/wp-content\/uploads\/2026\/04\/Egon-fez-todas-as-anotacoes-da-historia-em-um-caderno-escrito-a-mao-1024x683.jpg 1024w, https:\/\/noticiarioregional.com.br\/wp-content\/uploads\/2026\/04\/Egon-fez-todas-as-anotacoes-da-historia-em-um-caderno-escrito-a-mao-300x200.jpg 300w, https:\/\/noticiarioregional.com.br\/wp-content\/uploads\/2026\/04\/Egon-fez-todas-as-anotacoes-da-historia-em-um-caderno-escrito-a-mao-768x512.jpg 768w, https:\/\/noticiarioregional.com.br\/wp-content\/uploads\/2026\/04\/Egon-fez-todas-as-anotacoes-da-historia-em-um-caderno-escrito-a-mao-1536x1024.jpg 1536w, https:\/\/noticiarioregional.com.br\/wp-content\/uploads\/2026\/04\/Egon-fez-todas-as-anotacoes-da-historia-em-um-caderno-escrito-a-mao-2048x1365.jpg 2048w, https:\/\/noticiarioregional.com.br\/wp-content\/uploads\/2026\/04\/Egon-fez-todas-as-anotacoes-da-historia-em-um-caderno-escrito-a-mao-150x100.jpg 150w, https:\/\/noticiarioregional.com.br\/wp-content\/uploads\/2026\/04\/Egon-fez-todas-as-anotacoes-da-historia-em-um-caderno-escrito-a-mao-450x300.jpg 450w, https:\/\/noticiarioregional.com.br\/wp-content\/uploads\/2026\/04\/Egon-fez-todas-as-anotacoes-da-historia-em-um-caderno-escrito-a-mao-1200x800.jpg 1200w\" sizes=\"(max-width: 1024px) 100vw, 1024px\" \/><figcaption class=\"wp-element-caption\">Egon fez todas as anota\u00e7\u00f5es da hist\u00f3ria em um caderno escrito \u00e0 m\u00e3o<\/figcaption><\/figure>\n\n\n\n<p>Neste resgate hist\u00f3rico que Egon realizou, consta que Pedro e Ana se casaram em julho de 1925 em Bom Princ\u00edpio, Rio Grande do Sul. No ano seguinte, decidiram pela mudan\u00e7a para Porto Novo, na comunidade de Chap\u00e9u, hoje territ\u00f3rio de Itapiranga. Quando chegaram em terras catarinenses, j\u00e1 havia algumas fam\u00edlias residindo na regi\u00e3o, de sobrenomes D\u00fcngersleber<ins>, Franzen, <\/ins>Alles e Neis. Pedro trabalhou para a colonizadora <em>Volksverein<\/em>, sendo o respons\u00e1vel por indicar as \u00e1reas de terra aos compradores, seguindo uma ordem num\u00e9rica que estava especificada em um mapa, e tamb\u00e9m auxiliava na abertura de estradas. Enquanto isso Ana cuidava da casa e dos filhos. A resid\u00eancia onde moravam foi inclusive constru\u00edda pela colonizadora, e junto com o casal residia o agrimensor, natural da Alemanha, profissional que fazia a medi\u00e7\u00e3o das terras. Em setembro de 1926 nasceu a primeira filha do casal, sendo inclusive a primeira crian\u00e7a a nascer em Porto Novo.<\/p>\n\n\n\n<figure class=\"wp-block-image size-large\"><img decoding=\"async\" width=\"1067\" height=\"800\" src=\"https:\/\/noticiarioregional.com.br\/wp-content\/uploads\/2026\/04\/Casa-construida-por-Pedro-e-Ana-em-Boa-Vista-Caicara-edited-rotated.jpg\" alt=\"\" class=\"wp-image-9198\" srcset=\"https:\/\/noticiarioregional.com.br\/wp-content\/uploads\/2026\/04\/Casa-construida-por-Pedro-e-Ana-em-Boa-Vista-Caicara-edited-rotated.jpg 1067w, https:\/\/noticiarioregional.com.br\/wp-content\/uploads\/2026\/04\/Casa-construida-por-Pedro-e-Ana-em-Boa-Vista-Caicara-edited-300x225.jpg 300w, https:\/\/noticiarioregional.com.br\/wp-content\/uploads\/2026\/04\/Casa-construida-por-Pedro-e-Ana-em-Boa-Vista-Caicara-edited-1024x768.jpg 1024w, https:\/\/noticiarioregional.com.br\/wp-content\/uploads\/2026\/04\/Casa-construida-por-Pedro-e-Ana-em-Boa-Vista-Caicara-edited-768x576.jpg 768w, https:\/\/noticiarioregional.com.br\/wp-content\/uploads\/2026\/04\/Casa-construida-por-Pedro-e-Ana-em-Boa-Vista-Caicara-edited-150x112.jpg 150w, https:\/\/noticiarioregional.com.br\/wp-content\/uploads\/2026\/04\/Casa-construida-por-Pedro-e-Ana-em-Boa-Vista-Caicara-edited-450x337.jpg 450w\" sizes=\"(max-width: 1067px) 100vw, 1067px\" \/><figcaption class=\"wp-element-caption\">Casa constru\u00edda por Pedro e Ana em Boa Vista, Cai\u00e7ara<\/figcaption><\/figure>\n\n\n\n<p>Anos depois o agrimensor retornou para a Alemanha, onde casou, mas ap\u00f3s certo per\u00edodo voltou ao Brasil junto com a esposa. Devido a grande quantidade de mosquitos na \u00e9poca, a esposa do alem\u00e3o n\u00e3o se adaptou a regi\u00e3o, e decidiram pelo retorno a Alemanha. Com isso, Pedro teve que procurar outro servi\u00e7o, e passou a se dedicar a agricultura. Ele a esposa moraram na barranca do Rio Uruguai em Chape\u00fa de 1926 at\u00e9 1952. Nesses 22 anos, nasceram os 11 filhos do casal. Quando decidiram pela mudan\u00e7a para a localidade de Boa Vista do Pardo, no outro lado do Rio Uruguai em Cai\u00e7ara, Rio Grande do Sul, quem comprou as terras em Chap\u00e9u foi o pai de Egon. Dessa forma, ele a esposa Herta j\u00e1 se conheceram na inf\u00e2ncia, e inclusive frequentaram juntos a escola.<\/p>\n\n\n\n<p>Em Cai\u00e7ara, Pedro e Ana moraram tamb\u00e9m por 22 anos, e chegaram a doar um hectare de terra para a comunidade. Quando os filhos j\u00e1 estavam grandes e com suas pr\u00f3prias fam\u00edlias formadas, decidiram se mudar para Missal, no Paran\u00e1, onde moravam alguns filhos. Depois que Ana faleceu, em 1982 aos 78 anos de idade, por um per\u00edodo Pedro ainda morou em Missal, e pelo fato de Egon e Herta terem maior disponibilidade de cuidar dele, acabou vindo residir com o genro e a filha em S\u00e3o Jo\u00e3o do Oeste. Pedro faleceu em 1988, aos 88 anos de vida. Um fato curioso \u00e9 que Pedro faleceu em 08\/08\/1988, e aos 88 anos.<\/p>\n\n\n\n<figure class=\"wp-block-image size-large\"><img decoding=\"async\" width=\"768\" height=\"1024\" src=\"http:\/\/noticiarioregional.com.br\/wp-content\/uploads\/2026\/04\/Pedro-e-Ana-casaram-em-1925-em-Bom-Principio-768x1024.jpg\" alt=\"\" class=\"wp-image-9197\" srcset=\"https:\/\/noticiarioregional.com.br\/wp-content\/uploads\/2026\/04\/Pedro-e-Ana-casaram-em-1925-em-Bom-Principio-768x1024.jpg 768w, https:\/\/noticiarioregional.com.br\/wp-content\/uploads\/2026\/04\/Pedro-e-Ana-casaram-em-1925-em-Bom-Principio-225x300.jpg 225w, https:\/\/noticiarioregional.com.br\/wp-content\/uploads\/2026\/04\/Pedro-e-Ana-casaram-em-1925-em-Bom-Principio-1152x1536.jpg 1152w, https:\/\/noticiarioregional.com.br\/wp-content\/uploads\/2026\/04\/Pedro-e-Ana-casaram-em-1925-em-Bom-Principio-150x200.jpg 150w, https:\/\/noticiarioregional.com.br\/wp-content\/uploads\/2026\/04\/Pedro-e-Ana-casaram-em-1925-em-Bom-Principio-450x600.jpg 450w, https:\/\/noticiarioregional.com.br\/wp-content\/uploads\/2026\/04\/Pedro-e-Ana-casaram-em-1925-em-Bom-Principio.jpg 1200w\" sizes=\"(max-width: 768px) 100vw, 768px\" \/><figcaption class=\"wp-element-caption\">Pedro e Ana casaram em 1925, em Bom Princ\u00edpio<\/figcaption><\/figure>\n\n\n\n<p>Egon fez todas as anota\u00e7\u00f5es da hist\u00f3ria da fam\u00edlia da esposa em um caderno, escrito a m\u00e3o. Tamb\u00e9m mandou fazer a restaura\u00e7\u00e3o de fotos antigas da fam\u00edlia, deixando os registros mais vis\u00edveis e n\u00edtidos para a identifica\u00e7\u00e3o. Entre os fatos que Pedro e Ana contavam, estava a dificuldade do trabalho bra\u00e7al, a conviv\u00eancia com animais silvestres que eram uma amea\u00e7a na \u00e9poca, como on\u00e7as, que invadiam as propriedades em busca de comida, al\u00e9m das fugas dos guerrilheiros que passavam na regi\u00e3o. Herta recorda que sua m\u00e3e Ana contava que para se proteger das on\u00e7as, faziam fogueiras a noite em frente \u00e0 casa. O fogo afugentava os animais, os quais geravam muito medo as fam\u00edlias com o receio que atacassem as crian\u00e7as que dormiam nos ber\u00e7os dentro de casa.<\/p>\n\n\n\n<figure class=\"wp-block-image size-large\"><img loading=\"lazy\" decoding=\"async\" width=\"1024\" height=\"768\" src=\"http:\/\/noticiarioregional.com.br\/wp-content\/uploads\/2026\/04\/Familia-reunida-na-comemoracao-dos-80-anos-do-Pedro.-Em-pe-Alcides-Herta-Celestino-Hilaria-Atalipio-Marta-Silvia-Saturnino-Noemia-e-sentados-Maria-a-mae-Ana-o-pai-Pedro-e-Terezinha-1024x768.jpg\" alt=\"\" class=\"wp-image-9196\" srcset=\"https:\/\/noticiarioregional.com.br\/wp-content\/uploads\/2026\/04\/Familia-reunida-na-comemoracao-dos-80-anos-do-Pedro.-Em-pe-Alcides-Herta-Celestino-Hilaria-Atalipio-Marta-Silvia-Saturnino-Noemia-e-sentados-Maria-a-mae-Ana-o-pai-Pedro-e-Terezinha-1024x768.jpg 1024w, https:\/\/noticiarioregional.com.br\/wp-content\/uploads\/2026\/04\/Familia-reunida-na-comemoracao-dos-80-anos-do-Pedro.-Em-pe-Alcides-Herta-Celestino-Hilaria-Atalipio-Marta-Silvia-Saturnino-Noemia-e-sentados-Maria-a-mae-Ana-o-pai-Pedro-e-Terezinha-300x225.jpg 300w, https:\/\/noticiarioregional.com.br\/wp-content\/uploads\/2026\/04\/Familia-reunida-na-comemoracao-dos-80-anos-do-Pedro.-Em-pe-Alcides-Herta-Celestino-Hilaria-Atalipio-Marta-Silvia-Saturnino-Noemia-e-sentados-Maria-a-mae-Ana-o-pai-Pedro-e-Terezinha-768x576.jpg 768w, https:\/\/noticiarioregional.com.br\/wp-content\/uploads\/2026\/04\/Familia-reunida-na-comemoracao-dos-80-anos-do-Pedro.-Em-pe-Alcides-Herta-Celestino-Hilaria-Atalipio-Marta-Silvia-Saturnino-Noemia-e-sentados-Maria-a-mae-Ana-o-pai-Pedro-e-Terezinha-1536x1152.jpg 1536w, https:\/\/noticiarioregional.com.br\/wp-content\/uploads\/2026\/04\/Familia-reunida-na-comemoracao-dos-80-anos-do-Pedro.-Em-pe-Alcides-Herta-Celestino-Hilaria-Atalipio-Marta-Silvia-Saturnino-Noemia-e-sentados-Maria-a-mae-Ana-o-pai-Pedro-e-Terezinha-150x113.jpg 150w, https:\/\/noticiarioregional.com.br\/wp-content\/uploads\/2026\/04\/Familia-reunida-na-comemoracao-dos-80-anos-do-Pedro.-Em-pe-Alcides-Herta-Celestino-Hilaria-Atalipio-Marta-Silvia-Saturnino-Noemia-e-sentados-Maria-a-mae-Ana-o-pai-Pedro-e-Terezinha-450x338.jpg 450w, https:\/\/noticiarioregional.com.br\/wp-content\/uploads\/2026\/04\/Familia-reunida-na-comemoracao-dos-80-anos-do-Pedro.-Em-pe-Alcides-Herta-Celestino-Hilaria-Atalipio-Marta-Silvia-Saturnino-Noemia-e-sentados-Maria-a-mae-Ana-o-pai-Pedro-e-Terezinha-1200x900.jpg 1200w, https:\/\/noticiarioregional.com.br\/wp-content\/uploads\/2026\/04\/Familia-reunida-na-comemoracao-dos-80-anos-do-Pedro.-Em-pe-Alcides-Herta-Celestino-Hilaria-Atalipio-Marta-Silvia-Saturnino-Noemia-e-sentados-Maria-a-mae-Ana-o-pai-Pedro-e-Terezinha.jpg 1600w\" sizes=\"(max-width: 1024px) 100vw, 1024px\" \/><figcaption class=\"wp-element-caption\">Fam\u00edlia reunida na comemora\u00e7\u00e3o dos 80 anos do Pedro. Em p\u00e9 Alcides, Herta, Celestino, Hilaria, Atal\u00edpio, Marta, Silvia, Saturnino, Noemia e sentados Maria, a m\u00e3e Ana, o pai Pedro e Terezinha<\/figcaption><\/figure>\n\n\n\n<p>Atualmente, dos 11 filhos de Pedro e Ana, cinco ainda s\u00e3o vivos. Ao longo dos anos a fam\u00edlia aumentou significativamente, e hoje j\u00e1 s\u00e3o 68 netos e 11 bisnetos.<\/p>\n","protected":false},"excerpt":{"rendered":"<p>Centen\u00e1rio de Porto Novo S\u00e3o Jo\u00e3o do Oeste \u2013 Em 2026 a regi\u00e3o de Porto Novo, composta pelos munic\u00edpios de Itapiranga, Tun\u00e1polis e S\u00e3o Jo\u00e3o do Oeste, comemora o centen\u00e1rio da sua coloniza\u00e7\u00e3o. S\u00e3o 100 anos da chegada das primeiras fam\u00edlias, que habitaram terras nestas tr\u00eas localidades, a ali iniciaram uma nova vida. Fam\u00edlias que<\/p>\n","protected":false},"author":1,"featured_media":9194,"comment_status":"open","ping_status":"open","sticky":false,"template":"","format":"standard","meta":{"footnotes":""},"categories":[48],"tags":[],"class_list":{"0":"post-9192","1":"post","2":"type-post","3":"status-publish","4":"format-standard","5":"has-post-thumbnail","7":"category-a-vida-como-ela-e"},"_links":{"self":[{"href":"https:\/\/noticiarioregional.com.br\/index.php?rest_route=\/wp\/v2\/posts\/9192","targetHints":{"allow":["GET"]}}],"collection":[{"href":"https:\/\/noticiarioregional.com.br\/index.php?rest_route=\/wp\/v2\/posts"}],"about":[{"href":"https:\/\/noticiarioregional.com.br\/index.php?rest_route=\/wp\/v2\/types\/post"}],"author":[{"embeddable":true,"href":"https:\/\/noticiarioregional.com.br\/index.php?rest_route=\/wp\/v2\/users\/1"}],"replies":[{"embeddable":true,"href":"https:\/\/noticiarioregional.com.br\/index.php?rest_route=%2Fwp%2Fv2%2Fcomments&post=9192"}],"version-history":[{"count":1,"href":"https:\/\/noticiarioregional.com.br\/index.php?rest_route=\/wp\/v2\/posts\/9192\/revisions"}],"predecessor-version":[{"id":9199,"href":"https:\/\/noticiarioregional.com.br\/index.php?rest_route=\/wp\/v2\/posts\/9192\/revisions\/9199"}],"wp:featuredmedia":[{"embeddable":true,"href":"https:\/\/noticiarioregional.com.br\/index.php?rest_route=\/wp\/v2\/media\/9194"}],"wp:attachment":[{"href":"https:\/\/noticiarioregional.com.br\/index.php?rest_route=%2Fwp%2Fv2%2Fmedia&parent=9192"}],"wp:term":[{"taxonomy":"category","embeddable":true,"href":"https:\/\/noticiarioregional.com.br\/index.php?rest_route=%2Fwp%2Fv2%2Fcategories&post=9192"},{"taxonomy":"post_tag","embeddable":true,"href":"https:\/\/noticiarioregional.com.br\/index.php?rest_route=%2Fwp%2Fv2%2Ftags&post=9192"}],"curies":[{"name":"wp","href":"https:\/\/api.w.org\/{rel}","templated":true}]}}