{"id":9200,"date":"2026-04-27T08:59:11","date_gmt":"2026-04-27T11:59:11","guid":{"rendered":"https:\/\/noticiarioregional.com.br\/?p=9200"},"modified":"2026-04-27T08:59:12","modified_gmt":"2026-04-27T11:59:12","slug":"iporaoestina-que-mora-nos-eua-relata-trajetoria-da-realizacao-de-um-sonho","status":"publish","type":"post","link":"https:\/\/noticiarioregional.com.br\/?p=9200","title":{"rendered":"Ipor\u00e3oestina que mora nos EUA relata trajet\u00f3ria da realiza\u00e7\u00e3o de um sonho"},"content":{"rendered":"\n<p class=\"has-text-align-center has-large-font-size\"><strong>Em busca de um sonho no exterior<\/strong><\/p>\n\n\n\n<p><strong>Ipor\u00e3 do Oeste<\/strong> \u2013 Natural da comunidade de Letras, onde ainda hoje residem os pais Vunibaldo e Eli Terezinha, Deisi Kist saiu de casa muito nova. Aos 16 anos de idade foi em busca de estudo e oportunidades de trabalho, e a partir das experi\u00eancias que adquiriu, despertou nela o desejo, e a necessidade, de aprender a falar ingl\u00eas, o que al\u00e9m de melhorar a sua comunica\u00e7\u00e3o, lhe abriria portas para um mundo cheio de novas possibilidades.<\/p>\n\n\n\n<p>Deisi recorda que sempre gostou da rotina no campo, ajudar os pais nos afazeres da lavoura e da propriedade, era algo que lhe deixava feliz. Desde a inf\u00e2ncia, tamb\u00e9m gostava de frequentar a escola, onde foi l\u00edder de turma, integrante do Conselho Deliberativo, e participava dos joguinhos escolares, principalmente nas modalidades de futsal e handebol.<\/p>\n\n\n\n<figure class=\"wp-block-image size-large\"><img fetchpriority=\"high\" decoding=\"async\" width=\"687\" height=\"1024\" src=\"http:\/\/noticiarioregional.com.br\/wp-content\/uploads\/2026\/04\/Deisi-com-o-marido-e-os-tres-filhos-687x1024.jpg\" alt=\"\" class=\"wp-image-9204\" srcset=\"https:\/\/noticiarioregional.com.br\/wp-content\/uploads\/2026\/04\/Deisi-com-o-marido-e-os-tres-filhos-687x1024.jpg 687w, https:\/\/noticiarioregional.com.br\/wp-content\/uploads\/2026\/04\/Deisi-com-o-marido-e-os-tres-filhos-201x300.jpg 201w, https:\/\/noticiarioregional.com.br\/wp-content\/uploads\/2026\/04\/Deisi-com-o-marido-e-os-tres-filhos-150x223.jpg 150w, https:\/\/noticiarioregional.com.br\/wp-content\/uploads\/2026\/04\/Deisi-com-o-marido-e-os-tres-filhos-450x670.jpg 450w, https:\/\/noticiarioregional.com.br\/wp-content\/uploads\/2026\/04\/Deisi-com-o-marido-e-os-tres-filhos.jpg 739w\" sizes=\"(max-width: 687px) 100vw, 687px\" \/><figcaption class=\"wp-element-caption\">Deisi com o marido e os tr\u00eas filhos<\/figcaption><\/figure>\n\n\n\n<p>A primeira experi\u00eancia profissional, aos 16 anos, foi o est\u00e1gio de meio per\u00edodo na ag\u00eancia de cr\u00e9dito Extracredi de Ipor\u00e3 do Oeste, empresa em que anos depois trabalhou novamente. Com o valor que recebia por m\u00eas, mesmo n\u00e3o sendo muito, Deisi aprendeu a import\u00e2ncia da independ\u00eancia financeira. Em 2004, teve a oportunidade de fazer est\u00e1gio de um ano na Alemanha, o que foi intermediado pela irm\u00e3 que residia l\u00e1. Na Alemanha, sua fun\u00e7\u00e3o era cuidar de um menino de um ano de idade. Recorda que ao ver a crian\u00e7a tendo aulas de ingl\u00eas, mesmo com pouca idade, despertou nela o desejo de aprender o novo idioma, pois n\u00e3o saber se comunicar como os demais, era uma frustra\u00e7\u00e3o enorme.<\/p>\n\n\n\n<p>A partir disso, Deisi decidiu que para realizar esse sonho, iria se organizar financeiramente para fazer uma imers\u00e3o e residir por um per\u00edodo em um pa\u00eds que lhe possibilitasse a oportunidade de conviver com pessoas e em uma rotina que lhe facilitasse o aprendizado. No seu retorno de um ano na Alemanha, iniciou a faculdade de Administra\u00e7\u00e3o na FAI Faculdades, atual UCEFF de Itapiranga, cidade em que morou e trabalhou por um ano.<\/p>\n\n\n\n<p>Deisi foi convidada para trabalhar na Extracredi de S\u00e3o Louren\u00e7o do Oeste, a mesma empresa onde anos antes havia feito est\u00e1gio. L\u00e1 atuou por cinco anos como gerente da ag\u00eancia, at\u00e9 surgir a oportunidade para trabalhar no Banco Safra em Chapec\u00f3. Nesta institui\u00e7\u00e3o atuou por quatro anos, quando decidiu que era o momento de encaminhar o visto de turista e ir em busca do sonho de aprender ingl\u00eas nos Estados Unidos da Am\u00e9rica. Para realizar esse sonho, Deisi lembra que teve que deixar o relacionamento em que estava, a fam\u00edlia, seu emprego e bens materiais. Um incentivo que teve para a viagem foi a mesma irm\u00e3 que a convidou para o est\u00e1gio na Alemanha, e que depois foi para os EUA estudar.<\/p>\n\n\n\n<p>Com o visto de turista, aos 28 anos de idade, Deisi planejava ficar de seis meses a um ano nos Estados Unidos. O curso de ingl\u00eas era intensivo, durante o dia inteiro, e ainda se dedicava ao estudo em casa. Al\u00e9m da organiza\u00e7\u00e3o financeira para a viagem, por todos esses anos Deisi tamb\u00e9m se preparou psicologicamente para a mudan\u00e7a. Nesse per\u00edodo de um ano que ficou no exterior, acabou conhecendo seu atual marido, se casou, e voltou para o Brasil um ano depois para visitar a fam\u00edlia, mas retornou aos EUA, onde mora h\u00e1 13 anos, na cidade de Stroudsburg, estado da Pensilv\u00e2nia. Tamb\u00e9m voltou a atuar nas institui\u00e7\u00f5es banc\u00e1rias dos Estados Unidos. <em>\u201cSempre gostei de trabalhar, ent\u00e3o quando decidi morar no exterior, eu busquei voltar a atuar na minha \u00e1rea de trabalho, incialmente atuando em bancos americanos e mais recentemente voltei para o Banco Safra, em Nova York\u201d.<\/em>&nbsp; H\u00e1 dois anos Deisi est\u00e1 afastada do trabalho para se dedicar a maternidade dos tr\u00eas filhos.<\/p>\n\n\n\n<figure class=\"wp-block-image size-full\"><img decoding=\"async\" width=\"768\" height=\"1024\" src=\"https:\/\/noticiarioregional.com.br\/wp-content\/uploads\/2026\/04\/Vunibaldo-1.jpg\" alt=\"\" class=\"wp-image-9206\" srcset=\"https:\/\/noticiarioregional.com.br\/wp-content\/uploads\/2026\/04\/Vunibaldo-1.jpg 768w, https:\/\/noticiarioregional.com.br\/wp-content\/uploads\/2026\/04\/Vunibaldo-1-225x300.jpg 225w, https:\/\/noticiarioregional.com.br\/wp-content\/uploads\/2026\/04\/Vunibaldo-1-150x200.jpg 150w, https:\/\/noticiarioregional.com.br\/wp-content\/uploads\/2026\/04\/Vunibaldo-1-450x600.jpg 450w\" sizes=\"(max-width: 768px) 100vw, 768px\" \/><\/figure>\n\n\n\n<p>O trabalho possibilitou a Deisi aperfei\u00e7oar ainda mais o ingl\u00eas, al\u00e9m da conviv\u00eancia com o marido e amigos americanos. Gra\u00e7as a estabilidade financeira que ela e o marido conquistaram, Deisi consegue permanecer mais tempo com os filhos e junto aos seus pais no Brasil, por pelo menos dois per\u00edodos do ano, para oportunizar as crian\u00e7as o conv\u00edvio com o campo, o conhecimento de onde vem os alimentos, e a simplicidade e a felicidade que essa viv\u00eancia oferece. <em>\u201cPor mais longe que a gente v\u00e1, e ache que a felicidade est\u00e1 em outro lugar, para mim a felicidade est\u00e1 em trabalhar com aquilo que te faz feliz, ter independ\u00eancia financeira, conviver com pessoas do bem, de energias positivas, de voltar \u00e0s minhas ra\u00edzes. Eu me sinto bem com as oportunidades que o ingl\u00eas me proporcionou, por\u00e9m sempre que posso volto as minhas ra\u00edzes para colocar os p\u00e9s onde cresci, estar com meus pais e irm\u00e3os que s\u00e3o a minha base. Admiro muito eles, s\u00e3o minha inspira\u00e7\u00e3o e estar em contato com eles, me faz lembrar onde tudo come\u00e7ou. Isso me faz bem e me deixa com as energias renovadas. Quero que meus filhos tamb\u00e9m tenham essa conviv\u00eancia\u201d.<\/em><\/p>\n\n\n\n<figure class=\"wp-block-image size-full\"><img decoding=\"async\" width=\"768\" height=\"1024\" src=\"http:\/\/noticiarioregional.com.br\/wp-content\/uploads\/2026\/04\/Elis.jpg\" alt=\"\" class=\"wp-image-9202\" srcset=\"https:\/\/noticiarioregional.com.br\/wp-content\/uploads\/2026\/04\/Elis.jpg 768w, https:\/\/noticiarioregional.com.br\/wp-content\/uploads\/2026\/04\/Elis-225x300.jpg 225w, https:\/\/noticiarioregional.com.br\/wp-content\/uploads\/2026\/04\/Elis-150x200.jpg 150w, https:\/\/noticiarioregional.com.br\/wp-content\/uploads\/2026\/04\/Elis-450x600.jpg 450w\" sizes=\"(max-width: 768px) 100vw, 768px\" \/><\/figure>\n\n\n\n<p>Para quem tem, assim como ela j\u00e1 teve, o sonho de ter uma experi\u00eancia no exterior e aprender o ingl\u00eas, Deisi orienta que todos os encaminhamentos do visto ou passaporte e das documenta\u00e7\u00f5es necess\u00e1rias sejam feitos da forma correta para evitar problemas, e com profissionais confi\u00e1veis. Al\u00e9m disso, se organizar financeiramente j\u00e1 desde o primeiro emprego para garantir que essa experi\u00eancia aconte\u00e7a da melhor forma poss\u00edvel. E para isso, reduzir despesas desnecess\u00e1rias, como roupas da moda, priorizando investir no que realmente \u00e9 o seu sonho. Diferente do que foi na sua \u00e9poca, Deisi comenta que hoje em dia os jovens t\u00eam \u00e0 disposi\u00e7\u00e3o todas as facilidades da internet e das redes sociais, que possibilitam a conex\u00e3o com pessoas de outros pa\u00edses e at\u00e9 o aperfei\u00e7oamento de idiomas.<\/p>\n\n\n\n<p><em>\u201cTenho consci\u00eancia de que foi uma grande aventura ir em buscar deste sonho, n\u00e3o \u00e9 f\u00e1cil ficar longe da fam\u00edlia, ter que se adaptar \u00e0 nova cultura, clima, comida, trabalho, por\u00e9m quando se tem coragem e determina\u00e7\u00e3o tudo \u00e9 poss\u00edvel. Estou feliz que consegui conciliar minha profiss\u00e3o, conheci uma pessoa bacana em que nossos sonhos e objetivos se alinharam. Sempre mantive os p\u00e9s no ch\u00e3o, sabendo de onde vim, das minhas origens. Aprendi de casa a dar valor ao trabalho; algo que sempre gostei e que eu espero passar aos filhos\u201d, <\/em>acrescenta Deisi.<\/p>\n","protected":false},"excerpt":{"rendered":"<p>Em busca de um sonho no exterior Ipor\u00e3 do Oeste \u2013 Natural da comunidade de Letras, onde ainda hoje residem os pais Vunibaldo e Eli Terezinha, Deisi Kist saiu de casa muito nova. Aos 16 anos de idade foi em busca de estudo e oportunidades de trabalho, e a partir das experi\u00eancias que adquiriu, despertou<\/p>\n","protected":false},"author":1,"featured_media":9203,"comment_status":"open","ping_status":"open","sticky":false,"template":"","format":"standard","meta":{"footnotes":""},"categories":[41],"tags":[],"class_list":{"0":"post-9200","1":"post","2":"type-post","3":"status-publish","4":"format-standard","5":"has-post-thumbnail","7":"category-noticias"},"_links":{"self":[{"href":"https:\/\/noticiarioregional.com.br\/index.php?rest_route=\/wp\/v2\/posts\/9200","targetHints":{"allow":["GET"]}}],"collection":[{"href":"https:\/\/noticiarioregional.com.br\/index.php?rest_route=\/wp\/v2\/posts"}],"about":[{"href":"https:\/\/noticiarioregional.com.br\/index.php?rest_route=\/wp\/v2\/types\/post"}],"author":[{"embeddable":true,"href":"https:\/\/noticiarioregional.com.br\/index.php?rest_route=\/wp\/v2\/users\/1"}],"replies":[{"embeddable":true,"href":"https:\/\/noticiarioregional.com.br\/index.php?rest_route=%2Fwp%2Fv2%2Fcomments&post=9200"}],"version-history":[{"count":1,"href":"https:\/\/noticiarioregional.com.br\/index.php?rest_route=\/wp\/v2\/posts\/9200\/revisions"}],"predecessor-version":[{"id":9207,"href":"https:\/\/noticiarioregional.com.br\/index.php?rest_route=\/wp\/v2\/posts\/9200\/revisions\/9207"}],"wp:featuredmedia":[{"embeddable":true,"href":"https:\/\/noticiarioregional.com.br\/index.php?rest_route=\/wp\/v2\/media\/9203"}],"wp:attachment":[{"href":"https:\/\/noticiarioregional.com.br\/index.php?rest_route=%2Fwp%2Fv2%2Fmedia&parent=9200"}],"wp:term":[{"taxonomy":"category","embeddable":true,"href":"https:\/\/noticiarioregional.com.br\/index.php?rest_route=%2Fwp%2Fv2%2Fcategories&post=9200"},{"taxonomy":"post_tag","embeddable":true,"href":"https:\/\/noticiarioregional.com.br\/index.php?rest_route=%2Fwp%2Fv2%2Ftags&post=9200"}],"curies":[{"name":"wp","href":"https:\/\/api.w.org\/{rel}","templated":true}]}}