{"id":9323,"date":"2026-05-27T07:08:00","date_gmt":"2026-05-27T10:08:00","guid":{"rendered":"https:\/\/noticiarioregional.com.br\/?p=9323"},"modified":"2026-05-26T15:11:19","modified_gmt":"2026-05-26T18:11:19","slug":"4a-cavalgada-da-demarcacao-de-ipora-do-oeste","status":"publish","type":"post","link":"https:\/\/noticiarioregional.com.br\/?p=9323","title":{"rendered":"4\u00aa Cavalgada da Demarca\u00e7\u00e3o de Ipor\u00e3 do Oeste"},"content":{"rendered":"\n<p class=\"wp-block-paragraph\"><strong>Evento ser\u00e1 realizado de 27 de maio a 1\u00ba de junho percorrendo seis munic\u00edpios da regi\u00e3o<\/strong><\/p>\n\n\n\n<p class=\"wp-block-paragraph\">Fazendo parte da programa\u00e7\u00e3o dos 37 anos de emancipa\u00e7\u00e3o pol\u00edtico administrativa de Ipor\u00e3 do Oeste, ser\u00e1 realizada entre os dias 27 de maio a 1\u00ba de junho a 4\u00aa Cavalgada da Demarca\u00e7\u00e3o. O patr\u00e3o do Clube do Cavalo, Ivandro Hermes, destaca que a cavalgada percorre os munic\u00edpios de Descanso, Tun\u00e1polis, Santa Helena, Monda\u00ed, S\u00e3o Jo\u00e3o do Oeste e Ipor\u00e3 do Oeste. Ao longo do percurso, pessoas das diferentes localidades aderem a cavalgada.<\/p>\n\n\n\n<p class=\"wp-block-paragraph\">A programa\u00e7\u00e3o inicia nesta quarta-feira, dia 27 de maio, quarta-feira, com a recep\u00e7\u00e3o dos participantes na sede do Clube do Cavalo Alma Campeira, proporcionando um momento de acolhida e confraterniza\u00e7\u00e3o entre os cavalarianos.<\/p>\n\n\n\n<p class=\"wp-block-paragraph\">No dia 28 de maio, quinta-feira, a sa\u00edda ser\u00e1 \u00e0s 7h30 da sede do clube, passando pelo CTG de Tun\u00e1polis, com almo\u00e7o no Clube do Cavalo de Santa Helena. \u00c0 tarde, a cavalgada segue em dire\u00e7\u00e3o ao CTG de Descanso, onde ser\u00e1 a janta e o pernoite.<\/p>\n\n\n\n<p class=\"wp-block-paragraph\">Na sexta-feira, 29 de maio, os participantes seguem de Descanso em dire\u00e7\u00e3o \u00e0 Linha Barra do Erval, com parada para almo\u00e7o. Durante a tarde, o trajeto continua at\u00e9 a Linha Vor\u00e1, encerrando o dia com jantar e pernoite.<\/p>\n\n\n\n<p class=\"wp-block-paragraph\">J\u00e1 no s\u00e1bado, 30 de maio, o percurso passa pelas comunidades de Linha Vit\u00f3ria, Lambari, Pav\u00e3o e Preferido Baixo, com almo\u00e7o no clube da Linha S\u00e3o Crist\u00f3v\u00e3o, interior de Monda\u00ed. \u00c0 tarde, a cavalgada segue at\u00e9 o CTG de Monda\u00ed para jantar e descanso dos participantes.<\/p>\n\n\n\n<p class=\"wp-block-paragraph\">No domingo, 31 de maio, a programa\u00e7\u00e3o inicia em Monda\u00ed, passando pelo Bairro Capivara at\u00e9 a Linha Taipa Baixa, onde ser\u00e1 servido o almo\u00e7o. No per\u00edodo da tarde, os cavalarianos seguem at\u00e9 o Clube do Cavalo Otto Veit de S\u00e3o Jo\u00e3o do Oeste para jantar e pernoite.<\/p>\n\n\n\n<p class=\"wp-block-paragraph\">O encerramento ser\u00e1 na segunda-feira, 1\u00ba de junho, com sa\u00edda \u00e0s 7h30 de S\u00e3o Jo\u00e3o do Oeste, passando pelas comunidades de Cristo Rei e Jacutinga at\u00e9 chegar ao CTG de Ipor\u00e3 do Oeste, onde ser\u00e1 realizado o almo\u00e7o de confraterniza\u00e7\u00e3o e encerramento oficial da cavalgada. O almo\u00e7o ser\u00e1 a base de churrasco, com carne de gado, su\u00edno e frango, al\u00e9m de costel\u00e3o e acompanhamentos. As fichas j\u00e1 est\u00e3o \u00e0 venda, ao valor de R$ 50,00 adulto, na Metal\u00fargica Quer\u00eancia, no Eurofrig, na Agropecu\u00e1ria Nutriceres, na Hermes Material de Constru\u00e7\u00e3o e com os integrantes do Clube do Cavalo.<\/p>\n\n\n\n<p class=\"wp-block-paragraph\">Al\u00e9m do roteiro principal, o patr\u00e3o Ivandro Hermes lembra que a organiza\u00e7\u00e3o disponibilizar\u00e1 carro de apoio para transporte de colch\u00f5es, bagagens e alimenta\u00e7\u00e3o dos cavalos, al\u00e9m de acompanhamento veterin\u00e1rio durante todo o percurso, garantindo seguran\u00e7a e bem-estar aos animais e participantes. Cada participante \u00e9 respons\u00e1vel por providenciar o GTA, a vacina\u00e7\u00e3o e os exames dos animais. <em>\u201cTraga sua fam\u00edlia, re\u00fana os amigos e venha viver momentos inesquec\u00edveis nessa grande celebra\u00e7\u00e3o da tradi\u00e7\u00e3o campeira!\u201d,<\/em> convida o patr\u00e3o.<\/p>\n","protected":false},"excerpt":{"rendered":"<p>Evento ser\u00e1 realizado de 27 de maio a 1\u00ba de junho percorrendo seis munic\u00edpios da regi\u00e3o Fazendo parte da programa\u00e7\u00e3o dos 37 anos de emancipa\u00e7\u00e3o pol\u00edtico administrativa de Ipor\u00e3 do Oeste, ser\u00e1 realizada entre os dias 27 de maio a 1\u00ba de junho a 4\u00aa Cavalgada da Demarca\u00e7\u00e3o. O patr\u00e3o do Clube do Cavalo, Ivandro<\/p>\n","protected":false},"author":1,"featured_media":9324,"comment_status":"open","ping_status":"open","sticky":false,"template":"","format":"standard","meta":{"footnotes":""},"categories":[41],"tags":[],"class_list":["post-9323","post","type-post","status-publish","format-standard","has-post-thumbnail","category-noticias"],"_links":{"self":[{"href":"https:\/\/noticiarioregional.com.br\/index.php?rest_route=\/wp\/v2\/posts\/9323","targetHints":{"allow":["GET"]}}],"collection":[{"href":"https:\/\/noticiarioregional.com.br\/index.php?rest_route=\/wp\/v2\/posts"}],"about":[{"href":"https:\/\/noticiarioregional.com.br\/index.php?rest_route=\/wp\/v2\/types\/post"}],"author":[{"embeddable":true,"href":"https:\/\/noticiarioregional.com.br\/index.php?rest_route=\/wp\/v2\/users\/1"}],"replies":[{"embeddable":true,"href":"https:\/\/noticiarioregional.com.br\/index.php?rest_route=%2Fwp%2Fv2%2Fcomments&post=9323"}],"version-history":[{"count":1,"href":"https:\/\/noticiarioregional.com.br\/index.php?rest_route=\/wp\/v2\/posts\/9323\/revisions"}],"predecessor-version":[{"id":9325,"href":"https:\/\/noticiarioregional.com.br\/index.php?rest_route=\/wp\/v2\/posts\/9323\/revisions\/9325"}],"wp:featuredmedia":[{"embeddable":true,"href":"https:\/\/noticiarioregional.com.br\/index.php?rest_route=\/wp\/v2\/media\/9324"}],"wp:attachment":[{"href":"https:\/\/noticiarioregional.com.br\/index.php?rest_route=%2Fwp%2Fv2%2Fmedia&parent=9323"}],"wp:term":[{"taxonomy":"category","embeddable":true,"href":"https:\/\/noticiarioregional.com.br\/index.php?rest_route=%2Fwp%2Fv2%2Fcategories&post=9323"},{"taxonomy":"post_tag","embeddable":true,"href":"https:\/\/noticiarioregional.com.br\/index.php?rest_route=%2Fwp%2Fv2%2Ftags&post=9323"}],"curies":[{"name":"wp","href":"https:\/\/api.w.org\/{rel}","templated":true}]}}