{"id":9326,"date":"2026-05-28T15:14:00","date_gmt":"2026-05-28T18:14:00","guid":{"rendered":"https:\/\/noticiarioregional.com.br\/?p=9326"},"modified":"2026-05-26T15:15:22","modified_gmt":"2026-05-26T18:15:22","slug":"previsao-de-el-nino-reforca-importancia-da-adocao-de-praticas-conservacionistas-do-solo","status":"publish","type":"post","link":"https:\/\/noticiarioregional.com.br\/?p=9326","title":{"rendered":"Previs\u00e3o de El Ni\u00f1o refor\u00e7a import\u00e2ncia da ado\u00e7\u00e3o de pr\u00e1ticas conservacionistas do solo"},"content":{"rendered":"\n<p class=\"wp-block-paragraph\"><em>Extensionista alerta sobre influ\u00eancia do clima para a pr\u00f3xima safra<\/em><\/p>\n\n\n\n<p class=\"wp-block-paragraph\">As previs\u00f5es clim\u00e1ticas divulgadas com maior intensidade nas \u00faltimas semanas apontam uma condi\u00e7\u00e3o de chuva e tempo mais \u00famido principalmente para o segundo semestre do ano. Essa condi\u00e7\u00e3o \u00e9 causada pelo fen\u00f4meno El Ni\u00f1o, um aquecimento fora do normal das \u00e1guas do&nbsp;Oceano Pac\u00edfico&nbsp;na faixa pr\u00f3xima \u00e0 linha do Equador. O fen\u00f4meno faz parte de um ciclo natural do clima que alterna fases quentes (El Ni\u00f1o), frias (La Ni\u00f1a) e neutras, com impactos em v\u00e1rias regi\u00f5es do planeta. Esse aquecimento muda a circula\u00e7\u00e3o da atmosfera e altera o padr\u00e3o de chuvas e temperaturas em diferentes partes do mundo.<\/p>\n\n\n\n<p class=\"wp-block-paragraph\">No Brasil, os efeitos costumam ser desiguais: o Sul tende a ter mais chuva, enquanto \u00e1reas do Norte e do Nordeste podem enfrentar per\u00edodos mais secos. Conforme a Organiza\u00e7\u00e3o Meteorol\u00f3gica Mundial (OMM), ag\u00eancia da ONU, o fen\u00f4meno tamb\u00e9m influencia a temperatura global. Em anos de El Ni\u00f1o mais intenso, o planeta costuma registrar&nbsp;calor acima da m\u00e9dia, somando-se ao aquecimento global. A intensidade varia de um evento para outro, assim como os impactos. E, com o planeta j\u00e1 mais quente, mesmo epis\u00f3dios moderados podem ter efeitos mais fortes do que no passado.<\/p>\n\n\n\n<p class=\"wp-block-paragraph\">As previs\u00f5es clim\u00e1ticas deixam em alerta os produtores rurais, que dependem diretamente do clima para planejar e cultivar a safra. De acordo com o extensionista rural da Epagri de Descanso, Zolmir Frizzo, com a previs\u00e3o de El Ni\u00f1o ficam mais evidentes as orienta\u00e7\u00f5es de longa data j\u00e1 sempre repassadas aos produtores, no que diz respeito a import\u00e2ncia da ado\u00e7\u00e3o de boas pr\u00e1ticas conservacionistas do solo. Na pr\u00e1tica, explica que o recomendado \u00e9 que logo ap\u00f3s a colheita da cultura implantada na lavoura seja feita a cobertura verde do solo, como forma de preven\u00e7\u00e3o a v\u00e1rios problemas causados pela condi\u00e7\u00e3o do tempo.<\/p>\n\n\n\n<p class=\"wp-block-paragraph\">O extensionista cita que a cobertura verde previne a eros\u00e3o em anos com muita precipita\u00e7\u00e3o de chuva, favorece a descompacta\u00e7\u00e3o do solo e garante que o solo mantenha a fertilidade e os nutrientes, essenciais para o bom desenvolvimento das culturas. Aliado a cobertura verde, Zolmir aponta a implanta\u00e7\u00e3o dos terra\u00e7os nas lavouras, uma pr\u00e1tica antiga, que nos casos de alta precipita\u00e7\u00e3o de chuva permite a retirada lenta da \u00e1gua nas \u00e1reas, evitando danos ao solo e as plantas. <em>\u201cN\u00f3s precisamos melhorar a mat\u00e9ria org\u00e2nica, e planejar as propriedades para que consigamos chegar acima de 12 toneladas de mat\u00e9ria, e assim colocar muita palha e raiz no solo, porque \u00e9 isso que vai garantir a melhoria na fertilidade. E assim, que ao longo do tempo, os produtores consigam reduzir custos, pois com um solo mais fortalecido evitamos custos com uso de adubos qu\u00edmicos e menor incid\u00eancia de pragas e doen\u00e7as\u201d,<\/em> destaca o extensionista.<\/p>\n\n\n\n<p class=\"wp-block-paragraph\">Considerando as previs\u00f5es clim\u00e1ticas, o extensionista rural antecipa que dever\u00e1 ter altera\u00e7\u00e3o nas culturas cultivadas. Comenta que Descanso mant\u00e9m uma m\u00e9dia de dois mil hectares de trigo cultivados, e com a previs\u00e3o de alta precipita\u00e7\u00e3o de chuva, a previs\u00e3o \u00e9 de redu\u00e7\u00e3o nas \u00e1reas destinadas a esta cultura, em fun\u00e7\u00e3o de ser muito suscet\u00edvel as chuvas, principalmente nas fases de enchimento dos gr\u00e3os e colheita. Depois da cobertura verde, as \u00e1reas ent\u00e3o destinadas para o trigo devem dar lugar ao milho ou soja.<\/p>\n\n\n\n<p class=\"wp-block-paragraph\">Zolmir enaltece a preocupa\u00e7\u00e3o que os produtores j\u00e1 demonstram com a ado\u00e7\u00e3o de boas pr\u00e1ticas no manejo do solo. Comenta que 2026 foi o ano em que a Epagri de Descanso liberou a maior cota de calc\u00e1rio para corre\u00e7\u00e3o de solo, de quase quatro toneladas, e tamb\u00e9m houve boa ades\u00e3o ao kit solo saud\u00e1vel. No munic\u00edpio foram liberadas 75 cotas pelo kit para aquisi\u00e7\u00e3o de sementes de cobertura. Cada produtor tem direito a duas cotas de at\u00e9 R$ 3,15 mil cada, em que o pagamento \u00e9 feito no ano seguinte.<\/p>\n\n\n\n<figure class=\"wp-block-image size-large\"><img fetchpriority=\"high\" decoding=\"async\" width=\"1024\" height=\"771\" src=\"https:\/\/noticiarioregional.com.br\/wp-content\/uploads\/2026\/05\/Terraceamento-aliado-a-cobertura-verde-sao-praticas-recomendadas-para-preservacao-do-solo-1024x771.jpg\" alt=\"\" class=\"wp-image-9328\" srcset=\"https:\/\/noticiarioregional.com.br\/wp-content\/uploads\/2026\/05\/Terraceamento-aliado-a-cobertura-verde-sao-praticas-recomendadas-para-preservacao-do-solo-1024x771.jpg 1024w, https:\/\/noticiarioregional.com.br\/wp-content\/uploads\/2026\/05\/Terraceamento-aliado-a-cobertura-verde-sao-praticas-recomendadas-para-preservacao-do-solo-300x226.jpg 300w, https:\/\/noticiarioregional.com.br\/wp-content\/uploads\/2026\/05\/Terraceamento-aliado-a-cobertura-verde-sao-praticas-recomendadas-para-preservacao-do-solo-768x578.jpg 768w, https:\/\/noticiarioregional.com.br\/wp-content\/uploads\/2026\/05\/Terraceamento-aliado-a-cobertura-verde-sao-praticas-recomendadas-para-preservacao-do-solo-1536x1156.jpg 1536w, https:\/\/noticiarioregional.com.br\/wp-content\/uploads\/2026\/05\/Terraceamento-aliado-a-cobertura-verde-sao-praticas-recomendadas-para-preservacao-do-solo-150x113.jpg 150w, https:\/\/noticiarioregional.com.br\/wp-content\/uploads\/2026\/05\/Terraceamento-aliado-a-cobertura-verde-sao-praticas-recomendadas-para-preservacao-do-solo-450x339.jpg 450w, https:\/\/noticiarioregional.com.br\/wp-content\/uploads\/2026\/05\/Terraceamento-aliado-a-cobertura-verde-sao-praticas-recomendadas-para-preservacao-do-solo-1200x903.jpg 1200w, https:\/\/noticiarioregional.com.br\/wp-content\/uploads\/2026\/05\/Terraceamento-aliado-a-cobertura-verde-sao-praticas-recomendadas-para-preservacao-do-solo.jpg 1600w\" sizes=\"(max-width: 1024px) 100vw, 1024px\" \/><figcaption class=\"wp-element-caption\"><strong>Terraceamento, aliado a cobertura verde, s\u00e3o pr\u00e1ticas recomendadas para preserva\u00e7\u00e3o do solo<\/strong><\/figcaption><\/figure>\n\n\n\n<p class=\"wp-block-paragraph\"><\/p>\n","protected":false},"excerpt":{"rendered":"<p>Extensionista alerta sobre influ\u00eancia do clima para a pr\u00f3xima safra As previs\u00f5es clim\u00e1ticas divulgadas com maior intensidade nas \u00faltimas semanas apontam uma condi\u00e7\u00e3o de chuva e tempo mais \u00famido principalmente para o segundo semestre do ano. Essa condi\u00e7\u00e3o \u00e9 causada pelo fen\u00f4meno El Ni\u00f1o, um aquecimento fora do normal das \u00e1guas do&nbsp;Oceano Pac\u00edfico&nbsp;na faixa pr\u00f3xima<\/p>\n","protected":false},"author":1,"featured_media":9327,"comment_status":"open","ping_status":"open","sticky":false,"template":"","format":"standard","meta":{"footnotes":""},"categories":[41],"tags":[],"class_list":["post-9326","post","type-post","status-publish","format-standard","has-post-thumbnail","category-noticias"],"_links":{"self":[{"href":"https:\/\/noticiarioregional.com.br\/index.php?rest_route=\/wp\/v2\/posts\/9326","targetHints":{"allow":["GET"]}}],"collection":[{"href":"https:\/\/noticiarioregional.com.br\/index.php?rest_route=\/wp\/v2\/posts"}],"about":[{"href":"https:\/\/noticiarioregional.com.br\/index.php?rest_route=\/wp\/v2\/types\/post"}],"author":[{"embeddable":true,"href":"https:\/\/noticiarioregional.com.br\/index.php?rest_route=\/wp\/v2\/users\/1"}],"replies":[{"embeddable":true,"href":"https:\/\/noticiarioregional.com.br\/index.php?rest_route=%2Fwp%2Fv2%2Fcomments&post=9326"}],"version-history":[{"count":1,"href":"https:\/\/noticiarioregional.com.br\/index.php?rest_route=\/wp\/v2\/posts\/9326\/revisions"}],"predecessor-version":[{"id":9329,"href":"https:\/\/noticiarioregional.com.br\/index.php?rest_route=\/wp\/v2\/posts\/9326\/revisions\/9329"}],"wp:featuredmedia":[{"embeddable":true,"href":"https:\/\/noticiarioregional.com.br\/index.php?rest_route=\/wp\/v2\/media\/9327"}],"wp:attachment":[{"href":"https:\/\/noticiarioregional.com.br\/index.php?rest_route=%2Fwp%2Fv2%2Fmedia&parent=9326"}],"wp:term":[{"taxonomy":"category","embeddable":true,"href":"https:\/\/noticiarioregional.com.br\/index.php?rest_route=%2Fwp%2Fv2%2Fcategories&post=9326"},{"taxonomy":"post_tag","embeddable":true,"href":"https:\/\/noticiarioregional.com.br\/index.php?rest_route=%2Fwp%2Fv2%2Ftags&post=9326"}],"curies":[{"name":"wp","href":"https:\/\/api.w.org\/{rel}","templated":true}]}}