{"id":9330,"date":"2026-05-29T18:16:00","date_gmt":"2026-05-29T21:16:00","guid":{"rendered":"https:\/\/noticiarioregional.com.br\/?p=9330"},"modified":"2026-05-26T15:18:17","modified_gmt":"2026-05-26T18:18:17","slug":"belmonte-abre-inscricoes-para-o-programa-lar-legal","status":"publish","type":"post","link":"https:\/\/noticiarioregional.com.br\/?p=9330","title":{"rendered":"Belmonte abre inscri\u00e7\u00f5es para o Programa Lar Legal"},"content":{"rendered":"\n<p class=\"wp-block-paragraph\">At\u00e9 o dia 15 de junho est\u00e3o abertas as inscri\u00e7\u00f5es para o Programa Lar Legal, iniciativa que tem como objetivo a regulariza\u00e7\u00e3o de im\u00f3veis no munic\u00edpio. O prefeito, Jair Giumbelli, explica que o programa \u00e9 executado atrav\u00e9s do Tribunal de Justi\u00e7a de Santa Catarina, em parceria com o munic\u00edpio. Comenta que foi aberto esse per\u00edodo de inscri\u00e7\u00f5es, pois s\u00e3o necess\u00e1rios ao menos 10 interessados para dar in\u00edcio ao processo de regulariza\u00e7\u00e3o dos im\u00f3veis.<\/p>\n\n\n\n<p class=\"wp-block-paragraph\">Segundo o prefeito, se enquadram no programa pessoas que possuem terrenos, mas sem a escritura do lote, somente em contrato, e que buscam a regulariza\u00e7\u00e3o. Em todo o estado, o programa tem como objetivo beneficiar um total de 9 mil fam\u00edlias, sendo que destas 5 mil fam\u00edlias ser\u00e3o atendidas no ano de 2025 e 4 mil fam\u00edlias no ano de 2026.<\/p>\n\n\n\n<p class=\"wp-block-paragraph\">Giumbelli comenta que em anos anteriores o programa Lar Legal j\u00e1 beneficiou 18 mun\u00edcipes, permitindo que com a posse dos terrenos possam fazer investimentos nesta \u00e1rea, como amplia\u00e7\u00e3o ou constru\u00e7\u00e3o. Lembra que o munic\u00edpio tamb\u00e9m se beneficia com a arrecada\u00e7\u00e3o de impostos sobre os terrenos regularizados. Os interessados devem se inscrever at\u00e9 o dia 15 de junho, diretamente na recep\u00e7\u00e3o da prefeitura, mediante apresenta\u00e7\u00e3o dos documentos pessoais.<\/p>\n\n\n\n<p class=\"wp-block-paragraph\"><\/p>\n","protected":false},"excerpt":{"rendered":"<p>At\u00e9 o dia 15 de junho est\u00e3o abertas as inscri\u00e7\u00f5es para o Programa Lar Legal, iniciativa que tem como objetivo a regulariza\u00e7\u00e3o de im\u00f3veis no munic\u00edpio. O prefeito, Jair Giumbelli, explica que o programa \u00e9 executado atrav\u00e9s do Tribunal de Justi\u00e7a de Santa Catarina, em parceria com o munic\u00edpio. Comenta que foi aberto esse per\u00edodo<\/p>\n","protected":false},"author":1,"featured_media":9331,"comment_status":"open","ping_status":"open","sticky":false,"template":"","format":"standard","meta":{"footnotes":""},"categories":[41],"tags":[],"class_list":["post-9330","post","type-post","status-publish","format-standard","has-post-thumbnail","category-noticias"],"_links":{"self":[{"href":"https:\/\/noticiarioregional.com.br\/index.php?rest_route=\/wp\/v2\/posts\/9330","targetHints":{"allow":["GET"]}}],"collection":[{"href":"https:\/\/noticiarioregional.com.br\/index.php?rest_route=\/wp\/v2\/posts"}],"about":[{"href":"https:\/\/noticiarioregional.com.br\/index.php?rest_route=\/wp\/v2\/types\/post"}],"author":[{"embeddable":true,"href":"https:\/\/noticiarioregional.com.br\/index.php?rest_route=\/wp\/v2\/users\/1"}],"replies":[{"embeddable":true,"href":"https:\/\/noticiarioregional.com.br\/index.php?rest_route=%2Fwp%2Fv2%2Fcomments&post=9330"}],"version-history":[{"count":1,"href":"https:\/\/noticiarioregional.com.br\/index.php?rest_route=\/wp\/v2\/posts\/9330\/revisions"}],"predecessor-version":[{"id":9332,"href":"https:\/\/noticiarioregional.com.br\/index.php?rest_route=\/wp\/v2\/posts\/9330\/revisions\/9332"}],"wp:featuredmedia":[{"embeddable":true,"href":"https:\/\/noticiarioregional.com.br\/index.php?rest_route=\/wp\/v2\/media\/9331"}],"wp:attachment":[{"href":"https:\/\/noticiarioregional.com.br\/index.php?rest_route=%2Fwp%2Fv2%2Fmedia&parent=9330"}],"wp:term":[{"taxonomy":"category","embeddable":true,"href":"https:\/\/noticiarioregional.com.br\/index.php?rest_route=%2Fwp%2Fv2%2Fcategories&post=9330"},{"taxonomy":"post_tag","embeddable":true,"href":"https:\/\/noticiarioregional.com.br\/index.php?rest_route=%2Fwp%2Fv2%2Ftags&post=9330"}],"curies":[{"name":"wp","href":"https:\/\/api.w.org\/{rel}","templated":true}]}}