{"id":9544,"date":"2026-06-24T16:23:18","date_gmt":"2026-06-24T19:23:18","guid":{"rendered":"https:\/\/noticiarioregional.com.br\/?p=9544"},"modified":"2026-06-23T16:24:52","modified_gmt":"2026-06-23T19:24:52","slug":"cafe-colonial-chega-a-40a-edicao","status":"publish","type":"post","link":"https:\/\/noticiarioregional.com.br\/?p=9544","title":{"rendered":"Caf\u00e9 Colonial chega a 40\u00aa edi\u00e7\u00e3o"},"content":{"rendered":"\n<p class=\"wp-block-paragraph\"><em>Evento deste ano ser\u00e1 realizado no dia 04 de julho<\/em><\/p>\n\n\n\n<p class=\"wp-block-paragraph\">A Associa\u00e7\u00e3o de Artesanato Novo Amanh\u00e3, o Clube de M\u00e3es, o Grupo de Dan\u00e7as Alem\u00e3s Immer Lustig e o Clube de Patina\u00e7\u00e3o Asas da Liberdade promovem no dia 04 de julho, o tradicional Caf\u00e9 Colonial, este ano na 40\u00aa edi\u00e7\u00e3o.<\/p>\n\n\n\n<p class=\"wp-block-paragraph\">As fichas est\u00e3o \u00e0 venda ao valor de R$ 60,00 adulto antecipado e R$ 65,00 no dia, R$ 30,00 crian\u00e7as de 7 a 12 anos e R$ 15,00 crian\u00e7as de 3 a 6 anos. Os pontos de venda s\u00e3o a Cooper A1, Bazar do Seu Jeito, Loja Haas e com os integrantes das entidades que promovem o evento.<\/p>\n\n\n\n<p class=\"wp-block-paragraph\">O caf\u00e9 ser\u00e1 servido das 17h30 \u00e0s 22h, no pavilh\u00e3o cat\u00f3lico. \u00c9 necess\u00e1rio levar prato, talheres e xicara. O card\u00e1pio contempla uma variedade de salgados, p\u00e3es, cucas, bolachas, bolos, sobremesas, bebidas quentes e frias, entre outros. Haver\u00e1 ainda a op\u00e7\u00e3o de alimentos sem gl\u00faten, lactose, e a\u00e7\u00facar, e ainda a torta salgada vegetariana.<\/p>\n\n\n\n<p class=\"wp-block-paragraph\"><\/p>\n","protected":false},"excerpt":{"rendered":"<p>Evento deste ano ser\u00e1 realizado no dia 04 de julho A Associa\u00e7\u00e3o de Artesanato Novo Amanh\u00e3, o Clube de M\u00e3es, o Grupo de Dan\u00e7as Alem\u00e3s Immer Lustig e o Clube de Patina\u00e7\u00e3o Asas da Liberdade promovem no dia 04 de julho, o tradicional Caf\u00e9 Colonial, este ano na 40\u00aa edi\u00e7\u00e3o. As fichas est\u00e3o \u00e0 venda<\/p>\n","protected":false},"author":1,"featured_media":9545,"comment_status":"open","ping_status":"open","sticky":false,"template":"","format":"standard","meta":{"footnotes":""},"categories":[41],"tags":[],"class_list":["post-9544","post","type-post","status-publish","format-standard","has-post-thumbnail","category-noticias"],"_links":{"self":[{"href":"https:\/\/noticiarioregional.com.br\/index.php?rest_route=\/wp\/v2\/posts\/9544","targetHints":{"allow":["GET"]}}],"collection":[{"href":"https:\/\/noticiarioregional.com.br\/index.php?rest_route=\/wp\/v2\/posts"}],"about":[{"href":"https:\/\/noticiarioregional.com.br\/index.php?rest_route=\/wp\/v2\/types\/post"}],"author":[{"embeddable":true,"href":"https:\/\/noticiarioregional.com.br\/index.php?rest_route=\/wp\/v2\/users\/1"}],"replies":[{"embeddable":true,"href":"https:\/\/noticiarioregional.com.br\/index.php?rest_route=%2Fwp%2Fv2%2Fcomments&post=9544"}],"version-history":[{"count":1,"href":"https:\/\/noticiarioregional.com.br\/index.php?rest_route=\/wp\/v2\/posts\/9544\/revisions"}],"predecessor-version":[{"id":9546,"href":"https:\/\/noticiarioregional.com.br\/index.php?rest_route=\/wp\/v2\/posts\/9544\/revisions\/9546"}],"wp:featuredmedia":[{"embeddable":true,"href":"https:\/\/noticiarioregional.com.br\/index.php?rest_route=\/wp\/v2\/media\/9545"}],"wp:attachment":[{"href":"https:\/\/noticiarioregional.com.br\/index.php?rest_route=%2Fwp%2Fv2%2Fmedia&parent=9544"}],"wp:term":[{"taxonomy":"category","embeddable":true,"href":"https:\/\/noticiarioregional.com.br\/index.php?rest_route=%2Fwp%2Fv2%2Fcategories&post=9544"},{"taxonomy":"post_tag","embeddable":true,"href":"https:\/\/noticiarioregional.com.br\/index.php?rest_route=%2Fwp%2Fv2%2Ftags&post=9544"}],"curies":[{"name":"wp","href":"https:\/\/api.w.org\/{rel}","templated":true}]}}