{"id":9648,"date":"2026-07-19T07:48:00","date_gmt":"2026-07-19T10:48:00","guid":{"rendered":"https:\/\/noticiarioregional.com.br\/?p=9648"},"modified":"2026-07-22T09:13:52","modified_gmt":"2026-07-22T12:13:52","slug":"oito-anos-de-transplante-e-de-uma-nova-vida-com-mais-qualidade-e-saude","status":"publish","type":"post","link":"https:\/\/noticiarioregional.com.br\/?p=9648","title":{"rendered":"Oito anos de transplante e de uma nova vida com mais qualidade e sa\u00fade"},"content":{"rendered":"\n<p class=\"wp-block-paragraph\"><strong>Hemodi\u00e1lises, um transplante frustrado e a esperan\u00e7a de uma nova tentativa<\/strong><\/p>\n\n\n\n<p class=\"wp-block-paragraph\">No dia 21 de junho Claudete Rockenbach, de 34 anos de idade, moradora de Ipor\u00e3 do Oeste, comemorou junto a fam\u00edlia uma data importante na sua vida, que s\u00e3o os oito anos do transplante de rim. Uma data com muito significado, por todo o processo que enfrentou antes, durante e depois do procedimento, e que para Claudete representa uma nova chance de viver, com mais qualidade e sa\u00fade.<\/p>\n\n\n\n<p class=\"wp-block-paragraph\">Ainda na adolesc\u00eancia, Claudete sofreu uma queda e bateu as costas no ch\u00e3o. A partir disso passou a sentir muitas dores persistentes na regi\u00e3o. Ao realizar exames, identificou a perda da fun\u00e7\u00e3o renal. Apesar do problema, com os devidos cuidados, a sua condi\u00e7\u00e3o de vida era considerada boa e dentro da normalidade.<\/p>\n\n\n\n<p class=\"wp-block-paragraph\">Claudete realizava acompanhamento m\u00e9dico frequente e seguia as orienta\u00e7\u00f5es, mas ap\u00f3s a segunda gesta\u00e7\u00e3o, em outubro de 2016, a perda renal se agravou, e teve que iniciar as hemodi\u00e1lises para manter o funcionamento dos rins. A hemodi\u00e1lise \u00e9 um tratamento para pacientes com insufici\u00eancia renal grave que limpa e filtra o sangue com uma m\u00e1quina. Na \u00e9poca realizava tr\u00eas sess\u00f5es de hemodi\u00e1lise por semana no Cl\u00ednica Renal do Oeste, em S\u00e3o Miguel do Oeste, cada uma com dura\u00e7\u00e3o m\u00e9dia de tr\u00eas horas. Esse processo se estendeu por cerca de oito meses, quando Claudete foi chamada para realizar o transplante de rim de um doador considerado compat\u00edvel. Infelizmente ap\u00f3s a cirurgia do transplante, dias ap\u00f3s come\u00e7ou a passar mal e o corpo rejeitou o \u00f3rg\u00e3o transplantado. Foi necess\u00e1ria uma nova cirurgia para retirada do rim, e com isso, Claudete voltou para o processo das hemodi\u00e1lises semanais.<\/p>\n\n\n\n<p class=\"wp-block-paragraph\">Ap\u00f3s a cirurgia de retirada do rim, Claudete teve que se recuperar e assim voltar a fila do transplante. Quase um ano depois, veio a not\u00edcia esperada de um doador compat\u00edvel, e o novo transplante foi agendado. O procedimento foi realizado em hospital de Chapec\u00f3, sendo que anteriormente s\u00e3o feitos os exames e a prepara\u00e7\u00e3o em si para a cirurgia. Este novo transplante teve \u00eaxito, e tudo ocorreu bem. No dia 21 de junho Claudete completou oito anos da cirurgia, e como \u00e9 de direito da fam\u00edlia do doador, a pessoa que doou o rim n\u00e3o foi identificada. \u201c<em>Eu agrade\u00e7o todos os dias, sou muito grata pelo sim dessa fam\u00edlia, em aceitar doar o \u00f3rg\u00e3o, para que dessa forma a vida pudesse continuar\u201d.<\/em><\/p>\n\n\n\n<p class=\"wp-block-paragraph\">Em fun\u00e7\u00e3o de conviver com problemas renais h\u00e1 muitos anos, os cuidados com alimenta\u00e7\u00e3o e outros aspectos j\u00e1 fazem parte da rotina de Claudete mesmo antes do transplante. Mas ap\u00f3s o procedimento, esses cuidados se intensificaram. Na alimenta\u00e7\u00e3o, evita alimentos crus e gordurosos, e para preservar a imunidade evita o compartilhamento de objetos como chimarr\u00e3o, e tamb\u00e9m evita locais com aglomera\u00e7\u00e3o de pessoas onde a transmiss\u00e3o de viroses ocorre com maior facilidade. Outras restri\u00e7\u00f5es s\u00e3o quanto a pr\u00e1tica de atividades f\u00edsicas que possam representar risco de quedas, batidas ou a sobrecarga de peso. Associado a isso est\u00e1 o acompanhamento m\u00e9dico, a realiza\u00e7\u00e3o de exames a cada dois meses e o uso de medicamento cont\u00ednuo.<\/p>\n\n\n\n<p class=\"wp-block-paragraph\">\u201c<em>Foi uma vit\u00f3ria n\u00e3o s\u00f3 minha, mas de toda fam\u00edlia, porque eles sempre estiveram comigo durante todo o processo. O transplante trouxe para n\u00f3s uma qualidade de vida muito maior. Um dos maiores ensinamentos de tudo isso \u00e9 viver cada dia, como se fosse o \u00faltimo, pois cada dia \u00e9 uma vit\u00f3ria. Para fam\u00edlias que tem a possibilidade de dar o seu sim para a doa\u00e7\u00e3o de \u00f3rg\u00e3os, e auxiliar outras pessoas, que o fa\u00e7am se sentir essa vontade em seu cora\u00e7\u00e3o, porque a vida pode continuar\u201d, <\/em>enaltece Claudete, refor\u00e7ando tamb\u00e9m a import\u00e2ncia das pessoas falarem com os seus familiares sobre a doa\u00e7\u00e3o de \u00f3rg\u00e3os, que somente \u00e9 realizada mediante autoriza\u00e7\u00e3o da fam\u00edlia.<\/p>\n\n\n\n<p class=\"wp-block-paragraph\">Durante o ano algumas datas tamb\u00e9m remetem a import\u00e2ncia do tema da doa\u00e7\u00e3o de \u00f3rg\u00e3os, como o Dia do Transplantado em 06 de junho, e o Dia Nacional da Doa\u00e7\u00e3o de \u00d3rg\u00e3os e Tecidos em 27 de setembro, m\u00eas em que a tem\u00e1tica ganha maior aten\u00e7\u00e3o com a denomina\u00e7\u00e3o de Setembro Verde.<\/p>\n\n\n\n<p class=\"wp-block-paragraph\">Para enfrentar o processo da doen\u00e7a, e lidar melhor com o seu pr\u00f3prio emocional, Claudete buscou muito pelas pr\u00e1ticas integrativas, como o Reiki. E hoje, a partir da ajuda que recebeu de outros profissionais, Claudete aprofundou os conhecimentos e trabalha com a aplica\u00e7\u00e3o destas pr\u00e1ticas, tamb\u00e9m como forma de contribuir com as pessoas que necessitam desses atendimentos. <em>\u201cUma frase que gosto muito, e que levo comigo \u00e9: \u2018voc\u00ea \u00e9 vida, inspire\u201d.<\/em><\/p>\n","protected":false},"excerpt":{"rendered":"<p>Hemodi\u00e1lises, um transplante frustrado e a esperan\u00e7a de uma nova tentativa No dia 21 de junho Claudete Rockenbach, de 34 anos de idade, moradora de Ipor\u00e3 do Oeste, comemorou junto a fam\u00edlia uma data importante na sua vida, que s\u00e3o os oito anos do transplante de rim. Uma data com muito significado, por todo o<\/p>\n","protected":false},"author":1,"featured_media":9649,"comment_status":"open","ping_status":"open","sticky":false,"template":"","format":"standard","meta":{"footnotes":""},"categories":[41],"tags":[],"class_list":["post-9648","post","type-post","status-publish","format-standard","has-post-thumbnail","category-noticias"],"_links":{"self":[{"href":"https:\/\/noticiarioregional.com.br\/index.php?rest_route=\/wp\/v2\/posts\/9648","targetHints":{"allow":["GET"]}}],"collection":[{"href":"https:\/\/noticiarioregional.com.br\/index.php?rest_route=\/wp\/v2\/posts"}],"about":[{"href":"https:\/\/noticiarioregional.com.br\/index.php?rest_route=\/wp\/v2\/types\/post"}],"author":[{"embeddable":true,"href":"https:\/\/noticiarioregional.com.br\/index.php?rest_route=\/wp\/v2\/users\/1"}],"replies":[{"embeddable":true,"href":"https:\/\/noticiarioregional.com.br\/index.php?rest_route=%2Fwp%2Fv2%2Fcomments&post=9648"}],"version-history":[{"count":1,"href":"https:\/\/noticiarioregional.com.br\/index.php?rest_route=\/wp\/v2\/posts\/9648\/revisions"}],"predecessor-version":[{"id":9650,"href":"https:\/\/noticiarioregional.com.br\/index.php?rest_route=\/wp\/v2\/posts\/9648\/revisions\/9650"}],"wp:featuredmedia":[{"embeddable":true,"href":"https:\/\/noticiarioregional.com.br\/index.php?rest_route=\/wp\/v2\/media\/9649"}],"wp:attachment":[{"href":"https:\/\/noticiarioregional.com.br\/index.php?rest_route=%2Fwp%2Fv2%2Fmedia&parent=9648"}],"wp:term":[{"taxonomy":"category","embeddable":true,"href":"https:\/\/noticiarioregional.com.br\/index.php?rest_route=%2Fwp%2Fv2%2Fcategories&post=9648"},{"taxonomy":"post_tag","embeddable":true,"href":"https:\/\/noticiarioregional.com.br\/index.php?rest_route=%2Fwp%2Fv2%2Ftags&post=9648"}],"curies":[{"name":"wp","href":"https:\/\/api.w.org\/{rel}","templated":true}]}}