{"id":9815,"date":"2026-08-14T07:34:00","date_gmt":"2026-08-14T10:34:00","guid":{"rendered":"https:\/\/noticiarioregional.com.br\/?p=9815"},"modified":"2026-08-11T16:36:13","modified_gmt":"2026-08-11T19:36:13","slug":"o-incentivo-a-leitura-a-partir-da-contacao-de-historias","status":"publish","type":"post","link":"https:\/\/noticiarioregional.com.br\/?p=9815","title":{"rendered":"O incentivo \u00e0 leitura a partir da conta\u00e7\u00e3o de hist\u00f3rias"},"content":{"rendered":"\n<p class=\"wp-block-paragraph\"><strong>Biblioteca Padre Afonso Hansen re\u00fane crian\u00e7as e familiares em encontros especiais durante o ano<\/strong><\/p>\n\n\n\n<p class=\"wp-block-paragraph\">Assim como v\u00e1rios h\u00e1bitos da vida que se adquire a partir da inf\u00e2ncia, a leitura que \u00e9 incentivada e ensinada as crian\u00e7as \u00e9 uma pr\u00e1tica levada para as fases posteriores. \u00c9 com esse objetivo que desde o ano passado a Biblioteca P\u00fablica Municipal Padre Afonso Hansen tem promovido v\u00e1rios encontros de conta\u00e7\u00e3o de hist\u00f3rias, momentos que tem reunido n\u00e3o apenas as crian\u00e7as, mas tamb\u00e9m os seus familiares.<\/p>\n\n\n\n<p class=\"wp-block-paragraph\">A bibliotec\u00e1ria, Juliane Steffen, destaca que em 2025 foram realizados seis momentos de conta\u00e7\u00e3o de hist\u00f3rias, e no dia 18 de julho j\u00e1 foi realizado o terceiro evento de conta\u00e7\u00e3o de hist\u00f3rias deste ano. Neste dia, a tem\u00e1tica foi a &#8220;A Mala das Mem\u00f3rias&#8221;, conduzida pelos contadores de hist\u00f3rias Erick Thome e Lisandra Theobald. Em cada conta\u00e7\u00e3o, Juliane explica que o tema \u00e9 diferente, sempre focando em alguma data festiva ou evento em espec\u00edfico, a exemplo dos 100 anos de Porto Novo e da Semana Alem\u00e3 que foram enfatizados na conta\u00e7\u00e3o do dia 18.<\/p>\n\n\n\n<p class=\"wp-block-paragraph\">Juliane enfatiza que as conta\u00e7\u00f5es s\u00e3o realizadas tanto na biblioteca como em espa\u00e7os ao ar livre. Cita que s\u00e3o a\u00e7\u00f5es que ocorrem em parceria com profissionais da educa\u00e7\u00e3o e outras \u00e1reas que se dedicam voluntariamente, escritores de livros, al\u00e9m de empresas e entidades parceiras como o Siboob, a UCEFF de Itapiranga e a Domo Solu\u00e7\u00f5es. A pr\u00f3xima conta\u00e7\u00e3o est\u00e1 prevista para setembro, com uma atividade ao ar livre na pra\u00e7a matriz, al\u00e9m da Feira do Livro, realizada anualmente em outubro.<\/p>\n\n\n\n<p class=\"wp-block-paragraph\">Segundo a bibliotec\u00e1ria, atrav\u00e9s da conta\u00e7\u00e3o de hist\u00f3rias \u00e9 despertado o interesse da crian\u00e7a pela leitura, al\u00e9m da sua criatividade, imagina\u00e7\u00e3o e com benef\u00edcios at\u00e9 na escrita. A a\u00e7\u00e3o tamb\u00e9m fortalece o v\u00ednculo com a pr\u00f3pria biblioteca, possibilitando que a fam\u00edlia como um todo conhe\u00e7a o espa\u00e7o. Juliane lembra que as conta\u00e7\u00f5es s\u00e3o realizadas aos s\u00e1bados ou hor\u00e1rios que possibilitem a participa\u00e7\u00e3o dos pais ou familiares, o que tamb\u00e9m contribuiu para fortalecer v\u00ednculos. Comenta que muitos pais passam a ler mais depois que participam desses momentos, pois percebem a import\u00e2ncia de incentivar os filhos por meio do exemplo.<\/p>\n\n\n\n<p class=\"wp-block-paragraph\">Juliane comemora que os resultados destas a\u00e7\u00f5es promovidas pela biblioteca e parceiros, tem sido muito positivos. Cita que aumentou muito a procura e retirada de livros, n\u00e3o apenas de crian\u00e7as em idade escolar, mas tamb\u00e9m pelos pais ou demais fam\u00edlias que as acompanham nos eventos de conta\u00e7\u00e3o de hist\u00f3rias. <em>\u201cUm levantamento que fizemos aponta que s\u00e3o em m\u00e9dia 350 crian\u00e7as que frequentam a biblioteca por semana. Em livros, isso representa um empr\u00e9stimo m\u00e9dio de mil exemplares, considerando que cada crian\u00e7a leva em m\u00e9dia tr\u00eas. No ano passado registramos mais de seis mil empr\u00e9stimos no sistema, fora os que s\u00e3o retirados pelos estudantes das escolas e que n\u00e3o s\u00e3o registrados. Ficamos muito felizes com a participa\u00e7\u00e3o da comunidade nas conta\u00e7\u00f5es e na biblioteca como um todo&#8221;, <\/em>enfatiza a bibliotec\u00e1ria Juliane.<\/p>\n","protected":false},"excerpt":{"rendered":"<p>Biblioteca Padre Afonso Hansen re\u00fane crian\u00e7as e familiares em encontros especiais durante o ano Assim como v\u00e1rios h\u00e1bitos da vida que se adquire a partir da inf\u00e2ncia, a leitura que \u00e9 incentivada e ensinada as crian\u00e7as \u00e9 uma pr\u00e1tica levada para as fases posteriores. \u00c9 com esse objetivo que desde o ano passado a Biblioteca<\/p>\n","protected":false},"author":1,"featured_media":9816,"comment_status":"open","ping_status":"open","sticky":false,"template":"","format":"standard","meta":{"footnotes":""},"categories":[41],"tags":[],"class_list":["post-9815","post","type-post","status-publish","format-standard","has-post-thumbnail","category-noticias"],"_links":{"self":[{"href":"https:\/\/noticiarioregional.com.br\/index.php?rest_route=\/wp\/v2\/posts\/9815","targetHints":{"allow":["GET"]}}],"collection":[{"href":"https:\/\/noticiarioregional.com.br\/index.php?rest_route=\/wp\/v2\/posts"}],"about":[{"href":"https:\/\/noticiarioregional.com.br\/index.php?rest_route=\/wp\/v2\/types\/post"}],"author":[{"embeddable":true,"href":"https:\/\/noticiarioregional.com.br\/index.php?rest_route=\/wp\/v2\/users\/1"}],"replies":[{"embeddable":true,"href":"https:\/\/noticiarioregional.com.br\/index.php?rest_route=%2Fwp%2Fv2%2Fcomments&post=9815"}],"version-history":[{"count":1,"href":"https:\/\/noticiarioregional.com.br\/index.php?rest_route=\/wp\/v2\/posts\/9815\/revisions"}],"predecessor-version":[{"id":9817,"href":"https:\/\/noticiarioregional.com.br\/index.php?rest_route=\/wp\/v2\/posts\/9815\/revisions\/9817"}],"wp:featuredmedia":[{"embeddable":true,"href":"https:\/\/noticiarioregional.com.br\/index.php?rest_route=\/wp\/v2\/media\/9816"}],"wp:attachment":[{"href":"https:\/\/noticiarioregional.com.br\/index.php?rest_route=%2Fwp%2Fv2%2Fmedia&parent=9815"}],"wp:term":[{"taxonomy":"category","embeddable":true,"href":"https:\/\/noticiarioregional.com.br\/index.php?rest_route=%2Fwp%2Fv2%2Fcategories&post=9815"},{"taxonomy":"post_tag","embeddable":true,"href":"https:\/\/noticiarioregional.com.br\/index.php?rest_route=%2Fwp%2Fv2%2Ftags&post=9815"}],"curies":[{"name":"wp","href":"https:\/\/api.w.org\/{rel}","templated":true}]}}