{"id":9867,"date":"2026-08-18T11:18:08","date_gmt":"2026-08-18T14:18:08","guid":{"rendered":"https:\/\/noticiarioregional.com.br\/?p=9867"},"modified":"2026-08-18T11:18:09","modified_gmt":"2026-08-18T14:18:09","slug":"do-extremo-oeste-para-o-brasil","status":"publish","type":"post","link":"https:\/\/noticiarioregional.com.br\/?p=9867","title":{"rendered":"DO EXTREMO OESTE PARA O BRASIL"},"content":{"rendered":"\n<p class=\"wp-block-paragraph\"><strong>Fam\u00edlia do Cons\u00f3rcio<\/strong> <strong>conquista reconhecimento nacional<\/strong><\/p>\n\n\n\n<p class=\"wp-block-paragraph\">A Fam\u00edlia do Cons\u00f3rcio, de Itapiranga e S\u00e3o Miguel do Oeste, conquistou o primeiro lugar na categoria Cons\u00f3rcio Imobili\u00e1rio do Ano do Real Estate Awards, realizado em S\u00e3o Paulo. A premia\u00e7\u00e3o contou com vota\u00e7\u00e3o popular e, segundo a organiza\u00e7\u00e3o e os n\u00fameros apresentados durante a campanha, ultrapassou 230 mil votos em 35 categorias.<\/p>\n\n\n\n<p class=\"wp-block-paragraph\">A conquista marcou uma nova etapa na trajet\u00f3ria da empresa, que passa a ampliar sua atua\u00e7\u00e3o para al\u00e9m da comercializa\u00e7\u00e3o de cons\u00f3rcios, estruturando um ecossistema voltado tamb\u00e9m a profissionais e corretores de diferentes regi\u00f5es do Brasil.<\/p>\n\n\n\n<p class=\"wp-block-paragraph\">A opera\u00e7\u00e3o foi representada no evento por Francelino Ribeiro, \u00e0 frente da expans\u00e3o da Fam\u00edlia do Cons\u00f3rcio, ao lado da equipe da Monteo, de Maring\u00e1 &#8211; PR, extens\u00e3o parceira na atua\u00e7\u00e3o nacional.<\/p>\n\n\n\n<p class=\"wp-block-paragraph\"><strong>De uma opera\u00e7\u00e3o regional<\/strong> <strong>para um ecossistema nacional<\/strong><\/p>\n\n\n\n<p class=\"wp-block-paragraph\">Com quase uma d\u00e9cada de atua\u00e7\u00e3o no mercado, a Fam\u00edlia do Cons\u00f3rcio construiu sua trajet\u00f3ria no Extremo Oeste catarinense, transformando o cons\u00f3rcio em uma ferramenta de planejamento patrimonial e investimento. Agora, a estrat\u00e9gia entra em uma nova fase.<\/p>\n\n\n\n<p class=\"wp-block-paragraph\">O ecossistema j\u00e1 conta com mais de 20 corretores cadastrados e comercializando os produtos da opera\u00e7\u00e3o em diferentes regi\u00f5es do pa\u00eds, e trabalha na expans\u00e3o desse ecossistema por meio de parceiros e profissionais do mercado.<\/p>\n\n\n\n<p class=\"wp-block-paragraph\"><em>\u201cEsse reconhecimento representa muito mais do que um trof\u00e9u. Ele mostra que uma empresa que nasceu em Itapiranga pode competir, gerar resultado e conquistar espa\u00e7o em n\u00edvel nacional. Agora estamos levando nossa metodologia, nossa estrutura e nosso conhecimento para outros profissionais do mercado\u201d,<\/em> destaca Francelino Ribeiro.<\/p>\n\n\n\n<p class=\"wp-block-paragraph\">A proposta \u00e9 conectar corretores, clientes e diferentes solu\u00e7\u00f5es de cons\u00f3rcio em uma estrutura \u00fanica, permitindo que cada cliente seja direcionado para o produto mais adequado ao seu perfil e objetivo.<\/p>\n\n\n\n<p class=\"wp-block-paragraph\"><strong>Expans\u00e3o mant\u00e9m ra\u00edzes<\/strong> <strong>em Itapiranga e S\u00e3o Miguel do Oeste<\/strong><\/p>\n\n\n\n<p class=\"wp-block-paragraph\">Apesar da expans\u00e3o nacional, a empresa mant\u00e9m sua estrutura regional. A opera\u00e7\u00e3o administrativa e de processos est\u00e1 concentrada em Itapiranga, onde tamb\u00e9m funciona parte importante da estrutura comercial. Em S\u00e3o Miguel do Oeste, a opera\u00e7\u00e3o segue em crescimento, com equipe pr\u00f3pria e atua\u00e7\u00e3o regional.<\/p>\n\n\n\n<p class=\"wp-block-paragraph\">Para Francelino, o objetivo \u00e9 justamente provar que uma empresa regional pode crescer nacionalmente sem perder suas ra\u00edzes. <em>\u201cN\u00f3s n\u00e3o queremos deixar de ser uma empresa do Extremo Oeste. Pelo contr\u00e1rio. Queremos mostrar para o Brasil que daqui tamb\u00e9m saem empresas capazes de construir grandes opera\u00e7\u00f5es. Itapiranga continua sendo nossa casa e nossa base.\u201d<\/em><\/p>\n\n\n\n<p class=\"wp-block-paragraph\"><strong>Expectativa de superar R$ 2 bilh\u00f5es em vendas<\/strong><\/p>\n\n\n\n<p class=\"wp-block-paragraph\">Com a expans\u00e3o da rede de parceiros e corretores, a expectativa da empresa \u00e9 alcan\u00e7ar mais de R$ 2 bilh\u00f5es em vendas de cr\u00e9ditos de cons\u00f3rcio ao longo de 2026. A estrat\u00e9gia combina produtos para ve\u00edculos e im\u00f3veis, diferentes administradoras e estudos de grupos, buscando encontrar alternativas de acordo com o perfil e objetivo de cada cliente.<\/p>\n\n\n\n<p class=\"wp-block-paragraph\">Entre as solu\u00e7\u00f5es atualmente trabalhadas est\u00e3o op\u00e7\u00f5es com taxas de administra\u00e7\u00e3o que, conforme o produto e o grupo, s\u00e3o as menores do mercado com baixa concorr\u00eancia, acelerando a contempla\u00e7\u00e3o do cliente sem depender de recursos pr\u00f3prios.<\/p>\n\n\n\n<p class=\"wp-block-paragraph\"><em>\u201cHoje nosso papel \u00e9 muito mais do que vender uma cota. \u00c9 entender o objetivo do cliente, estudar as possibilidades e encontrar a estrutura que fa\u00e7a sentido para aquele momento. O poder est\u00e1 justamente em ter acesso a diferentes solu\u00e7\u00f5es\u201d,<\/em> explica Francelino.<\/p>\n\n\n\n<p class=\"wp-block-paragraph\">A conquista no Real Estate Awards representa, portanto, um novo cap\u00edtulo para uma empresa que come\u00e7ou regionalmente e agora busca consolidar sua presen\u00e7a em escala nacional.<\/p>\n","protected":false},"excerpt":{"rendered":"<p>Fam\u00edlia do Cons\u00f3rcio conquista reconhecimento nacional A Fam\u00edlia do Cons\u00f3rcio, de Itapiranga e S\u00e3o Miguel do Oeste, conquistou o primeiro lugar na categoria Cons\u00f3rcio Imobili\u00e1rio do Ano do Real Estate Awards, realizado em S\u00e3o Paulo. A premia\u00e7\u00e3o contou com vota\u00e7\u00e3o popular e, segundo a organiza\u00e7\u00e3o e os n\u00fameros apresentados durante a campanha, ultrapassou 230 mil<\/p>\n","protected":false},"author":1,"featured_media":9868,"comment_status":"open","ping_status":"open","sticky":false,"template":"","format":"standard","meta":{"footnotes":""},"categories":[41],"tags":[],"class_list":["post-9867","post","type-post","status-publish","format-standard","has-post-thumbnail","category-noticias"],"_links":{"self":[{"href":"https:\/\/noticiarioregional.com.br\/index.php?rest_route=\/wp\/v2\/posts\/9867","targetHints":{"allow":["GET"]}}],"collection":[{"href":"https:\/\/noticiarioregional.com.br\/index.php?rest_route=\/wp\/v2\/posts"}],"about":[{"href":"https:\/\/noticiarioregional.com.br\/index.php?rest_route=\/wp\/v2\/types\/post"}],"author":[{"embeddable":true,"href":"https:\/\/noticiarioregional.com.br\/index.php?rest_route=\/wp\/v2\/users\/1"}],"replies":[{"embeddable":true,"href":"https:\/\/noticiarioregional.com.br\/index.php?rest_route=%2Fwp%2Fv2%2Fcomments&post=9867"}],"version-history":[{"count":1,"href":"https:\/\/noticiarioregional.com.br\/index.php?rest_route=\/wp\/v2\/posts\/9867\/revisions"}],"predecessor-version":[{"id":9869,"href":"https:\/\/noticiarioregional.com.br\/index.php?rest_route=\/wp\/v2\/posts\/9867\/revisions\/9869"}],"wp:featuredmedia":[{"embeddable":true,"href":"https:\/\/noticiarioregional.com.br\/index.php?rest_route=\/wp\/v2\/media\/9868"}],"wp:attachment":[{"href":"https:\/\/noticiarioregional.com.br\/index.php?rest_route=%2Fwp%2Fv2%2Fmedia&parent=9867"}],"wp:term":[{"taxonomy":"category","embeddable":true,"href":"https:\/\/noticiarioregional.com.br\/index.php?rest_route=%2Fwp%2Fv2%2Fcategories&post=9867"},{"taxonomy":"post_tag","embeddable":true,"href":"https:\/\/noticiarioregional.com.br\/index.php?rest_route=%2Fwp%2Fv2%2Ftags&post=9867"}],"curies":[{"name":"wp","href":"https:\/\/api.w.org\/{rel}","templated":true}]}}