{"id":9870,"date":"2026-08-19T11:20:16","date_gmt":"2026-08-19T14:20:16","guid":{"rendered":"https:\/\/noticiarioregional.com.br\/?p=9870"},"modified":"2026-08-18T11:23:48","modified_gmt":"2026-08-18T14:23:48","slug":"hospital-santa-casa-rural-registra-incremento-no-atendimento-de-especialidades","status":"publish","type":"post","link":"https:\/\/noticiarioregional.com.br\/?p=9870","title":{"rendered":"Hospital Santa Casa Rural registra incremento no atendimento de especialidades"},"content":{"rendered":"\n<p class=\"wp-block-paragraph\"><em>N\u00famero \u00e9 30% maior na compara\u00e7\u00e3o com o primeiro semestre do ano passado<\/em><\/p>\n\n\n\n<p class=\"wp-block-paragraph\">A diretora do hospital, M\u00f4nica Canton, destaca que de janeiro a junho de 2026 o n\u00famero de atendimentos no pronto socorro chegou aos 3.245, mantendo a m\u00e9dia do mesmo per\u00edodo do ano passado. J\u00e1 no ambulat\u00f3rio de especialidades foram 2.373 atendimentos, n\u00famero 30% maior na compara\u00e7\u00e3o com o primeiro semestre de 2025. A diretora comenta que esse aumento se deve em fun\u00e7\u00e3o do incremento na agenda de algumas especialidades, como neurologia e cardiologia, em que foi atendido n\u00famero maior de pacientes para suprir a demanda. Nas especialidades tamb\u00e9m se enquadram atendimentos de psicologia, cl\u00ednica m\u00e9dica, cirurgias gerais, pequenos procedimentos, otorrinolaringologia, ortopedia e urologia.<\/p>\n\n\n\n<p class=\"wp-block-paragraph\">Nestes primeiros seis meses do ano, M\u00f4nica cita que foram realizadas 256 cirurgias e 131 interna\u00e7\u00f5es cl\u00ednicas, totalizando 387 interna\u00e7\u00f5es. No in\u00edcio do ano o hospital investiu na compra de materiais cir\u00fargicos, e segundo a diretora, um dos focos do trabalho \u00e9 a realiza\u00e7\u00e3o de cirurgias, tanto para manter a meta que o hospital deve cumprir junto ao estado, mas tamb\u00e9m para atender a demanda apresentada pelos pacientes. Nos exames de Raio X realizados pelo hospital no per\u00edodo, foram 722 exames.<\/p>\n\n\n\n<p class=\"wp-block-paragraph\">Em rela\u00e7\u00e3o as demais atividades promovidas pelo hospital em parceria com as entidades da comunidade, esteve a 1\u00aa Jornada da Sa\u00fade no m\u00eas de abril alusivo ao Dia da Sa\u00fade, o Dog\u00e3o do Hospital em fevereiro e no final de junho o almo\u00e7o em comemora\u00e7\u00e3o aos 73 anos de funda\u00e7\u00e3o do Instituto de Assist\u00eancia Educa\u00e7\u00e3o S\u00e3o Jo\u00e3o, o hospital Santa Casa Rural.<\/p>\n\n\n\n<p class=\"wp-block-paragraph\">No Dog\u00e3o a diretora ressalta que o hospital obteve um lucro de R$ 9,6 mil, valor j\u00e1 investido em melhorias gerais da estrutura f\u00edsica. E no almo\u00e7o de junho, o valor obtido foi de quase R$ 14 mil, recurso que ser\u00e1 aplicado no projeto denominado de Inova Sant\u00e9, que consiste na pintura e revitaliza\u00e7\u00e3o dos quartos de interna\u00e7\u00e3o. M\u00f4nica enfatiza que a promo\u00e7\u00e3o destes eventos conta com importantes doa\u00e7\u00f5es da comunidade e empresas parceiras, al\u00e9m da contribui\u00e7\u00e3o essencial da diretoria e colaboradores do hospital.<\/p>\n\n\n\n<p class=\"wp-block-paragraph\">Para o segundo semestre, a diretora antecipa que j\u00e1 est\u00e3o sendo organizadas atividades voltadas ao p\u00fablico relacionadas ao Setembro Amarelo, Outubro Rosa e Novembro Azul. M\u00f4nica enaltece que nestes quase quatro anos em que o Instituto Sant\u00e9 assumiu a gest\u00e3o do hospital, a dire\u00e7\u00e3o tem buscado fortalecer o v\u00ednculo com a comunidade por meio de v\u00e1rias a\u00e7\u00f5es promovidas, bem como, ampliando os atendimentos e servi\u00e7os prestados, com foco no atendimento as demandas e consequentemente na manuten\u00e7\u00e3o da institui\u00e7\u00e3o. <em>\u201cO resultado positivo do lucro que temos nos eventos \u00e9 tamb\u00e9m pelo envolvimento da comunidade que participa no almo\u00e7o e nas a\u00e7\u00f5es promovidas. Trabalhamos muito com a transpar\u00eancia, de mostrar o que est\u00e1 sendo feito, para que as pessoas se sintam parte da entidade. Assim, estamos sempre pensando em projetos futuros e no que podemos oferecer de melhor para a popula\u00e7\u00e3o\u201d,<\/em> acrescenta M\u00f4nica.<\/p>\n\n\n\n<p class=\"wp-block-paragraph\"><\/p>\n","protected":false},"excerpt":{"rendered":"<p>N\u00famero \u00e9 30% maior na compara\u00e7\u00e3o com o primeiro semestre do ano passado A diretora do hospital, M\u00f4nica Canton, destaca que de janeiro a junho de 2026 o n\u00famero de atendimentos no pronto socorro chegou aos 3.245, mantendo a m\u00e9dia do mesmo per\u00edodo do ano passado. J\u00e1 no ambulat\u00f3rio de especialidades foram 2.373 atendimentos, n\u00famero<\/p>\n","protected":false},"author":1,"featured_media":9871,"comment_status":"open","ping_status":"open","sticky":false,"template":"","format":"standard","meta":{"footnotes":""},"categories":[41],"tags":[],"class_list":["post-9870","post","type-post","status-publish","format-standard","has-post-thumbnail","category-noticias"],"_links":{"self":[{"href":"https:\/\/noticiarioregional.com.br\/index.php?rest_route=\/wp\/v2\/posts\/9870","targetHints":{"allow":["GET"]}}],"collection":[{"href":"https:\/\/noticiarioregional.com.br\/index.php?rest_route=\/wp\/v2\/posts"}],"about":[{"href":"https:\/\/noticiarioregional.com.br\/index.php?rest_route=\/wp\/v2\/types\/post"}],"author":[{"embeddable":true,"href":"https:\/\/noticiarioregional.com.br\/index.php?rest_route=\/wp\/v2\/users\/1"}],"replies":[{"embeddable":true,"href":"https:\/\/noticiarioregional.com.br\/index.php?rest_route=%2Fwp%2Fv2%2Fcomments&post=9870"}],"version-history":[{"count":1,"href":"https:\/\/noticiarioregional.com.br\/index.php?rest_route=\/wp\/v2\/posts\/9870\/revisions"}],"predecessor-version":[{"id":9872,"href":"https:\/\/noticiarioregional.com.br\/index.php?rest_route=\/wp\/v2\/posts\/9870\/revisions\/9872"}],"wp:featuredmedia":[{"embeddable":true,"href":"https:\/\/noticiarioregional.com.br\/index.php?rest_route=\/wp\/v2\/media\/9871"}],"wp:attachment":[{"href":"https:\/\/noticiarioregional.com.br\/index.php?rest_route=%2Fwp%2Fv2%2Fmedia&parent=9870"}],"wp:term":[{"taxonomy":"category","embeddable":true,"href":"https:\/\/noticiarioregional.com.br\/index.php?rest_route=%2Fwp%2Fv2%2Fcategories&post=9870"},{"taxonomy":"post_tag","embeddable":true,"href":"https:\/\/noticiarioregional.com.br\/index.php?rest_route=%2Fwp%2Fv2%2Ftags&post=9870"}],"curies":[{"name":"wp","href":"https:\/\/api.w.org\/{rel}","templated":true}]}}