{"id":9876,"date":"2026-08-20T11:26:20","date_gmt":"2026-08-20T14:26:20","guid":{"rendered":"https:\/\/noticiarioregional.com.br\/?p=9876"},"modified":"2026-08-18T11:28:02","modified_gmt":"2026-08-18T14:28:02","slug":"sindicato-orienta-produtores-sobre-prazo-para-entrega-da-declaracao-do-itr-2026","status":"publish","type":"post","link":"https:\/\/noticiarioregional.com.br\/?p=9876","title":{"rendered":"Sindicato orienta produtores sobre prazo para entrega da declara\u00e7\u00e3o do ITR 2026"},"content":{"rendered":"\n<p class=\"wp-block-paragraph\">Com o in\u00edcio do per\u00edodo para envio da Declara\u00e7\u00e3o do Imposto sobre a Propriedade Territorial Rural, DITR, 2026, o Sindicato dos Trabalhadores Rurais Agricultores Familiares de Ipor\u00e3 do Oeste est\u00e1 orientando os propriet\u00e1rios e possuidores de im\u00f3veis rurais sobre o prazo para a entrega, do dia 10 de agosto at\u00e9 dia 30 de setembro de 2026. A entrega \u00e9 obrigat\u00f3ria para pessoas f\u00edsicas e jur\u00eddicas propriet\u00e1rias, titulares do dom\u00ednio \u00fatil ou possuidoras de im\u00f3vel rural, exceto nos casos de imunidade ou isen\u00e7\u00e3o previstos em lei.<\/p>\n\n\n\n<p class=\"wp-block-paragraph\">A DITR \u00e9 a declara\u00e7\u00e3o utilizada para informar \u00e0 Receita Federal os dados do im\u00f3vel rural e apurar o valor do Imposto sobre a Propriedade Territorial Rural (ITR), quando devido. Al\u00e9m de manter a regularidade fiscal do propriet\u00e1rio, a declara\u00e7\u00e3o \u00e9 necess\u00e1ria para diversos procedimentos envolvendo o im\u00f3vel, como financiamentos rurais, transfer\u00eancia de propriedade e atualiza\u00e7\u00e3o cadastral.<\/p>\n\n\n\n<p class=\"wp-block-paragraph\">O Sindicato lembra aos agricultores que realizaram o georreferenciamento da propriedade que \u00e9 necess\u00e1rio apresentar a escritura do im\u00f3vel para atualiza\u00e7\u00e3o dos dados cadastrais antes da elabora\u00e7\u00e3o da declara\u00e7\u00e3o.<\/p>\n\n\n\n<p class=\"wp-block-paragraph\">Outra orienta\u00e7\u00e3o \u00e9 para os produtores que j\u00e1 realizam a DITR por meio do Sindicato. Nesses casos, a declara\u00e7\u00e3o ser\u00e1 elaborada automaticamente pela equipe da entidade. A partir de setembro, o produtor dever\u00e1 apenas comparecer no Sindicato para retirar o documento e efetuar o pagamento do servi\u00e7o. Al\u00e9m de oferecer seguran\u00e7a e praticidade, o atendimento do Sindicato garante que a declara\u00e7\u00e3o seja realizada dentro do prazo, evitando multas por atraso e proporcionando mais tranquilidade ao produtor rural.<\/p>\n","protected":false},"excerpt":{"rendered":"<p>Com o in\u00edcio do per\u00edodo para envio da Declara\u00e7\u00e3o do Imposto sobre a Propriedade Territorial Rural, DITR, 2026, o Sindicato dos Trabalhadores Rurais Agricultores Familiares de Ipor\u00e3 do Oeste est\u00e1 orientando os propriet\u00e1rios e possuidores de im\u00f3veis rurais sobre o prazo para a entrega, do dia 10 de agosto at\u00e9 dia 30 de setembro de<\/p>\n","protected":false},"author":1,"featured_media":9877,"comment_status":"open","ping_status":"open","sticky":false,"template":"","format":"standard","meta":{"footnotes":""},"categories":[41],"tags":[],"class_list":["post-9876","post","type-post","status-publish","format-standard","has-post-thumbnail","category-noticias"],"_links":{"self":[{"href":"https:\/\/noticiarioregional.com.br\/index.php?rest_route=\/wp\/v2\/posts\/9876","targetHints":{"allow":["GET"]}}],"collection":[{"href":"https:\/\/noticiarioregional.com.br\/index.php?rest_route=\/wp\/v2\/posts"}],"about":[{"href":"https:\/\/noticiarioregional.com.br\/index.php?rest_route=\/wp\/v2\/types\/post"}],"author":[{"embeddable":true,"href":"https:\/\/noticiarioregional.com.br\/index.php?rest_route=\/wp\/v2\/users\/1"}],"replies":[{"embeddable":true,"href":"https:\/\/noticiarioregional.com.br\/index.php?rest_route=%2Fwp%2Fv2%2Fcomments&post=9876"}],"version-history":[{"count":1,"href":"https:\/\/noticiarioregional.com.br\/index.php?rest_route=\/wp\/v2\/posts\/9876\/revisions"}],"predecessor-version":[{"id":9878,"href":"https:\/\/noticiarioregional.com.br\/index.php?rest_route=\/wp\/v2\/posts\/9876\/revisions\/9878"}],"wp:featuredmedia":[{"embeddable":true,"href":"https:\/\/noticiarioregional.com.br\/index.php?rest_route=\/wp\/v2\/media\/9877"}],"wp:attachment":[{"href":"https:\/\/noticiarioregional.com.br\/index.php?rest_route=%2Fwp%2Fv2%2Fmedia&parent=9876"}],"wp:term":[{"taxonomy":"category","embeddable":true,"href":"https:\/\/noticiarioregional.com.br\/index.php?rest_route=%2Fwp%2Fv2%2Fcategories&post=9876"},{"taxonomy":"post_tag","embeddable":true,"href":"https:\/\/noticiarioregional.com.br\/index.php?rest_route=%2Fwp%2Fv2%2Ftags&post=9876"}],"curies":[{"name":"wp","href":"https:\/\/api.w.org\/{rel}","templated":true}]}}