{"id":9879,"date":"2026-08-18T11:33:16","date_gmt":"2026-08-18T14:33:16","guid":{"rendered":"https:\/\/noticiarioregional.com.br\/?p=9879"},"modified":"2026-08-18T11:35:47","modified_gmt":"2026-08-18T14:35:47","slug":"semana-nacional-da-pessoa-com-deficiencia-intelectual-e-multipla-reforca-envolvimento-e-valorizacao-das-familias","status":"publish","type":"post","link":"https:\/\/noticiarioregional.com.br\/?p=9879","title":{"rendered":"Semana Nacional da Pessoa com Defici\u00eancia Intelectual e M\u00faltipla refor\u00e7a envolvimento e valoriza\u00e7\u00e3o das fam\u00edlias"},"content":{"rendered":"\n<p class=\"wp-block-paragraph\"><em>Tema da Semana Nacional de 2026 \u00e9 \u201cDefici\u00eancia n\u00e3o define, oportunidade transforma, inclua nossa voz\u201d<\/em><\/p>\n\n\n\n<p class=\"wp-block-paragraph\">Agosto \u00e9 um m\u00eas de muitas atividades na APAE\/CAESP Caminho de Luz. Alusivo a Semana Nacional da Pessoa com Defici\u00eancia Intelectual e M\u00faltipla, comemorada anualmente de 21 a 28 de agosto, v\u00e1rias a\u00e7\u00f5es ser\u00e3o realizadas durante todo o m\u00eas. A diretora, Cristiana Schroder, destaca que como o objetivo da Semana Nacional deste ano \u00e9 aproximar as fam\u00edlias e fortalecer o v\u00ednculo, a primeira atividade realizada na \u00faltima semana, na ter\u00e7a-feira, 11, foi uma roda de conversa com as m\u00e3es, em que foram abordados temas como a import\u00e2ncia da APAE para o desenvolvimento dos filhos ou familiares.<\/p>\n\n\n\n<p class=\"wp-block-paragraph\">Tamb\u00e9m para envolver as fam\u00edlias, no dia 26 de agosto a diretora cita que ser\u00e1 realizado o culto ecum\u00eanico, com a participa\u00e7\u00e3o das diferentes religi\u00f5es do munic\u00edpio. O culto inicia \u00e0s 19h, tendo como local a \u00e1rea coberta da Rua Baldu\u00edno Wandscheer. Outro evento ser\u00e1 o piquenique com as fam\u00edlias, com data a ser definida, sendo um momento de intera\u00e7\u00e3o e confraterniza\u00e7\u00e3o. Tamb\u00e9m com data e local a serem definidos, em agosto ser\u00e1 realizado o interc\u00e2mbio das APAEs do Vale do Uruguai. No s\u00e1bado, 15, a APAE\/CAESP Caminho de Luz promoveu o j\u00e1 tradicional entrevero, na 3\u00aa edi\u00e7\u00e3o. <\/p>\n\n\n\n<p class=\"wp-block-paragraph\">Este m\u00eas tamb\u00e9m \u00e9 comemorado o Agosto Laranja, voltado a promo\u00e7\u00e3o da sa\u00fade. Alusivo a esta programa\u00e7\u00e3o ser\u00e1 realizada nesta quarta-feira, 19 de agosto, a Caminhada do Agosto Laranja. A atividade ser\u00e1 em parceria com a secretaria de Sa\u00fade, CRAS e escolas. O in\u00edcio ser\u00e1 \u00e0s 8h30, com alongamento na \u00e1rea coberta, seguindo com a caminhada e finalizando com Yoga. Tamb\u00e9m para proporcionar a confraterniza\u00e7\u00e3o entre os alunos na escola, a APAE ir\u00e1 promover um momento especial de apresenta\u00e7\u00e3o da dupla Felipe e Fernando Borba com os alunos das oficinas do INDACI.<\/p>\n\n\n\n<p class=\"wp-block-paragraph\">A diretora Cristiana comenta que assim como est\u00e1 sendo agosto, o segundo semestre ser\u00e1 de muitas atividades. Para o dia 17 de setembro j\u00e1 est\u00e1 previsto o interc\u00e2mbio regional das APAEs, que ser\u00e1 sediado pela APAE de Ipor\u00e3 do Oeste. Cita tamb\u00e9m as forma\u00e7\u00f5es continuadas com a equipe de profissionais, importantes para incrementar o conhecimento, planejar as a\u00e7\u00f5es e fortalecer o trabalho em prol dos educandos.<\/p>\n","protected":false},"excerpt":{"rendered":"<p>Tema da Semana Nacional de 2026 \u00e9 \u201cDefici\u00eancia n\u00e3o define, oportunidade transforma, inclua nossa voz\u201d Agosto \u00e9 um m\u00eas de muitas atividades na APAE\/CAESP Caminho de Luz. Alusivo a Semana Nacional da Pessoa com Defici\u00eancia Intelectual e M\u00faltipla, comemorada anualmente de 21 a 28 de agosto, v\u00e1rias a\u00e7\u00f5es ser\u00e3o realizadas durante todo o m\u00eas. A<\/p>\n","protected":false},"author":1,"featured_media":9880,"comment_status":"open","ping_status":"open","sticky":false,"template":"","format":"standard","meta":{"footnotes":""},"categories":[41,1],"tags":[],"class_list":["post-9879","post","type-post","status-publish","format-standard","has-post-thumbnail","category-noticias","category-sem-categoria"],"_links":{"self":[{"href":"https:\/\/noticiarioregional.com.br\/index.php?rest_route=\/wp\/v2\/posts\/9879","targetHints":{"allow":["GET"]}}],"collection":[{"href":"https:\/\/noticiarioregional.com.br\/index.php?rest_route=\/wp\/v2\/posts"}],"about":[{"href":"https:\/\/noticiarioregional.com.br\/index.php?rest_route=\/wp\/v2\/types\/post"}],"author":[{"embeddable":true,"href":"https:\/\/noticiarioregional.com.br\/index.php?rest_route=\/wp\/v2\/users\/1"}],"replies":[{"embeddable":true,"href":"https:\/\/noticiarioregional.com.br\/index.php?rest_route=%2Fwp%2Fv2%2Fcomments&post=9879"}],"version-history":[{"count":2,"href":"https:\/\/noticiarioregional.com.br\/index.php?rest_route=\/wp\/v2\/posts\/9879\/revisions"}],"predecessor-version":[{"id":9882,"href":"https:\/\/noticiarioregional.com.br\/index.php?rest_route=\/wp\/v2\/posts\/9879\/revisions\/9882"}],"wp:featuredmedia":[{"embeddable":true,"href":"https:\/\/noticiarioregional.com.br\/index.php?rest_route=\/wp\/v2\/media\/9880"}],"wp:attachment":[{"href":"https:\/\/noticiarioregional.com.br\/index.php?rest_route=%2Fwp%2Fv2%2Fmedia&parent=9879"}],"wp:term":[{"taxonomy":"category","embeddable":true,"href":"https:\/\/noticiarioregional.com.br\/index.php?rest_route=%2Fwp%2Fv2%2Fcategories&post=9879"},{"taxonomy":"post_tag","embeddable":true,"href":"https:\/\/noticiarioregional.com.br\/index.php?rest_route=%2Fwp%2Fv2%2Ftags&post=9879"}],"curies":[{"name":"wp","href":"https:\/\/api.w.org\/{rel}","templated":true}]}}